{"id":62762,"date":"2026-09-03T14:23:40","date_gmt":"2026-09-03T20:23:40","guid":{"rendered":"https:\/\/cuernavaca.gob.mx\/?p=62762"},"modified":"2026-09-04T09:30:09","modified_gmt":"2026-09-04T15:30:09","slug":"b1497-03-09-26-llama-jose-luis-uriostegui-a-hacer-de-la-prevencion-del-delito-una-tarea-de-toda-la-comunidad","status":"publish","type":"post","link":"https:\/\/cuernavaca.gob.mx\/?p=62762","title":{"rendered":"B1497 03\/09\/26 LLAMA JOS\u00c9 LUIS URI\u00d3STEGUI A HACER DE LA PREVENCI\u00d3N DEL DELITO UNA TAREA DE TODA LA COMUNIDAD"},"content":{"rendered":"<p><strong>* Durante la Cuarta Sesi\u00f3n del Consejo Municipal de Seguridad P\u00fablica, el alcalde se\u00f1al\u00f3 que la prevenci\u00f3n no es solo un tema de polic\u00edas, sino tambi\u00e9n de comunidad<\/strong><\/p>\n<p>El alcalde de Cuernavaca, Jos\u00e9 Luis Uri\u00f3stegui Salgado, encabez\u00f3 este jueves la Cuarta Sesi\u00f3n Ordinaria del Consejo Municipal de Seguridad P\u00fablica, donde llam\u00f3 a hacer de la prevenci\u00f3n del delito una tarea compartida entre autoridades y ciudadan\u00eda, al se\u00f1alar que cuando las comunidades participan en la atenci\u00f3n de sus problem\u00e1ticas comunes, los resultados pueden ser m\u00e1s eficaces.<\/p>\n<p>En la sesi\u00f3n, celebrada en el Museo de la Ciudad de Cuernavaca, el secretario de Protecci\u00f3n y Auxilio Ciudadano, Pablo Aguilera Casados; el secretario ejecutivo del Consejo Municipal de Seguridad P\u00fablica, Joan Christian Carmona Bar\u00f3n; y la directora general del Instituto de la Mujer de Cuernavaca, Lorena Castillo Castillo, presentaron informes sobre las acciones realizadas durante junio y julio de 2026 en materia de prevenci\u00f3n del delito, seguridad p\u00fablica, \u00edndices delictivos y atenci\u00f3n de la violencia contra las mujeres.<\/p>\n<p>Como parte de la revisi\u00f3n de los resultados, se inform\u00f3 que, de acuerdo con la Encuesta Nacional de Seguridad P\u00fablica Urbana (ENSU) del INEGI, correspondiente al segundo trimestre de 2026, la percepci\u00f3n social sobre inseguridad p\u00fablica en Cuernavaca se ubic\u00f3 en 79.8 por ciento durante junio, cuatro puntos porcentuales menos respecto al mismo periodo del a\u00f1o anterior. Ante este resultado, Uri\u00f3stegui Salgado se\u00f1al\u00f3 que, aunque representa un avance, no es motivo de conformidad, por lo que se debe mantener una evaluaci\u00f3n permanente y el trabajo coordinado para que las personas puedan sentirse seguras de realizar sus actividades cotidianas con la certeza de regresar con bien a sus hogares.<\/p>\n<p>En este sentido, el alcalde resalt\u00f3 el papel del Consejo Municipal de Seguridad P\u00fablica como espacio para dar seguimiento a los resultados y sumar las perspectivas de instituciones y ciudadan\u00eda. Se\u00f1al\u00f3 que tambi\u00e9n es necesario acercar a la poblaci\u00f3n informaci\u00f3n sobre los programas de prevenci\u00f3n que aplican los tres \u00f3rdenes de gobierno y propiciar una participaci\u00f3n m\u00e1s activa de las Redes de Mujeres Constructoras de Paz (MUCPAZ), los Comit\u00e9s de Vigilancia Vecinal (COMVIVE) y los Comit\u00e9s Especiales, integrados por representantes vecinales que trabajan de manera coordinada con el municipio.<\/p>\n<p>Uri\u00f3stegui Salgado explic\u00f3 que esta visi\u00f3n de la prevenci\u00f3n involucra a distintas \u00e1reas de la administraci\u00f3n municipal, por lo que participan de manera permanente en el Consejo la secretaria de Desarrollo Humano y Participaci\u00f3n Social, Sandra Pinz\u00f3n S\u00e1nchez, por su vinculaci\u00f3n con programas sociales y la Secretar\u00eda de Desarrollo Sustentable y Servicios P\u00fablicos, encabezada por Ren\u00e9 Casta\u00f1eda G\u00f3mez, debido a que servicios como el alumbrado, la limpieza y la atenci\u00f3n de espacios p\u00fablicos tambi\u00e9n inciden en las condiciones de seguridad y en la percepci\u00f3n de la poblaci\u00f3n.<\/p>\n<p>Finalmente, Jos\u00e9 Luis Uri\u00f3stegui agradeci\u00f3 la participaci\u00f3n de las y los integrantes del Consejo y reiter\u00f3 que la seguridad requiere un trabajo permanente entre autoridades y ciudadan\u00eda, con la participaci\u00f3n de las comunidades en la prevenci\u00f3n y en la construcci\u00f3n de entornos m\u00e1s seguros.<\/p>\n\n\t\t<style type=\"text\/css\">\n\t\t\t#gallery-1 {\n\t\t\t\tmargin: auto;\n\t\t\t}\n\t\t\t#gallery-1 .gallery-item {\n\t\t\t\tfloat: left;\n\t\t\t\tmargin-top: 10px;\n\t\t\t\ttext-align: center;\n\t\t\t\twidth: 33%;\n\t\t\t}\n\t\t\t#gallery-1 img {\n\t\t\t\tborder: 2px solid #cfcfcf;\n\t\t\t}\n\t\t\t#gallery-1 .gallery-caption {\n\t\t\t\tmargin-left: 0;\n\t\t\t}\n\t\t\t\/* see gallery_shortcode() in wp-includes\/media.php *\/\n\t\t<\/style>\n\t\t<div id='gallery-1' class='gallery galleryid-62762 gallery-columns-3 gallery-size-thumbnail'><dl class='gallery-item'>\n\t\t\t<dt class='gallery-icon landscape'>\n\t\t\t\t<a href='https:\/\/cuernavaca.gob.mx\/?attachment_id=62763'><img width=\"150\" height=\"150\" src=\"https:\/\/cuernavaca.gob.mx\/wp-content\/uploads\/2026\/09\/LLAMA-JOSE\u0301-LUIS-URIO\u0301STEGUI-A-HACER-DE-LA-PREVENCIO\u0301N-DEL-DELITO-UNA-TAREA-DE-TODA-LA-COMUNIDAD-1-150x150.jpg\" class=\"attachment-thumbnail size-thumbnail\" alt=\"\" loading=\"lazy\" \/><\/a>\n\t\t\t<\/dt><\/dl><dl class='gallery-item'>\n\t\t\t<dt class='gallery-icon landscape'>\n\t\t\t\t<a href='https:\/\/cuernavaca.gob.mx\/?attachment_id=62764'><img width=\"150\" height=\"150\" src=\"https:\/\/cuernavaca.gob.mx\/wp-content\/uploads\/2026\/09\/LLAMA-JOSE\u0301-LUIS-URIO\u0301STEGUI-A-HACER-DE-LA-PREVENCIO\u0301N-DEL-DELITO-UNA-TAREA-DE-TODA-LA-COMUNIDAD-2-150x150.jpg\" class=\"attachment-thumbnail size-thumbnail\" alt=\"\" loading=\"lazy\" \/><\/a>\n\t\t\t<\/dt><\/dl><dl class='gallery-item'>\n\t\t\t<dt class='gallery-icon landscape'>\n\t\t\t\t<a href='https:\/\/cuernavaca.gob.mx\/?attachment_id=62765'><img width=\"150\" height=\"150\" src=\"https:\/\/cuernavaca.gob.mx\/wp-content\/uploads\/2026\/09\/LLAMA-JOSE\u0301-LUIS-URIO\u0301STEGUI-A-HACER-DE-LA-PREVENCIO\u0301N-DEL-DELITO-UNA-TAREA-DE-TODA-LA-COMUNIDAD-3-150x150.jpg\" class=\"attachment-thumbnail size-thumbnail\" alt=\"\" loading=\"lazy\" \/><\/a>\n\t\t\t<\/dt><\/dl><br style=\"clear: both\" \/><dl class='gallery-item'>\n\t\t\t<dt class='gallery-icon landscape'>\n\t\t\t\t<a href='https:\/\/cuernavaca.gob.mx\/?attachment_id=62766'><img width=\"150\" height=\"150\" src=\"https:\/\/cuernavaca.gob.mx\/wp-content\/uploads\/2026\/09\/LLAMA-JOSE\u0301-LUIS-URIO\u0301STEGUI-A-HACER-DE-LA-PREVENCIO\u0301N-DEL-DELITO-UNA-TAREA-DE-TODA-LA-COMUNIDAD-4-150x150.jpg\" class=\"attachment-thumbnail size-thumbnail\" alt=\"\" loading=\"lazy\" \/><\/a>\n\t\t\t<\/dt><\/dl><dl class='gallery-item'>\n\t\t\t<dt class='gallery-icon landscape'>\n\t\t\t\t<a href='https:\/\/cuernavaca.gob.mx\/?attachment_id=62767'><img width=\"150\" height=\"150\" src=\"https:\/\/cuernavaca.gob.mx\/wp-content\/uploads\/2026\/09\/LLAMA-JOSE\u0301-LUIS-URIO\u0301STEGUI-A-HACER-DE-LA-PREVENCIO\u0301N-DEL-DELITO-UNA-TAREA-DE-TODA-LA-COMUNIDAD-5-150x150.jpg\" class=\"attachment-thumbnail size-thumbnail\" alt=\"\" loading=\"lazy\" \/><\/a>\n\t\t\t<\/dt><\/dl><dl class='gallery-item'>\n\t\t\t<dt class='gallery-icon landscape'>\n\t\t\t\t<a href='https:\/\/cuernavaca.gob.mx\/?attachment_id=62768'><img width=\"150\" height=\"150\" src=\"https:\/\/cuernavaca.gob.mx\/wp-content\/uploads\/2026\/09\/LLAMA-JOSE\u0301-LUIS-URIO\u0301STEGUI-A-HACER-DE-LA-PREVENCIO\u0301N-DEL-DELITO-UNA-TAREA-DE-TODA-LA-COMUNIDAD-6-150x150.jpg\" class=\"attachment-thumbnail size-thumbnail\" alt=\"\" loading=\"lazy\" \/><\/a>\n\t\t\t<\/dt><\/dl><br style=\"clear: both\" \/><dl class='gallery-item'>\n\t\t\t<dt class='gallery-icon landscape'>\n\t\t\t\t<a href='https:\/\/cuernavaca.gob.mx\/?attachment_id=62769'><img width=\"150\" height=\"150\" src=\"https:\/\/cuernavaca.gob.mx\/wp-content\/uploads\/2026\/09\/LLAMA-JOSE\u0301-LUIS-URIO\u0301STEGUI-A-HACER-DE-LA-PREVENCIO\u0301N-DEL-DELITO-UNA-TAREA-DE-TODA-LA-COMUNIDAD-7-150x150.jpg\" class=\"attachment-thumbnail size-thumbnail\" alt=\"\" loading=\"lazy\" \/><\/a>\n\t\t\t<\/dt><\/dl><dl class='gallery-item'>\n\t\t\t<dt class='gallery-icon landscape'>\n\t\t\t\t<a href='https:\/\/cuernavaca.gob.mx\/?attachment_id=62770'><img width=\"150\" height=\"150\" src=\"https:\/\/cuernavaca.gob.mx\/wp-content\/uploads\/2026\/09\/LLAMA-JOSE\u0301-LUIS-URIO\u0301STEGUI-A-HACER-DE-LA-PREVENCIO\u0301N-DEL-DELITO-UNA-TAREA-DE-TODA-LA-COMUNIDAD-8-150x150.jpg\" class=\"attachment-thumbnail size-thumbnail\" alt=\"\" loading=\"lazy\" \/><\/a>\n\t\t\t<\/dt><\/dl><dl class='gallery-item'>\n\t\t\t<dt class='gallery-icon landscape'>\n\t\t\t\t<a href='https:\/\/cuernavaca.gob.mx\/?attachment_id=62771'><img width=\"150\" height=\"150\" src=\"https:\/\/cuernavaca.gob.mx\/wp-content\/uploads\/2026\/09\/LLAMA-JOSE\u0301-LUIS-URIO\u0301STEGUI-A-HACER-DE-LA-PREVENCIO\u0301N-DEL-DELITO-UNA-TAREA-DE-TODA-LA-COMUNIDAD-9-150x150.jpg\" class=\"attachment-thumbnail size-thumbnail\" alt=\"\" loading=\"lazy\" \/><\/a>\n\t\t\t<\/dt><\/dl><br style=\"clear: both\" \/>\n\t\t<\/div>\n\n","protected":false},"excerpt":{"rendered":"<p>* Durante la Cuarta Sesi\u00f3n del Consejo Municipal de Seguridad P\u00fablica, el alcalde se\u00f1al\u00f3 que la prevenci\u00f3n no es solo un tema de polic\u00edas, sino tambi\u00e9n de comunidad El alcalde de Cuernavaca, Jos\u00e9 Luis Uri\u00f3stegui Salgado, encabez\u00f3 este jueves la Cuarta Sesi\u00f3n Ordinaria del Consejo Municipal de Seguridad P\u00fablica, donde llam\u00f3 a hacer de la [&hellip;]<\/p>\n","protected":false},"author":1,"featured_media":62771,"comment_status":"closed","ping_status":"open","sticky":false,"template":"","format":"standard","meta":[],"categories":[17],"tags":[],"aioseo_notices":[],"_links":{"self":[{"href":"https:\/\/cuernavaca.gob.mx\/index.php?rest_route=\/wp\/v2\/posts\/62762"}],"collection":[{"href":"https:\/\/cuernavaca.gob.mx\/index.php?rest_route=\/wp\/v2\/posts"}],"about":[{"href":"https:\/\/cuernavaca.gob.mx\/index.php?rest_route=\/wp\/v2\/types\/post"}],"author":[{"embeddable":true,"href":"https:\/\/cuernavaca.gob.mx\/index.php?rest_route=\/wp\/v2\/users\/1"}],"replies":[{"embeddable":true,"href":"https:\/\/cuernavaca.gob.mx\/index.php?rest_route=%2Fwp%2Fv2%2Fcomments&post=62762"}],"version-history":[{"count":1,"href":"https:\/\/cuernavaca.gob.mx\/index.php?rest_route=\/wp\/v2\/posts\/62762\/revisions"}],"predecessor-version":[{"id":62772,"href":"https:\/\/cuernavaca.gob.mx\/index.php?rest_route=\/wp\/v2\/posts\/62762\/revisions\/62772"}],"wp:featuredmedia":[{"embeddable":true,"href":"https:\/\/cuernavaca.gob.mx\/index.php?rest_route=\/wp\/v2\/media\/62771"}],"wp:attachment":[{"href":"https:\/\/cuernavaca.gob.mx\/index.php?rest_route=%2Fwp%2Fv2%2Fmedia&parent=62762"}],"wp:term":[{"taxonomy":"category","embeddable":true,"href":"https:\/\/cuernavaca.gob.mx\/index.php?rest_route=%2Fwp%2Fv2%2Fcategories&post=62762"},{"taxonomy":"post_tag","embeddable":true,"href":"https:\/\/cuernavaca.gob.mx\/index.php?rest_route=%2Fwp%2Fv2%2Ftags&post=62762"}],"curies":[{"name":"wp","href":"https:\/\/api.w.org\/{rel}","templated":true}]}}