{"id":62785,"date":"2026-09-04T15:11:34","date_gmt":"2026-09-04T21:11:34","guid":{"rendered":"https:\/\/cuernavaca.gob.mx\/?p=62785"},"modified":"2026-09-04T15:11:34","modified_gmt":"2026-09-04T21:11:34","slug":"b1500-04-09-26-seprac-asegura-vehiculo-con-detenido-por-la-probable-alteracion-en-sus-medios-de-identificacion-durante-operativo-moto-segura","status":"publish","type":"post","link":"https:\/\/cuernavaca.gob.mx\/?p=62785","title":{"rendered":"B1500 04\/09\/26 SEPRAC ASEGURA VEH\u00cdCULO CON DETENIDO POR LA PROBABLE ALTERACI\u00d3N EN SUS MEDIOS DE IDENTIFICACI\u00d3N DURANTE OPERATIVO MOTO SEGURA"},"content":{"rendered":"<p>\u2022 <strong>La telemetr\u00eda y la coordinaci\u00f3n con OCRA permitieron activar los protocolos de seguridad correspondientes y poner a disposici\u00f3n de la autoridad al conductor y la unidad<\/strong><\/p>\n<p>Durante la implementaci\u00f3n del operativo &#8220;Punto de Inspecci\u00f3n Moto Segura\u201d, realizado en coordinaci\u00f3n con la Oficina Coordinadora de Riesgos Asegurados (OCRA), elementos de la Secretar\u00eda de Protecci\u00f3n y Auxilio Ciudadano (SEPRAC), con apoyo de la unidad de telemetr\u00eda, detectaron un veh\u00edculo con probable alteraci\u00f3n en sus medios de identificaci\u00f3n.<\/p>\n<p>Al inspeccionar un Volkswagen Virtus, color rojo, con placas de circulaci\u00f3n PMP-492-E del estado de Michoac\u00e1n, la unidad de telemetr\u00eda gener\u00f3 un alertamiento, debido a que el n\u00famero de serie presentaba una alteraci\u00f3n consistente en un esmerilado tipo espejo, caracter\u00edstica que no correspond\u00eda con el proceso de fabricaci\u00f3n de origen.<\/p>\n<p>Como parte del procedimiento, el veh\u00edculo fue consultado en la Plataforma M\u00e9xico para verificar si contaba con reporte de robo. La consulta realizada con el n\u00famero de serie visible no arroj\u00f3 reporte de robo; sin embargo, ante la alteraci\u00f3n detectada en sus medios de identificaci\u00f3n, los elementos actuaron conforme a los protocolos establecidos.<\/p>\n<p>El conductor, identificado como Fredy &#8220;N&#8221;, fue detenido, mientras que el veh\u00edculo qued\u00f3 asegurado. Ambos fueron puestos a disposici\u00f3n de la Fiscal\u00eda General del Estado de Morelos, autoridad que llevar\u00e1 a cabo las investigaciones correspondientes.<\/p>\n<p>Con estas acciones, la SEPRAC refrenda su compromiso con la prevenci\u00f3n y la seguridad de la ciudadan\u00eda, mediante la implementaci\u00f3n de operativos de inspecci\u00f3n, el uso de herramientas tecnol\u00f3gicas y la coordinaci\u00f3n con instituciones especializadas para detectar veh\u00edculos que pudieran estar relacionados con alg\u00fan hecho delictivo.<\/p>\n\n\t\t<style type=\"text\/css\">\n\t\t\t#gallery-1 {\n\t\t\t\tmargin: auto;\n\t\t\t}\n\t\t\t#gallery-1 .gallery-item {\n\t\t\t\tfloat: left;\n\t\t\t\tmargin-top: 10px;\n\t\t\t\ttext-align: center;\n\t\t\t\twidth: 33%;\n\t\t\t}\n\t\t\t#gallery-1 img {\n\t\t\t\tborder: 2px solid #cfcfcf;\n\t\t\t}\n\t\t\t#gallery-1 .gallery-caption {\n\t\t\t\tmargin-left: 0;\n\t\t\t}\n\t\t\t\/* see gallery_shortcode() in wp-includes\/media.php *\/\n\t\t<\/style>\n\t\t<div id='gallery-1' class='gallery galleryid-62785 gallery-columns-3 gallery-size-thumbnail'><dl class='gallery-item'>\n\t\t\t<dt class='gallery-icon landscape'>\n\t\t\t\t<a href='https:\/\/cuernavaca.gob.mx\/?attachment_id=62786'><img width=\"150\" height=\"150\" src=\"https:\/\/cuernavaca.gob.mx\/wp-content\/uploads\/2026\/09\/SEPRAC-ASEGURA-VEHI\u0301CULO-CON-DETENIDO-POR-LA-PROBABLE-ALTERACIO\u0301N-EN-SUS-MEDIOS-DE-IDENTIFICACIO\u0301N-DURANTE-OPERATIVO-MOTO-SEGURA-1-150x150.jpg\" class=\"attachment-thumbnail size-thumbnail\" alt=\"\" loading=\"lazy\" srcset=\"https:\/\/cuernavaca.gob.mx\/wp-content\/uploads\/2026\/09\/SEPRAC-ASEGURA-VEHI\u0301CULO-CON-DETENIDO-POR-LA-PROBABLE-ALTERACIO\u0301N-EN-SUS-MEDIOS-DE-IDENTIFICACIO\u0301N-DURANTE-OPERATIVO-MOTO-SEGURA-1-150x150.jpg 150w, https:\/\/cuernavaca.gob.mx\/wp-content\/uploads\/2026\/09\/SEPRAC-ASEGURA-VEHI\u0301CULO-CON-DETENIDO-POR-LA-PROBABLE-ALTERACIO\u0301N-EN-SUS-MEDIOS-DE-IDENTIFICACIO\u0301N-DURANTE-OPERATIVO-MOTO-SEGURA-1-300x300.jpg 300w, https:\/\/cuernavaca.gob.mx\/wp-content\/uploads\/2026\/09\/SEPRAC-ASEGURA-VEHI\u0301CULO-CON-DETENIDO-POR-LA-PROBABLE-ALTERACIO\u0301N-EN-SUS-MEDIOS-DE-IDENTIFICACIO\u0301N-DURANTE-OPERATIVO-MOTO-SEGURA-1-1024x1024.jpg 1024w, https:\/\/cuernavaca.gob.mx\/wp-content\/uploads\/2026\/09\/SEPRAC-ASEGURA-VEHI\u0301CULO-CON-DETENIDO-POR-LA-PROBABLE-ALTERACIO\u0301N-EN-SUS-MEDIOS-DE-IDENTIFICACIO\u0301N-DURANTE-OPERATIVO-MOTO-SEGURA-1-768x768.jpg 768w, https:\/\/cuernavaca.gob.mx\/wp-content\/uploads\/2026\/09\/SEPRAC-ASEGURA-VEHI\u0301CULO-CON-DETENIDO-POR-LA-PROBABLE-ALTERACIO\u0301N-EN-SUS-MEDIOS-DE-IDENTIFICACIO\u0301N-DURANTE-OPERATIVO-MOTO-SEGURA-1-600x600.jpg 600w, https:\/\/cuernavaca.gob.mx\/wp-content\/uploads\/2026\/09\/SEPRAC-ASEGURA-VEHI\u0301CULO-CON-DETENIDO-POR-LA-PROBABLE-ALTERACIO\u0301N-EN-SUS-MEDIOS-DE-IDENTIFICACIO\u0301N-DURANTE-OPERATIVO-MOTO-SEGURA-1-560x560.jpg 560w, https:\/\/cuernavaca.gob.mx\/wp-content\/uploads\/2026\/09\/SEPRAC-ASEGURA-VEHI\u0301CULO-CON-DETENIDO-POR-LA-PROBABLE-ALTERACIO\u0301N-EN-SUS-MEDIOS-DE-IDENTIFICACIO\u0301N-DURANTE-OPERATIVO-MOTO-SEGURA-1.jpg 1254w\" sizes=\"(max-width: 150px) 100vw, 150px\" \/><\/a>\n\t\t\t<\/dt><\/dl><dl class='gallery-item'>\n\t\t\t<dt class='gallery-icon landscape'>\n\t\t\t\t<a href='https:\/\/cuernavaca.gob.mx\/?attachment_id=62787'><img width=\"150\" height=\"150\" src=\"https:\/\/cuernavaca.gob.mx\/wp-content\/uploads\/2026\/09\/SEPRAC-ASEGURA-VEHI\u0301CULO-CON-DETENIDO-POR-LA-PROBABLE-ALTERACIO\u0301N-EN-SUS-MEDIOS-DE-IDENTIFICACIO\u0301N-DURANTE-OPERATIVO-MOTO-SEGURA-2-150x150.jpg\" class=\"attachment-thumbnail size-thumbnail\" alt=\"\" loading=\"lazy\" srcset=\"https:\/\/cuernavaca.gob.mx\/wp-content\/uploads\/2026\/09\/SEPRAC-ASEGURA-VEHI\u0301CULO-CON-DETENIDO-POR-LA-PROBABLE-ALTERACIO\u0301N-EN-SUS-MEDIOS-DE-IDENTIFICACIO\u0301N-DURANTE-OPERATIVO-MOTO-SEGURA-2-150x150.jpg 150w, https:\/\/cuernavaca.gob.mx\/wp-content\/uploads\/2026\/09\/SEPRAC-ASEGURA-VEHI\u0301CULO-CON-DETENIDO-POR-LA-PROBABLE-ALTERACIO\u0301N-EN-SUS-MEDIOS-DE-IDENTIFICACIO\u0301N-DURANTE-OPERATIVO-MOTO-SEGURA-2-300x297.jpg 300w, https:\/\/cuernavaca.gob.mx\/wp-content\/uploads\/2026\/09\/SEPRAC-ASEGURA-VEHI\u0301CULO-CON-DETENIDO-POR-LA-PROBABLE-ALTERACIO\u0301N-EN-SUS-MEDIOS-DE-IDENTIFICACIO\u0301N-DURANTE-OPERATIVO-MOTO-SEGURA-2-600x594.jpg 600w\" sizes=\"(max-width: 150px) 100vw, 150px\" \/><\/a>\n\t\t\t<\/dt><\/dl>\n\t\t\t<br style='clear: both' \/>\n\t\t<\/div>\n\n<p>&nbsp;<\/p>\n","protected":false},"excerpt":{"rendered":"<p>\u2022 La telemetr\u00eda y la coordinaci\u00f3n con OCRA permitieron activar los protocolos de seguridad correspondientes y poner a disposici\u00f3n de la autoridad al conductor y la unidad Durante la implementaci\u00f3n del operativo &#8220;Punto de Inspecci\u00f3n Moto Segura\u201d, realizado en coordinaci\u00f3n con la Oficina Coordinadora de Riesgos Asegurados (OCRA), elementos de la Secretar\u00eda de Protecci\u00f3n y [&hellip;]<\/p>\n","protected":false},"author":1,"featured_media":62787,"comment_status":"closed","ping_status":"open","sticky":false,"template":"","format":"standard","meta":[],"categories":[17],"tags":[],"aioseo_notices":[],"_links":{"self":[{"href":"https:\/\/cuernavaca.gob.mx\/index.php?rest_route=\/wp\/v2\/posts\/62785"}],"collection":[{"href":"https:\/\/cuernavaca.gob.mx\/index.php?rest_route=\/wp\/v2\/posts"}],"about":[{"href":"https:\/\/cuernavaca.gob.mx\/index.php?rest_route=\/wp\/v2\/types\/post"}],"author":[{"embeddable":true,"href":"https:\/\/cuernavaca.gob.mx\/index.php?rest_route=\/wp\/v2\/users\/1"}],"replies":[{"embeddable":true,"href":"https:\/\/cuernavaca.gob.mx\/index.php?rest_route=%2Fwp%2Fv2%2Fcomments&post=62785"}],"version-history":[{"count":1,"href":"https:\/\/cuernavaca.gob.mx\/index.php?rest_route=\/wp\/v2\/posts\/62785\/revisions"}],"predecessor-version":[{"id":62788,"href":"https:\/\/cuernavaca.gob.mx\/index.php?rest_route=\/wp\/v2\/posts\/62785\/revisions\/62788"}],"wp:featuredmedia":[{"embeddable":true,"href":"https:\/\/cuernavaca.gob.mx\/index.php?rest_route=\/wp\/v2\/media\/62787"}],"wp:attachment":[{"href":"https:\/\/cuernavaca.gob.mx\/index.php?rest_route=%2Fwp%2Fv2%2Fmedia&parent=62785"}],"wp:term":[{"taxonomy":"category","embeddable":true,"href":"https:\/\/cuernavaca.gob.mx\/index.php?rest_route=%2Fwp%2Fv2%2Fcategories&post=62785"},{"taxonomy":"post_tag","embeddable":true,"href":"https:\/\/cuernavaca.gob.mx\/index.php?rest_route=%2Fwp%2Fv2%2Ftags&post=62785"}],"curies":[{"name":"wp","href":"https:\/\/api.w.org\/{rel}","templated":true}]}}