{"id":62790,"date":"2026-09-04T15:21:08","date_gmt":"2026-09-04T21:21:08","guid":{"rendered":"https:\/\/cuernavaca.gob.mx\/?p=62790"},"modified":"2026-09-04T15:21:08","modified_gmt":"2026-09-04T21:21:08","slug":"b1501-04-09-26-cuernavaca-apuesta-por-la-reactivacion-del-mercado-adolfo-lopez-mateos-y-la-preservacion-de-su-historia","status":"publish","type":"post","link":"https:\/\/cuernavaca.gob.mx\/?p=62790","title":{"rendered":"B1501 04\/09\/26 CUERNAVACA APUESTA POR LA REACTIVACI\u00d3N DEL MERCADO ADOLFO L\u00d3PEZ MATEOS Y LA PRESERVACI\u00d3N DE SU HISTORIA"},"content":{"rendered":"<p><strong>\u2022 Durante la presentaci\u00f3n de &#8220;Entre puestos y pasillos: cinco siglos de mercados, voces y memoria&#8221;, el alcalde Jos\u00e9 Luis Uri\u00f3stegui Salgado llam\u00f3 a recuperar los espacios comerciales del mercado y preservar su papel como principal centro de abasto de la capital morelense<\/strong><\/p>\n<p>&#8220;El Mercado Adolfo L\u00f3pez Mateos (ALM) forma parte de la historia comercial de Cuernavaca y contin\u00faa siendo un espacio fundamental para el abasto de la ciudad&#8221;, afirm\u00f3 el alcalde Jos\u00e9 Luis Uri\u00f3stegui Salgado durante la presentaci\u00f3n del libro electr\u00f3nico &#8220;Entre puestos y pasillos: cinco siglos de mercados, voces y memoria&#8221;, obra que recupera la evoluci\u00f3n de los mercados y las historias de quienes han dado vida a estos espacios.<\/p>\n<p>Ante comerciantes, investigadores y representantes del sector cultural, el presidente municipal dej\u00f3 claro que el prop\u00f3sito del Ayuntamiento no es desaparecer el mercado, sino recuperar su actividad comercial y los espacios que actualmente permanecen cerrados. Explic\u00f3 que la responsabilidad del Gobierno Municipal es generar condiciones para que los locales vuelvan a ocuparse y el comercio encuentre nuevas oportunidades para seguir siendo parte de la vida de Cuernavaca.<\/p>\n<p>Uri\u00f3stegui Salgado precis\u00f3 que la importancia del mercado va m\u00e1s all\u00e1 de sus instalaciones, ya que en sus pasillos convergen comerciantes y productores de Morelos y de otras entidades, mientras miles de familias acuden para adquirir alimentos, ropa, productos tradicionales y diversos art\u00edculos. A\u00f1adi\u00f3 que el ALM tambi\u00e9n es fuente de abasto para los ocho mercados perif\u00e9ricos de Cuernavaca, por lo que su actividad tiene impacto en distintos puntos de la ciudad.<\/p>\n<p>El presidente municipal se\u00f1al\u00f3 que detr\u00e1s de cada puesto existen familias, oficios y conocimientos que han pasado de una generaci\u00f3n a otra, por lo que preservar la actividad comercial tambi\u00e9n significa conservar parte de la identidad de la ciudad. En este sentido, record\u00f3 que el Ayuntamiento ha atendido necesidades planteadas por las y los comerciantes, como la instalaci\u00f3n de una cisterna contra incendios durante su primera administraci\u00f3n, y se\u00f1al\u00f3 que actualmente se trabaja con el Gobierno del Estado para atender los da\u00f1os ocasionados por incendios.<\/p>\n<p>La presentaci\u00f3n del libro permiti\u00f3 recuperar esa relaci\u00f3n entre comercio, territorio y memoria. Escrito por la antrop\u00f3loga Mar\u00eda de Lourdes Mel\u00e9ndez Rodr\u00edguez, &#8220;Entre puestos y pasillos: cinco siglos de mercados, voces y memoria&#8221; recorre la actividad comercial de Cuernavaca desde los primeros indicios de intercambio, incluido el tianquiztli, previo a la llegada de Hern\u00e1n Cort\u00e9s, hasta el actual Centro Comercial Presidente Adolfo L\u00f3pez Mateos.<\/p>\n<p>La obra surgi\u00f3 de la colaboraci\u00f3n entre Antropolog\u00eda de Primavera, iniciativa de investigaci\u00f3n independiente, y distintas instituciones culturales y acad\u00e9micas, entre ellas la Secretar\u00eda de Cultura del Gobierno de M\u00e9xico, mediante el Sistema de Apoyos a la Creaci\u00f3n y Proyectos Culturales, el Instituto Nacional de Antropolog\u00eda e Historia (INAH) y la Fototeca Juan Dubernard del Centro INAH Morelos. Su narrativa establece un di\u00e1logo entre fotograf\u00edas hist\u00f3ricas, registros contempor\u00e1neos realizados por fot\u00f3grafos locales y archivos familiares de comerciantes, con distintas miradas sobre la transformaci\u00f3n de los mercados y las personas que los han habitado.<\/p>\n<p>La presentaci\u00f3n estuvo acompa\u00f1ada por un conversatorio en el que participaron el director general del Centro INAH Morelos, V\u00edctor Hugo Valencia Valera; la profesora investigadora de la Universidad Aut\u00f3noma del Estado de Morelos (UAEM), Elsa Guzm\u00e1n G\u00f3mez; el secretario de la Uni\u00f3n de Comerciantes del Mercado Adolfo L\u00f3pez Mateos, Manuel Delgado Ortega, y la antrop\u00f3loga social del INAH, Arantxa Ortiz Rodr\u00edguez, como moderadora.<\/p>\n<p>Al cierre, Jos\u00e9 Luis Uri\u00f3stegui Salgado ofreci\u00f3 que el Ayuntamiento pueda apoyar con la impresi\u00f3n de ejemplares para acercar esta obra a la ciudadan\u00eda y contribuir a que la historia de los mercados y el comercio de Cuernavaca permanezcan al alcance de nuevas generaciones.<\/p>\n\n\t\t<style type=\"text\/css\">\n\t\t\t#gallery-1 {\n\t\t\t\tmargin: auto;\n\t\t\t}\n\t\t\t#gallery-1 .gallery-item {\n\t\t\t\tfloat: left;\n\t\t\t\tmargin-top: 10px;\n\t\t\t\ttext-align: center;\n\t\t\t\twidth: 33%;\n\t\t\t}\n\t\t\t#gallery-1 img {\n\t\t\t\tborder: 2px solid #cfcfcf;\n\t\t\t}\n\t\t\t#gallery-1 .gallery-caption {\n\t\t\t\tmargin-left: 0;\n\t\t\t}\n\t\t\t\/* see gallery_shortcode() in wp-includes\/media.php *\/\n\t\t<\/style>\n\t\t<div id='gallery-1' class='gallery galleryid-62790 gallery-columns-3 gallery-size-thumbnail'><dl class='gallery-item'>\n\t\t\t<dt class='gallery-icon landscape'>\n\t\t\t\t<a href='https:\/\/cuernavaca.gob.mx\/?attachment_id=62791'><img width=\"150\" height=\"150\" src=\"https:\/\/cuernavaca.gob.mx\/wp-content\/uploads\/2026\/09\/CUERNAVACA-APUESTA-POR-LA-REACTIVACIO\u0301N-DEL-MERCADO-ADOLFO-LO\u0301PEZ-MATEOS-Y-LA-PRESERVACIO\u0301N-DE-SU-HISTORIA-1-150x150.jpg\" class=\"attachment-thumbnail size-thumbnail\" alt=\"\" loading=\"lazy\" \/><\/a>\n\t\t\t<\/dt><\/dl><dl class='gallery-item'>\n\t\t\t<dt class='gallery-icon landscape'>\n\t\t\t\t<a href='https:\/\/cuernavaca.gob.mx\/?attachment_id=62792'><img width=\"150\" height=\"150\" src=\"https:\/\/cuernavaca.gob.mx\/wp-content\/uploads\/2026\/09\/CUERNAVACA-APUESTA-POR-LA-REACTIVACIO\u0301N-DEL-MERCADO-ADOLFO-LO\u0301PEZ-MATEOS-Y-LA-PRESERVACIO\u0301N-DE-SU-HISTORIA-2-150x150.jpg\" class=\"attachment-thumbnail size-thumbnail\" alt=\"\" loading=\"lazy\" \/><\/a>\n\t\t\t<\/dt><\/dl><dl class='gallery-item'>\n\t\t\t<dt class='gallery-icon landscape'>\n\t\t\t\t<a href='https:\/\/cuernavaca.gob.mx\/?attachment_id=62793'><img width=\"150\" height=\"150\" src=\"https:\/\/cuernavaca.gob.mx\/wp-content\/uploads\/2026\/09\/CUERNAVACA-APUESTA-POR-LA-REACTIVACIO\u0301N-DEL-MERCADO-ADOLFO-LO\u0301PEZ-MATEOS-Y-LA-PRESERVACIO\u0301N-DE-SU-HISTORIA-3-150x150.jpg\" class=\"attachment-thumbnail size-thumbnail\" alt=\"\" loading=\"lazy\" \/><\/a>\n\t\t\t<\/dt><\/dl><br style=\"clear: both\" \/><dl class='gallery-item'>\n\t\t\t<dt class='gallery-icon landscape'>\n\t\t\t\t<a href='https:\/\/cuernavaca.gob.mx\/?attachment_id=62794'><img width=\"150\" height=\"150\" src=\"https:\/\/cuernavaca.gob.mx\/wp-content\/uploads\/2026\/09\/CUERNAVACA-APUESTA-POR-LA-REACTIVACIO\u0301N-DEL-MERCADO-ADOLFO-LO\u0301PEZ-MATEOS-Y-LA-PRESERVACIO\u0301N-DE-SU-HISTORIA-4-150x150.jpg\" class=\"attachment-thumbnail size-thumbnail\" alt=\"\" loading=\"lazy\" \/><\/a>\n\t\t\t<\/dt><\/dl><dl class='gallery-item'>\n\t\t\t<dt class='gallery-icon landscape'>\n\t\t\t\t<a href='https:\/\/cuernavaca.gob.mx\/?attachment_id=62795'><img width=\"150\" height=\"150\" src=\"https:\/\/cuernavaca.gob.mx\/wp-content\/uploads\/2026\/09\/CUERNAVACA-APUESTA-POR-LA-REACTIVACIO\u0301N-DEL-MERCADO-ADOLFO-LO\u0301PEZ-MATEOS-Y-LA-PRESERVACIO\u0301N-DE-SU-HISTORIA-5-150x150.jpg\" class=\"attachment-thumbnail size-thumbnail\" alt=\"\" loading=\"lazy\" \/><\/a>\n\t\t\t<\/dt><\/dl><dl class='gallery-item'>\n\t\t\t<dt class='gallery-icon landscape'>\n\t\t\t\t<a href='https:\/\/cuernavaca.gob.mx\/?attachment_id=62796'><img width=\"150\" height=\"150\" src=\"https:\/\/cuernavaca.gob.mx\/wp-content\/uploads\/2026\/09\/CUERNAVACA-APUESTA-POR-LA-REACTIVACIO\u0301N-DEL-MERCADO-ADOLFO-LO\u0301PEZ-MATEOS-Y-LA-PRESERVACIO\u0301N-DE-SU-HISTORIA-6-150x150.jpg\" class=\"attachment-thumbnail size-thumbnail\" alt=\"\" loading=\"lazy\" \/><\/a>\n\t\t\t<\/dt><\/dl><br style=\"clear: both\" \/><dl class='gallery-item'>\n\t\t\t<dt class='gallery-icon landscape'>\n\t\t\t\t<a href='https:\/\/cuernavaca.gob.mx\/?attachment_id=62797'><img width=\"150\" height=\"150\" src=\"https:\/\/cuernavaca.gob.mx\/wp-content\/uploads\/2026\/09\/CUERNAVACA-APUESTA-POR-LA-REACTIVACIO\u0301N-DEL-MERCADO-ADOLFO-LO\u0301PEZ-MATEOS-Y-LA-PRESERVACIO\u0301N-DE-SU-HISTORIA-7-150x150.jpg\" class=\"attachment-thumbnail size-thumbnail\" alt=\"\" loading=\"lazy\" \/><\/a>\n\t\t\t<\/dt><\/dl><dl class='gallery-item'>\n\t\t\t<dt class='gallery-icon landscape'>\n\t\t\t\t<a href='https:\/\/cuernavaca.gob.mx\/?attachment_id=62798'><img width=\"150\" height=\"150\" src=\"https:\/\/cuernavaca.gob.mx\/wp-content\/uploads\/2026\/09\/CUERNAVACA-APUESTA-POR-LA-REACTIVACIO\u0301N-DEL-MERCADO-ADOLFO-LO\u0301PEZ-MATEOS-Y-LA-PRESERVACIO\u0301N-DE-SU-HISTORIA-8-150x150.jpg\" class=\"attachment-thumbnail size-thumbnail\" alt=\"\" loading=\"lazy\" \/><\/a>\n\t\t\t<\/dt><\/dl><dl class='gallery-item'>\n\t\t\t<dt class='gallery-icon landscape'>\n\t\t\t\t<a href='https:\/\/cuernavaca.gob.mx\/?attachment_id=62799'><img width=\"150\" height=\"150\" src=\"https:\/\/cuernavaca.gob.mx\/wp-content\/uploads\/2026\/09\/CUERNAVACA-APUESTA-POR-LA-REACTIVACIO\u0301N-DEL-MERCADO-ADOLFO-LO\u0301PEZ-MATEOS-Y-LA-PRESERVACIO\u0301N-DE-SU-HISTORIA-9-150x150.jpg\" class=\"attachment-thumbnail size-thumbnail\" alt=\"\" loading=\"lazy\" \/><\/a>\n\t\t\t<\/dt><\/dl><br style=\"clear: both\" \/><dl class='gallery-item'>\n\t\t\t<dt class='gallery-icon landscape'>\n\t\t\t\t<a href='https:\/\/cuernavaca.gob.mx\/?attachment_id=62800'><img width=\"150\" height=\"150\" src=\"https:\/\/cuernavaca.gob.mx\/wp-content\/uploads\/2026\/09\/CUERNAVACA-APUESTA-POR-LA-REACTIVACIO\u0301N-DEL-MERCADO-ADOLFO-LO\u0301PEZ-MATEOS-Y-LA-PRESERVACIO\u0301N-DE-SU-HISTORIA-10-150x150.jpg\" class=\"attachment-thumbnail size-thumbnail\" alt=\"\" loading=\"lazy\" \/><\/a>\n\t\t\t<\/dt><\/dl><dl class='gallery-item'>\n\t\t\t<dt class='gallery-icon landscape'>\n\t\t\t\t<a href='https:\/\/cuernavaca.gob.mx\/?attachment_id=62801'><img width=\"150\" height=\"150\" src=\"https:\/\/cuernavaca.gob.mx\/wp-content\/uploads\/2026\/09\/CUERNAVACA-APUESTA-POR-LA-REACTIVACIO\u0301N-DEL-MERCADO-ADOLFO-LO\u0301PEZ-MATEOS-Y-LA-PRESERVACIO\u0301N-DE-SU-HISTORIA-11-150x150.jpg\" class=\"attachment-thumbnail size-thumbnail\" alt=\"\" loading=\"lazy\" \/><\/a>\n\t\t\t<\/dt><\/dl>\n\t\t\t<br style='clear: both' \/>\n\t\t<\/div>\n\n","protected":false},"excerpt":{"rendered":"<p>\u2022 Durante la presentaci\u00f3n de &#8220;Entre puestos y pasillos: cinco siglos de mercados, voces y memoria&#8221;, el alcalde Jos\u00e9 Luis Uri\u00f3stegui Salgado llam\u00f3 a recuperar los espacios comerciales del mercado y preservar su papel como principal centro de abasto de la capital morelense &#8220;El Mercado Adolfo L\u00f3pez Mateos (ALM) forma parte de la historia comercial [&hellip;]<\/p>\n","protected":false},"author":1,"featured_media":62799,"comment_status":"closed","ping_status":"open","sticky":false,"template":"","format":"standard","meta":[],"categories":[2292],"tags":[],"aioseo_notices":[],"_links":{"self":[{"href":"https:\/\/cuernavaca.gob.mx\/index.php?rest_route=\/wp\/v2\/posts\/62790"}],"collection":[{"href":"https:\/\/cuernavaca.gob.mx\/index.php?rest_route=\/wp\/v2\/posts"}],"about":[{"href":"https:\/\/cuernavaca.gob.mx\/index.php?rest_route=\/wp\/v2\/types\/post"}],"author":[{"embeddable":true,"href":"https:\/\/cuernavaca.gob.mx\/index.php?rest_route=\/wp\/v2\/users\/1"}],"replies":[{"embeddable":true,"href":"https:\/\/cuernavaca.gob.mx\/index.php?rest_route=%2Fwp%2Fv2%2Fcomments&post=62790"}],"version-history":[{"count":1,"href":"https:\/\/cuernavaca.gob.mx\/index.php?rest_route=\/wp\/v2\/posts\/62790\/revisions"}],"predecessor-version":[{"id":62802,"href":"https:\/\/cuernavaca.gob.mx\/index.php?rest_route=\/wp\/v2\/posts\/62790\/revisions\/62802"}],"wp:featuredmedia":[{"embeddable":true,"href":"https:\/\/cuernavaca.gob.mx\/index.php?rest_route=\/wp\/v2\/media\/62799"}],"wp:attachment":[{"href":"https:\/\/cuernavaca.gob.mx\/index.php?rest_route=%2Fwp%2Fv2%2Fmedia&parent=62790"}],"wp:term":[{"taxonomy":"category","embeddable":true,"href":"https:\/\/cuernavaca.gob.mx\/index.php?rest_route=%2Fwp%2Fv2%2Fcategories&post=62790"},{"taxonomy":"post_tag","embeddable":true,"href":"https:\/\/cuernavaca.gob.mx\/index.php?rest_route=%2Fwp%2Fv2%2Ftags&post=62790"}],"curies":[{"name":"wp","href":"https:\/\/api.w.org\/{rel}","templated":true}]}}