{"id":62803,"date":"2026-09-05T13:55:56","date_gmt":"2026-09-05T19:55:56","guid":{"rendered":"https:\/\/cuernavaca.gob.mx\/?p=62803"},"modified":"2026-09-05T13:55:56","modified_gmt":"2026-09-05T19:55:56","slug":"inaugura-jose-luis-uriostegui-la-exposicion-anatomia-del-dibujo-en-el-museo-de-la-ciudad","status":"publish","type":"post","link":"https:\/\/cuernavaca.gob.mx\/?p=62803","title":{"rendered":"INAUGURA JOS\u00c9 LUIS URI\u00d3STEGUI LA EXPOSICI\u00d3N &#8220;ANATOM\u00cdA DEL DIBUJO&#8221; EN EL MUSEO DE LA CIUDAD"},"content":{"rendered":"<p><strong>* La muestra re\u00fane obras de 12 artistas morelenses surgidas del Taller de Dibujo con Modelo, en las que exploran la figura humana desde distintas t\u00e9cnicas, enfoques y lenguajes visuales<\/strong><\/p>\n<p>El Gobierno Municipal de Cuernavaca, a trav\u00e9s de la Secretar\u00eda de Desarrollo Humano y Participaci\u00f3n Social (SDHyPS) y el Instituto de Cultura de Cuernavaca, llev\u00f3 a cabo la inauguraci\u00f3n de la exposici\u00f3n &#8220;Anatom\u00eda del Dibujo&#8221;, una muestra que re\u00fane los trabajos realizados durante el Taller de Dibujo con Modelo, organizado por el artista Hugo Ortiz, y que propone al p\u00fablico un acercamiento a la figura humana desde la observaci\u00f3n, la t\u00e9cnica y la interpretaci\u00f3n art\u00edstica.<\/p>\n<p>La inauguraci\u00f3n fue encabezada por el presidente municipal, Jos\u00e9 Luis Uri\u00f3stegui Salgado, quien acompa\u00f1\u00f3 a las y los artistas participantes durante la apertura de esta propuesta, que convirti\u00f3 al recinto cultural en un punto de encuentro entre creadoras, creadores y p\u00fablico interesado en las artes visuales.<\/p>\n<p>La muestra re\u00fane obras de Natalia \u00c1lvarez, Andr\u00e9s Boyas, Fernanda Deschamps, David Guerrero, Sina\u00ed Guerrero, Edson L\u00f3pez, Hugo Ortiz, Miriam P\u00e9rez, Hazael Ram\u00edrez, Belem S\u00e1nchez, Genaro Soberanis y Daniel Valladares, quienes presentan distintas aproximaciones al estudio y representaci\u00f3n del cuerpo humano.<\/p>\n<p>A trav\u00e9s de sus trabajos, las y los artistas exploran elementos como la proporci\u00f3n, el volumen, la luz, la sombra, el movimiento y el gesto, demostrando que el dibujo de la figura humana va m\u00e1s all\u00e1 de reproducir una apariencia: implica observar, analizar y tomar decisiones para transformar aquello que se percibe en una propuesta visual.<\/p>\n<p>La exposici\u00f3n permite apreciar c\u00f3mo, frente a un mismo modelo, cada artista desarrolla una interpretaci\u00f3n particular. Algunas piezas privilegian el contorno y la estructura, mientras otras recurren al contraste, las manchas y diferentes recursos gr\u00e1ficos para construir volumen y profundidad.<\/p>\n<p>Adem\u00e1s, plantea una reflexi\u00f3n sobre la relaci\u00f3n entre quien observa y aquello que es observado. M\u00e1s all\u00e1 del resultado individual de cada obra, &#8220;Anatom\u00eda del Dibujo&#8221; da cuenta de un proceso de formaci\u00f3n, experimentaci\u00f3n y b\u00fasqueda art\u00edstica, en el que las y los participantes han desarrollado herramientas para construir un lenguaje propio a partir de la observaci\u00f3n directa.<\/p>\n<p>Con esta exposici\u00f3n, el Ayuntamiento de Cuernavaca fortalece la programaci\u00f3n del Museo de la Ciudad y genera espacios para que artistas y p\u00fablicos puedan encontrarse, compartir conocimientos y acercarse a distintas expresiones de las artes visuales.<\/p>\n\n\t\t<style type=\"text\/css\">\n\t\t\t#gallery-1 {\n\t\t\t\tmargin: auto;\n\t\t\t}\n\t\t\t#gallery-1 .gallery-item {\n\t\t\t\tfloat: left;\n\t\t\t\tmargin-top: 10px;\n\t\t\t\ttext-align: center;\n\t\t\t\twidth: 33%;\n\t\t\t}\n\t\t\t#gallery-1 img {\n\t\t\t\tborder: 2px solid #cfcfcf;\n\t\t\t}\n\t\t\t#gallery-1 .gallery-caption {\n\t\t\t\tmargin-left: 0;\n\t\t\t}\n\t\t\t\/* see gallery_shortcode() in wp-includes\/media.php *\/\n\t\t<\/style>\n\t\t<div id='gallery-1' class='gallery galleryid-62803 gallery-columns-3 gallery-size-thumbnail'><dl class='gallery-item'>\n\t\t\t<dt class='gallery-icon landscape'>\n\t\t\t\t<a href='https:\/\/cuernavaca.gob.mx\/?attachment_id=62804'><img width=\"150\" height=\"150\" src=\"https:\/\/cuernavaca.gob.mx\/wp-content\/uploads\/2026\/09\/INAUGURA-JOSE\u0301-LUIS-URIO\u0301STEGUI-LA-EXPOSICIO\u0301N-22ANATOMI\u0301A-DEL-DIBUJO22-EN-EL-MUSEO-DE-LA-CIUDAD-1-150x150.jpg\" class=\"attachment-thumbnail size-thumbnail\" alt=\"\" loading=\"lazy\" \/><\/a>\n\t\t\t<\/dt><\/dl><dl class='gallery-item'>\n\t\t\t<dt class='gallery-icon landscape'>\n\t\t\t\t<a href='https:\/\/cuernavaca.gob.mx\/?attachment_id=62805'><img width=\"150\" height=\"150\" src=\"https:\/\/cuernavaca.gob.mx\/wp-content\/uploads\/2026\/09\/INAUGURA-JOSE\u0301-LUIS-URIO\u0301STEGUI-LA-EXPOSICIO\u0301N-22ANATOMI\u0301A-DEL-DIBUJO22-EN-EL-MUSEO-DE-LA-CIUDAD-2-150x150.jpg\" class=\"attachment-thumbnail size-thumbnail\" alt=\"\" loading=\"lazy\" \/><\/a>\n\t\t\t<\/dt><\/dl><dl class='gallery-item'>\n\t\t\t<dt class='gallery-icon landscape'>\n\t\t\t\t<a href='https:\/\/cuernavaca.gob.mx\/?attachment_id=62806'><img width=\"150\" height=\"150\" src=\"https:\/\/cuernavaca.gob.mx\/wp-content\/uploads\/2026\/09\/INAUGURA-JOSE\u0301-LUIS-URIO\u0301STEGUI-LA-EXPOSICIO\u0301N-22ANATOMI\u0301A-DEL-DIBUJO22-EN-EL-MUSEO-DE-LA-CIUDAD-3-150x150.jpg\" class=\"attachment-thumbnail size-thumbnail\" alt=\"\" loading=\"lazy\" \/><\/a>\n\t\t\t<\/dt><\/dl><br style=\"clear: both\" \/><dl class='gallery-item'>\n\t\t\t<dt class='gallery-icon landscape'>\n\t\t\t\t<a href='https:\/\/cuernavaca.gob.mx\/?attachment_id=62807'><img width=\"150\" height=\"150\" src=\"https:\/\/cuernavaca.gob.mx\/wp-content\/uploads\/2026\/09\/INAUGURA-JOSE\u0301-LUIS-URIO\u0301STEGUI-LA-EXPOSICIO\u0301N-22ANATOMI\u0301A-DEL-DIBUJO22-EN-EL-MUSEO-DE-LA-CIUDAD-4-150x150.jpg\" class=\"attachment-thumbnail size-thumbnail\" alt=\"\" loading=\"lazy\" \/><\/a>\n\t\t\t<\/dt><\/dl><dl class='gallery-item'>\n\t\t\t<dt class='gallery-icon landscape'>\n\t\t\t\t<a href='https:\/\/cuernavaca.gob.mx\/?attachment_id=62808'><img width=\"150\" height=\"150\" src=\"https:\/\/cuernavaca.gob.mx\/wp-content\/uploads\/2026\/09\/INAUGURA-JOSE\u0301-LUIS-URIO\u0301STEGUI-LA-EXPOSICIO\u0301N-22ANATOMI\u0301A-DEL-DIBUJO22-EN-EL-MUSEO-DE-LA-CIUDAD-5-150x150.jpg\" class=\"attachment-thumbnail size-thumbnail\" alt=\"\" loading=\"lazy\" \/><\/a>\n\t\t\t<\/dt><\/dl><dl class='gallery-item'>\n\t\t\t<dt class='gallery-icon landscape'>\n\t\t\t\t<a href='https:\/\/cuernavaca.gob.mx\/?attachment_id=62809'><img width=\"150\" height=\"150\" src=\"https:\/\/cuernavaca.gob.mx\/wp-content\/uploads\/2026\/09\/INAUGURA-JOSE\u0301-LUIS-URIO\u0301STEGUI-LA-EXPOSICIO\u0301N-22ANATOMI\u0301A-DEL-DIBUJO22-EN-EL-MUSEO-DE-LA-CIUDAD-6-150x150.jpg\" class=\"attachment-thumbnail size-thumbnail\" alt=\"\" loading=\"lazy\" \/><\/a>\n\t\t\t<\/dt><\/dl><br style=\"clear: both\" \/><dl class='gallery-item'>\n\t\t\t<dt class='gallery-icon landscape'>\n\t\t\t\t<a href='https:\/\/cuernavaca.gob.mx\/?attachment_id=62810'><img width=\"150\" height=\"150\" src=\"https:\/\/cuernavaca.gob.mx\/wp-content\/uploads\/2026\/09\/INAUGURA-JOSE\u0301-LUIS-URIO\u0301STEGUI-LA-EXPOSICIO\u0301N-22ANATOMI\u0301A-DEL-DIBUJO22-EN-EL-MUSEO-DE-LA-CIUDAD-7-150x150.jpg\" class=\"attachment-thumbnail size-thumbnail\" alt=\"\" loading=\"lazy\" \/><\/a>\n\t\t\t<\/dt><\/dl><dl class='gallery-item'>\n\t\t\t<dt class='gallery-icon landscape'>\n\t\t\t\t<a href='https:\/\/cuernavaca.gob.mx\/?attachment_id=62811'><img width=\"150\" height=\"150\" src=\"https:\/\/cuernavaca.gob.mx\/wp-content\/uploads\/2026\/09\/INAUGURA-JOSE\u0301-LUIS-URIO\u0301STEGUI-LA-EXPOSICIO\u0301N-22ANATOMI\u0301A-DEL-DIBUJO22-EN-EL-MUSEO-DE-LA-CIUDAD-8-150x150.jpg\" class=\"attachment-thumbnail size-thumbnail\" alt=\"\" loading=\"lazy\" \/><\/a>\n\t\t\t<\/dt><\/dl><dl class='gallery-item'>\n\t\t\t<dt class='gallery-icon landscape'>\n\t\t\t\t<a href='https:\/\/cuernavaca.gob.mx\/?attachment_id=62812'><img width=\"150\" height=\"150\" src=\"https:\/\/cuernavaca.gob.mx\/wp-content\/uploads\/2026\/09\/INAUGURA-JOSE\u0301-LUIS-URIO\u0301STEGUI-LA-EXPOSICIO\u0301N-22ANATOMI\u0301A-DEL-DIBUJO22-EN-EL-MUSEO-DE-LA-CIUDAD-9-150x150.jpg\" class=\"attachment-thumbnail size-thumbnail\" alt=\"\" loading=\"lazy\" \/><\/a>\n\t\t\t<\/dt><\/dl><br style=\"clear: both\" \/><dl class='gallery-item'>\n\t\t\t<dt class='gallery-icon landscape'>\n\t\t\t\t<a href='https:\/\/cuernavaca.gob.mx\/?attachment_id=62813'><img width=\"150\" height=\"150\" src=\"https:\/\/cuernavaca.gob.mx\/wp-content\/uploads\/2026\/09\/INAUGURA-JOSE\u0301-LUIS-URIO\u0301STEGUI-LA-EXPOSICIO\u0301N-22ANATOMI\u0301A-DEL-DIBUJO22-EN-EL-MUSEO-DE-LA-CIUDAD-10-150x150.jpg\" class=\"attachment-thumbnail size-thumbnail\" alt=\"\" loading=\"lazy\" \/><\/a>\n\t\t\t<\/dt><\/dl><dl class='gallery-item'>\n\t\t\t<dt class='gallery-icon landscape'>\n\t\t\t\t<a href='https:\/\/cuernavaca.gob.mx\/?attachment_id=62814'><img width=\"150\" height=\"150\" src=\"https:\/\/cuernavaca.gob.mx\/wp-content\/uploads\/2026\/09\/INAUGURA-JOSE\u0301-LUIS-URIO\u0301STEGUI-LA-EXPOSICIO\u0301N-22ANATOMI\u0301A-DEL-DIBUJO22-EN-EL-MUSEO-DE-LA-CIUDAD-11-150x150.jpg\" class=\"attachment-thumbnail size-thumbnail\" alt=\"\" loading=\"lazy\" \/><\/a>\n\t\t\t<\/dt><\/dl><dl class='gallery-item'>\n\t\t\t<dt class='gallery-icon landscape'>\n\t\t\t\t<a href='https:\/\/cuernavaca.gob.mx\/?attachment_id=62815'><img width=\"150\" height=\"150\" src=\"https:\/\/cuernavaca.gob.mx\/wp-content\/uploads\/2026\/09\/INAUGURA-JOSE\u0301-LUIS-URIO\u0301STEGUI-LA-EXPOSICIO\u0301N-22ANATOMI\u0301A-DEL-DIBUJO22-EN-EL-MUSEO-DE-LA-CIUDAD-12-150x150.jpg\" class=\"attachment-thumbnail size-thumbnail\" alt=\"\" loading=\"lazy\" \/><\/a>\n\t\t\t<\/dt><\/dl><br style=\"clear: both\" \/>\n\t\t<\/div>\n\n","protected":false},"excerpt":{"rendered":"<p>* La muestra re\u00fane obras de 12 artistas morelenses surgidas del Taller de Dibujo con Modelo, en las que exploran la figura humana desde distintas t\u00e9cnicas, enfoques y lenguajes visuales El Gobierno Municipal de Cuernavaca, a trav\u00e9s de la Secretar\u00eda de Desarrollo Humano y Participaci\u00f3n Social (SDHyPS) y el Instituto de Cultura de Cuernavaca, llev\u00f3 [&hellip;]<\/p>\n","protected":false},"author":1,"featured_media":62811,"comment_status":"closed","ping_status":"open","sticky":false,"template":"","format":"standard","meta":[],"categories":[2292],"tags":[],"aioseo_notices":[],"_links":{"self":[{"href":"https:\/\/cuernavaca.gob.mx\/index.php?rest_route=\/wp\/v2\/posts\/62803"}],"collection":[{"href":"https:\/\/cuernavaca.gob.mx\/index.php?rest_route=\/wp\/v2\/posts"}],"about":[{"href":"https:\/\/cuernavaca.gob.mx\/index.php?rest_route=\/wp\/v2\/types\/post"}],"author":[{"embeddable":true,"href":"https:\/\/cuernavaca.gob.mx\/index.php?rest_route=\/wp\/v2\/users\/1"}],"replies":[{"embeddable":true,"href":"https:\/\/cuernavaca.gob.mx\/index.php?rest_route=%2Fwp%2Fv2%2Fcomments&post=62803"}],"version-history":[{"count":1,"href":"https:\/\/cuernavaca.gob.mx\/index.php?rest_route=\/wp\/v2\/posts\/62803\/revisions"}],"predecessor-version":[{"id":62816,"href":"https:\/\/cuernavaca.gob.mx\/index.php?rest_route=\/wp\/v2\/posts\/62803\/revisions\/62816"}],"wp:featuredmedia":[{"embeddable":true,"href":"https:\/\/cuernavaca.gob.mx\/index.php?rest_route=\/wp\/v2\/media\/62811"}],"wp:attachment":[{"href":"https:\/\/cuernavaca.gob.mx\/index.php?rest_route=%2Fwp%2Fv2%2Fmedia&parent=62803"}],"wp:term":[{"taxonomy":"category","embeddable":true,"href":"https:\/\/cuernavaca.gob.mx\/index.php?rest_route=%2Fwp%2Fv2%2Fcategories&post=62803"},{"taxonomy":"post_tag","embeddable":true,"href":"https:\/\/cuernavaca.gob.mx\/index.php?rest_route=%2Fwp%2Fv2%2Ftags&post=62803"}],"curies":[{"name":"wp","href":"https:\/\/api.w.org\/{rel}","templated":true}]}}