{"id":62818,"date":"2026-09-05T14:11:30","date_gmt":"2026-09-05T20:11:30","guid":{"rendered":"https:\/\/cuernavaca.gob.mx\/?p=62818"},"modified":"2026-09-05T14:11:30","modified_gmt":"2026-09-05T20:11:30","slug":"b1503-05-09-26-cuernavaca-impulsa-la-reforestacion-urbana-con-23-tepehuajes-en-la-barranca-tecoyuco","status":"publish","type":"post","link":"https:\/\/cuernavaca.gob.mx\/?p=62818","title":{"rendered":"B1503 05\/09\/26 CUERNAVACA IMPULSA LA REFORESTACI\u00d3N URBANA CON 23 TEPEHUAJES EN LA BARRANCA TECOYUCO"},"content":{"rendered":"<p><strong>*Esta jornada forma parte de las acciones municipales para conservar \u00e1reas verdes y generar beneficios ambientales en distintos puntos de la ciudad<\/strong><\/p>\n<p>Como parte del Programa de Reforestaciones Urbanas 2026, el Ayuntamiento de Cuernavaca, a trav\u00e9s de la Secretar\u00eda de Desarrollo Sustentable y Servicios P\u00fablicos (SDSySP), fortalece las acciones de recuperaci\u00f3n y conservaci\u00f3n de \u00e1reas verdes en el municipio.<\/p>\n<p>Mediante el Departamento de Protecci\u00f3n de Barrancas y \u00c1reas Naturales Protegidas, la SDSySP contin\u00faa impulsando acciones para ampliar la cobertura vegetal y contribuir a la recuperaci\u00f3n de espacios naturales y urbanos.<\/p>\n<p>En este sentido, se llev\u00f3 a cabo una jornada de reforestaci\u00f3n urbana en la Barranca Tecoyuco, en el poblado de Chamilpa, donde fueron plantados 23 ejemplares de tepehuaje, especie que contribuye a enriquecer la vegetaci\u00f3n y favorecer la recuperaci\u00f3n ambiental de estos espacios.<\/p>\n<p>La jornada forma parte del Programa de Reforestaciones Urbanas 2026, mediante el cual se desarrollan acciones de plantaci\u00f3n y recuperaci\u00f3n de \u00e1reas verdes en distintos puntos de Cuernavaca, con el prop\u00f3sito de mejorar el entorno urbano y generar beneficios ambientales para las comunidades.<\/p>\n<p>Con estas labores, el Gobierno Municipal refrenda su compromiso con la conservaci\u00f3n de los recursos naturales y el fortalecimiento de las \u00e1reas verdes, contribuyendo a la construcci\u00f3n de una Cuernavaca m\u00e1s verde, sustentable y con mejores espacios para sus habitantes.<\/p>\n<p>&nbsp;<\/p>\n\n\t\t<style type=\"text\/css\">\n\t\t\t#gallery-1 {\n\t\t\t\tmargin: auto;\n\t\t\t}\n\t\t\t#gallery-1 .gallery-item {\n\t\t\t\tfloat: left;\n\t\t\t\tmargin-top: 10px;\n\t\t\t\ttext-align: center;\n\t\t\t\twidth: 33%;\n\t\t\t}\n\t\t\t#gallery-1 img {\n\t\t\t\tborder: 2px solid #cfcfcf;\n\t\t\t}\n\t\t\t#gallery-1 .gallery-caption {\n\t\t\t\tmargin-left: 0;\n\t\t\t}\n\t\t\t\/* see gallery_shortcode() in wp-includes\/media.php *\/\n\t\t<\/style>\n\t\t<div id='gallery-1' class='gallery galleryid-62818 gallery-columns-3 gallery-size-thumbnail'><dl class='gallery-item'>\n\t\t\t<dt class='gallery-icon landscape'>\n\t\t\t\t<a href='https:\/\/cuernavaca.gob.mx\/?attachment_id=62819'><img width=\"150\" height=\"150\" src=\"https:\/\/cuernavaca.gob.mx\/wp-content\/uploads\/2026\/09\/CUERNAVACA-IMPULSA-LA-REFORESTACIO\u0301N-URBANA-CON-23-TEPEHUAJES-EN-LA-BARRANCA-TECOYUCO-1-150x150.jpg\" class=\"attachment-thumbnail size-thumbnail\" alt=\"\" loading=\"lazy\" srcset=\"https:\/\/cuernavaca.gob.mx\/wp-content\/uploads\/2026\/09\/CUERNAVACA-IMPULSA-LA-REFORESTACIO\u0301N-URBANA-CON-23-TEPEHUAJES-EN-LA-BARRANCA-TECOYUCO-1-150x150.jpg 150w, https:\/\/cuernavaca.gob.mx\/wp-content\/uploads\/2026\/09\/CUERNAVACA-IMPULSA-LA-REFORESTACIO\u0301N-URBANA-CON-23-TEPEHUAJES-EN-LA-BARRANCA-TECOYUCO-1-300x300.jpg 300w, https:\/\/cuernavaca.gob.mx\/wp-content\/uploads\/2026\/09\/CUERNAVACA-IMPULSA-LA-REFORESTACIO\u0301N-URBANA-CON-23-TEPEHUAJES-EN-LA-BARRANCA-TECOYUCO-1-1024x1024.jpg 1024w, https:\/\/cuernavaca.gob.mx\/wp-content\/uploads\/2026\/09\/CUERNAVACA-IMPULSA-LA-REFORESTACIO\u0301N-URBANA-CON-23-TEPEHUAJES-EN-LA-BARRANCA-TECOYUCO-1-768x768.jpg 768w, https:\/\/cuernavaca.gob.mx\/wp-content\/uploads\/2026\/09\/CUERNAVACA-IMPULSA-LA-REFORESTACIO\u0301N-URBANA-CON-23-TEPEHUAJES-EN-LA-BARRANCA-TECOYUCO-1-600x600.jpg 600w, https:\/\/cuernavaca.gob.mx\/wp-content\/uploads\/2026\/09\/CUERNAVACA-IMPULSA-LA-REFORESTACIO\u0301N-URBANA-CON-23-TEPEHUAJES-EN-LA-BARRANCA-TECOYUCO-1-560x560.jpg 560w, https:\/\/cuernavaca.gob.mx\/wp-content\/uploads\/2026\/09\/CUERNAVACA-IMPULSA-LA-REFORESTACIO\u0301N-URBANA-CON-23-TEPEHUAJES-EN-LA-BARRANCA-TECOYUCO-1.jpg 1129w\" sizes=\"(max-width: 150px) 100vw, 150px\" \/><\/a>\n\t\t\t<\/dt><\/dl><dl class='gallery-item'>\n\t\t\t<dt class='gallery-icon landscape'>\n\t\t\t\t<a href='https:\/\/cuernavaca.gob.mx\/?attachment_id=62820'><img width=\"150\" height=\"150\" src=\"https:\/\/cuernavaca.gob.mx\/wp-content\/uploads\/2026\/09\/CUERNAVACA-IMPULSA-LA-REFORESTACIO\u0301N-URBANA-CON-23-TEPEHUAJES-EN-LA-BARRANCA-TECOYUCO-2-150x150.jpg\" class=\"attachment-thumbnail size-thumbnail\" alt=\"\" loading=\"lazy\" srcset=\"https:\/\/cuernavaca.gob.mx\/wp-content\/uploads\/2026\/09\/CUERNAVACA-IMPULSA-LA-REFORESTACIO\u0301N-URBANA-CON-23-TEPEHUAJES-EN-LA-BARRANCA-TECOYUCO-2-150x150.jpg 150w, https:\/\/cuernavaca.gob.mx\/wp-content\/uploads\/2026\/09\/CUERNAVACA-IMPULSA-LA-REFORESTACIO\u0301N-URBANA-CON-23-TEPEHUAJES-EN-LA-BARRANCA-TECOYUCO-2-300x300.jpg 300w, https:\/\/cuernavaca.gob.mx\/wp-content\/uploads\/2026\/09\/CUERNAVACA-IMPULSA-LA-REFORESTACIO\u0301N-URBANA-CON-23-TEPEHUAJES-EN-LA-BARRANCA-TECOYUCO-2-1024x1024.jpg 1024w, https:\/\/cuernavaca.gob.mx\/wp-content\/uploads\/2026\/09\/CUERNAVACA-IMPULSA-LA-REFORESTACIO\u0301N-URBANA-CON-23-TEPEHUAJES-EN-LA-BARRANCA-TECOYUCO-2-768x768.jpg 768w, https:\/\/cuernavaca.gob.mx\/wp-content\/uploads\/2026\/09\/CUERNAVACA-IMPULSA-LA-REFORESTACIO\u0301N-URBANA-CON-23-TEPEHUAJES-EN-LA-BARRANCA-TECOYUCO-2-600x600.jpg 600w, https:\/\/cuernavaca.gob.mx\/wp-content\/uploads\/2026\/09\/CUERNAVACA-IMPULSA-LA-REFORESTACIO\u0301N-URBANA-CON-23-TEPEHUAJES-EN-LA-BARRANCA-TECOYUCO-2-560x560.jpg 560w, https:\/\/cuernavaca.gob.mx\/wp-content\/uploads\/2026\/09\/CUERNAVACA-IMPULSA-LA-REFORESTACIO\u0301N-URBANA-CON-23-TEPEHUAJES-EN-LA-BARRANCA-TECOYUCO-2.jpg 1198w\" sizes=\"(max-width: 150px) 100vw, 150px\" \/><\/a>\n\t\t\t<\/dt><\/dl><dl class='gallery-item'>\n\t\t\t<dt class='gallery-icon landscape'>\n\t\t\t\t<a href='https:\/\/cuernavaca.gob.mx\/?attachment_id=62821'><img width=\"150\" height=\"150\" src=\"https:\/\/cuernavaca.gob.mx\/wp-content\/uploads\/2026\/09\/CUERNAVACA-IMPULSA-LA-REFORESTACIO\u0301N-URBANA-CON-23-TEPEHUAJES-EN-LA-BARRANCA-TECOYUCO-3-150x150.jpg\" class=\"attachment-thumbnail size-thumbnail\" alt=\"\" loading=\"lazy\" srcset=\"https:\/\/cuernavaca.gob.mx\/wp-content\/uploads\/2026\/09\/CUERNAVACA-IMPULSA-LA-REFORESTACIO\u0301N-URBANA-CON-23-TEPEHUAJES-EN-LA-BARRANCA-TECOYUCO-3-150x150.jpg 150w, https:\/\/cuernavaca.gob.mx\/wp-content\/uploads\/2026\/09\/CUERNAVACA-IMPULSA-LA-REFORESTACIO\u0301N-URBANA-CON-23-TEPEHUAJES-EN-LA-BARRANCA-TECOYUCO-3-300x300.jpg 300w, https:\/\/cuernavaca.gob.mx\/wp-content\/uploads\/2026\/09\/CUERNAVACA-IMPULSA-LA-REFORESTACIO\u0301N-URBANA-CON-23-TEPEHUAJES-EN-LA-BARRANCA-TECOYUCO-3-1024x1024.jpg 1024w, https:\/\/cuernavaca.gob.mx\/wp-content\/uploads\/2026\/09\/CUERNAVACA-IMPULSA-LA-REFORESTACIO\u0301N-URBANA-CON-23-TEPEHUAJES-EN-LA-BARRANCA-TECOYUCO-3-768x768.jpg 768w, https:\/\/cuernavaca.gob.mx\/wp-content\/uploads\/2026\/09\/CUERNAVACA-IMPULSA-LA-REFORESTACIO\u0301N-URBANA-CON-23-TEPEHUAJES-EN-LA-BARRANCA-TECOYUCO-3-600x600.jpg 600w, https:\/\/cuernavaca.gob.mx\/wp-content\/uploads\/2026\/09\/CUERNAVACA-IMPULSA-LA-REFORESTACIO\u0301N-URBANA-CON-23-TEPEHUAJES-EN-LA-BARRANCA-TECOYUCO-3-560x560.jpg 560w, https:\/\/cuernavaca.gob.mx\/wp-content\/uploads\/2026\/09\/CUERNAVACA-IMPULSA-LA-REFORESTACIO\u0301N-URBANA-CON-23-TEPEHUAJES-EN-LA-BARRANCA-TECOYUCO-3.jpg 1166w\" sizes=\"(max-width: 150px) 100vw, 150px\" \/><\/a>\n\t\t\t<\/dt><\/dl><br style=\"clear: both\" \/><dl class='gallery-item'>\n\t\t\t<dt class='gallery-icon landscape'>\n\t\t\t\t<a href='https:\/\/cuernavaca.gob.mx\/?attachment_id=62822'><img width=\"150\" height=\"150\" src=\"https:\/\/cuernavaca.gob.mx\/wp-content\/uploads\/2026\/09\/CUERNAVACA-IMPULSA-LA-REFORESTACIO\u0301N-URBANA-CON-23-TEPEHUAJES-EN-LA-BARRANCA-TECOYUCO-4-150x150.jpg\" class=\"attachment-thumbnail size-thumbnail\" alt=\"\" loading=\"lazy\" srcset=\"https:\/\/cuernavaca.gob.mx\/wp-content\/uploads\/2026\/09\/CUERNAVACA-IMPULSA-LA-REFORESTACIO\u0301N-URBANA-CON-23-TEPEHUAJES-EN-LA-BARRANCA-TECOYUCO-4-150x150.jpg 150w, https:\/\/cuernavaca.gob.mx\/wp-content\/uploads\/2026\/09\/CUERNAVACA-IMPULSA-LA-REFORESTACIO\u0301N-URBANA-CON-23-TEPEHUAJES-EN-LA-BARRANCA-TECOYUCO-4-300x300.jpg 300w, https:\/\/cuernavaca.gob.mx\/wp-content\/uploads\/2026\/09\/CUERNAVACA-IMPULSA-LA-REFORESTACIO\u0301N-URBANA-CON-23-TEPEHUAJES-EN-LA-BARRANCA-TECOYUCO-4-768x768.jpg 768w, https:\/\/cuernavaca.gob.mx\/wp-content\/uploads\/2026\/09\/CUERNAVACA-IMPULSA-LA-REFORESTACIO\u0301N-URBANA-CON-23-TEPEHUAJES-EN-LA-BARRANCA-TECOYUCO-4-600x600.jpg 600w, https:\/\/cuernavaca.gob.mx\/wp-content\/uploads\/2026\/09\/CUERNAVACA-IMPULSA-LA-REFORESTACIO\u0301N-URBANA-CON-23-TEPEHUAJES-EN-LA-BARRANCA-TECOYUCO-4-560x560.jpg 560w, https:\/\/cuernavaca.gob.mx\/wp-content\/uploads\/2026\/09\/CUERNAVACA-IMPULSA-LA-REFORESTACIO\u0301N-URBANA-CON-23-TEPEHUAJES-EN-LA-BARRANCA-TECOYUCO-4.jpg 899w\" sizes=\"(max-width: 150px) 100vw, 150px\" \/><\/a>\n\t\t\t<\/dt><\/dl><dl class='gallery-item'>\n\t\t\t<dt class='gallery-icon landscape'>\n\t\t\t\t<a href='https:\/\/cuernavaca.gob.mx\/?attachment_id=62823'><img width=\"150\" height=\"150\" src=\"https:\/\/cuernavaca.gob.mx\/wp-content\/uploads\/2026\/09\/CUERNAVACA-IMPULSA-LA-REFORESTACIO\u0301N-URBANA-CON-23-TEPEHUAJES-EN-LA-BARRANCA-TECOYUCO-5-150x150.jpg\" class=\"attachment-thumbnail size-thumbnail\" alt=\"\" loading=\"lazy\" srcset=\"https:\/\/cuernavaca.gob.mx\/wp-content\/uploads\/2026\/09\/CUERNAVACA-IMPULSA-LA-REFORESTACIO\u0301N-URBANA-CON-23-TEPEHUAJES-EN-LA-BARRANCA-TECOYUCO-5-150x150.jpg 150w, https:\/\/cuernavaca.gob.mx\/wp-content\/uploads\/2026\/09\/CUERNAVACA-IMPULSA-LA-REFORESTACIO\u0301N-URBANA-CON-23-TEPEHUAJES-EN-LA-BARRANCA-TECOYUCO-5-300x300.jpg 300w, https:\/\/cuernavaca.gob.mx\/wp-content\/uploads\/2026\/09\/CUERNAVACA-IMPULSA-LA-REFORESTACIO\u0301N-URBANA-CON-23-TEPEHUAJES-EN-LA-BARRANCA-TECOYUCO-5-1024x1024.jpg 1024w, https:\/\/cuernavaca.gob.mx\/wp-content\/uploads\/2026\/09\/CUERNAVACA-IMPULSA-LA-REFORESTACIO\u0301N-URBANA-CON-23-TEPEHUAJES-EN-LA-BARRANCA-TECOYUCO-5-768x768.jpg 768w, https:\/\/cuernavaca.gob.mx\/wp-content\/uploads\/2026\/09\/CUERNAVACA-IMPULSA-LA-REFORESTACIO\u0301N-URBANA-CON-23-TEPEHUAJES-EN-LA-BARRANCA-TECOYUCO-5-600x600.jpg 600w, https:\/\/cuernavaca.gob.mx\/wp-content\/uploads\/2026\/09\/CUERNAVACA-IMPULSA-LA-REFORESTACIO\u0301N-URBANA-CON-23-TEPEHUAJES-EN-LA-BARRANCA-TECOYUCO-5-560x560.jpg 560w, https:\/\/cuernavaca.gob.mx\/wp-content\/uploads\/2026\/09\/CUERNAVACA-IMPULSA-LA-REFORESTACIO\u0301N-URBANA-CON-23-TEPEHUAJES-EN-LA-BARRANCA-TECOYUCO-5.jpg 1161w\" sizes=\"(max-width: 150px) 100vw, 150px\" \/><\/a>\n\t\t\t<\/dt><\/dl><dl class='gallery-item'>\n\t\t\t<dt class='gallery-icon landscape'>\n\t\t\t\t<a href='https:\/\/cuernavaca.gob.mx\/?attachment_id=62824'><img width=\"150\" height=\"150\" src=\"https:\/\/cuernavaca.gob.mx\/wp-content\/uploads\/2026\/09\/CUERNAVACA-IMPULSA-LA-REFORESTACIO\u0301N-URBANA-CON-23-TEPEHUAJES-EN-LA-BARRANCA-TECOYUCO-6-150x150.jpg\" class=\"attachment-thumbnail size-thumbnail\" alt=\"\" loading=\"lazy\" srcset=\"https:\/\/cuernavaca.gob.mx\/wp-content\/uploads\/2026\/09\/CUERNAVACA-IMPULSA-LA-REFORESTACIO\u0301N-URBANA-CON-23-TEPEHUAJES-EN-LA-BARRANCA-TECOYUCO-6-150x150.jpg 150w, https:\/\/cuernavaca.gob.mx\/wp-content\/uploads\/2026\/09\/CUERNAVACA-IMPULSA-LA-REFORESTACIO\u0301N-URBANA-CON-23-TEPEHUAJES-EN-LA-BARRANCA-TECOYUCO-6-300x300.jpg 300w, https:\/\/cuernavaca.gob.mx\/wp-content\/uploads\/2026\/09\/CUERNAVACA-IMPULSA-LA-REFORESTACIO\u0301N-URBANA-CON-23-TEPEHUAJES-EN-LA-BARRANCA-TECOYUCO-6-768x768.jpg 768w, https:\/\/cuernavaca.gob.mx\/wp-content\/uploads\/2026\/09\/CUERNAVACA-IMPULSA-LA-REFORESTACIO\u0301N-URBANA-CON-23-TEPEHUAJES-EN-LA-BARRANCA-TECOYUCO-6-600x600.jpg 600w, https:\/\/cuernavaca.gob.mx\/wp-content\/uploads\/2026\/09\/CUERNAVACA-IMPULSA-LA-REFORESTACIO\u0301N-URBANA-CON-23-TEPEHUAJES-EN-LA-BARRANCA-TECOYUCO-6-560x560.jpg 560w, https:\/\/cuernavaca.gob.mx\/wp-content\/uploads\/2026\/09\/CUERNAVACA-IMPULSA-LA-REFORESTACIO\u0301N-URBANA-CON-23-TEPEHUAJES-EN-LA-BARRANCA-TECOYUCO-6.jpg 894w\" sizes=\"(max-width: 150px) 100vw, 150px\" \/><\/a>\n\t\t\t<\/dt><\/dl><br style=\"clear: both\" \/>\n\t\t<\/div>\n\n","protected":false},"excerpt":{"rendered":"<p>*Esta jornada forma parte de las acciones municipales para conservar \u00e1reas verdes y generar beneficios ambientales en distintos puntos de la ciudad Como parte del Programa de Reforestaciones Urbanas 2026, el Ayuntamiento de Cuernavaca, a trav\u00e9s de la Secretar\u00eda de Desarrollo Sustentable y Servicios P\u00fablicos (SDSySP), fortalece las acciones de recuperaci\u00f3n y conservaci\u00f3n de \u00e1reas [&hellip;]<\/p>\n","protected":false},"author":1,"featured_media":62822,"comment_status":"closed","ping_status":"open","sticky":false,"template":"","format":"standard","meta":[],"categories":[2271],"tags":[],"aioseo_notices":[],"_links":{"self":[{"href":"https:\/\/cuernavaca.gob.mx\/index.php?rest_route=\/wp\/v2\/posts\/62818"}],"collection":[{"href":"https:\/\/cuernavaca.gob.mx\/index.php?rest_route=\/wp\/v2\/posts"}],"about":[{"href":"https:\/\/cuernavaca.gob.mx\/index.php?rest_route=\/wp\/v2\/types\/post"}],"author":[{"embeddable":true,"href":"https:\/\/cuernavaca.gob.mx\/index.php?rest_route=\/wp\/v2\/users\/1"}],"replies":[{"embeddable":true,"href":"https:\/\/cuernavaca.gob.mx\/index.php?rest_route=%2Fwp%2Fv2%2Fcomments&post=62818"}],"version-history":[{"count":1,"href":"https:\/\/cuernavaca.gob.mx\/index.php?rest_route=\/wp\/v2\/posts\/62818\/revisions"}],"predecessor-version":[{"id":62825,"href":"https:\/\/cuernavaca.gob.mx\/index.php?rest_route=\/wp\/v2\/posts\/62818\/revisions\/62825"}],"wp:featuredmedia":[{"embeddable":true,"href":"https:\/\/cuernavaca.gob.mx\/index.php?rest_route=\/wp\/v2\/media\/62822"}],"wp:attachment":[{"href":"https:\/\/cuernavaca.gob.mx\/index.php?rest_route=%2Fwp%2Fv2%2Fmedia&parent=62818"}],"wp:term":[{"taxonomy":"category","embeddable":true,"href":"https:\/\/cuernavaca.gob.mx\/index.php?rest_route=%2Fwp%2Fv2%2Fcategories&post=62818"},{"taxonomy":"post_tag","embeddable":true,"href":"https:\/\/cuernavaca.gob.mx\/index.php?rest_route=%2Fwp%2Fv2%2Ftags&post=62818"}],"curies":[{"name":"wp","href":"https:\/\/api.w.org\/{rel}","templated":true}]}}