{"id":62826,"date":"2026-09-05T14:20:30","date_gmt":"2026-09-05T20:20:30","guid":{"rendered":"https:\/\/cuernavaca.gob.mx\/?p=62826"},"modified":"2026-09-05T14:20:30","modified_gmt":"2026-09-05T20:20:30","slug":"f310-05-09-26-abre-ayuntamiento-de-cuernavaca-la-sede-papagayo-a-emprendedores-morelenses","status":"publish","type":"post","link":"https:\/\/cuernavaca.gob.mx\/?p=62826","title":{"rendered":"F310 05\/09\/26 ABRE AYUNTAMIENTO DE CUERNAVACA LA SEDE PAPAGAYO A EMPRENDEDORES MORELENSES"},"content":{"rendered":"<p>La sede Papagayo volvi\u00f3 a abrir sus puertas para convertirse en un punto de encuentro entre productores morelenses y la ciudadan\u00eda, con la realizaci\u00f3n del Mercadito Incluyente Patrio, organizado por la Direcci\u00f3n de Atenci\u00f3n a Grupos Vulnerables y Personas con Discapacidad de la Secretar\u00eda de Desarrollo Humano y Participaci\u00f3n Social (SDHyPS).<\/p>\n<p>El alcalde Jos\u00e9 Luis Uri\u00f3stegui Salgado recorri\u00f3 la explanada y visit\u00f3 cada uno de los stands, donde conoci\u00f3 las historias y productos de las y los emprendedores participantes, entre artesan\u00edas, postres, bebidas, botanas, bisuter\u00eda y una amplia variedad de art\u00edculos elaborados en Morelos. Lo acompa\u00f1aron la secretaria de Desarrollo Humano y Participaci\u00f3n Social, Sandra Pinz\u00f3n S\u00e1nchez, y la directora de Atenci\u00f3n a Grupos Vulnerables y Personas con Discapacidad, Estefan\u00eda Mu\u00f1oz Gordillo.<\/p>\n<p>La apertura de este espacio cobra relevancia porque acerca a las y los emprendedores a un punto de comercializaci\u00f3n dentro de una dependencia municipal de gran afluencia, al tiempo que brinda a la ciudadan\u00eda la posibilidad de consumir productos locales. Desde la primera administraci\u00f3n de Jos\u00e9 Luis Uri\u00f3stegui, Papagayo ha recibido este tipo de actividades como una plataforma para la difusi\u00f3n y venta de productos morelenses.<\/p>\n<p>As\u00ed, la sede Papagayo no solo abre sus puertas para una actividad comercial, sino que pone un espacio p\u00fablico al servicio de quienes producen, crean y emprenden, generando oportunidades de ingreso y contribuyendo a la actividad econ\u00f3mica de Cuernavaca.<\/p>\n\n\t\t<style type=\"text\/css\">\n\t\t\t#gallery-1 {\n\t\t\t\tmargin: auto;\n\t\t\t}\n\t\t\t#gallery-1 .gallery-item {\n\t\t\t\tfloat: left;\n\t\t\t\tmargin-top: 10px;\n\t\t\t\ttext-align: center;\n\t\t\t\twidth: 33%;\n\t\t\t}\n\t\t\t#gallery-1 img {\n\t\t\t\tborder: 2px solid #cfcfcf;\n\t\t\t}\n\t\t\t#gallery-1 .gallery-caption {\n\t\t\t\tmargin-left: 0;\n\t\t\t}\n\t\t\t\/* see gallery_shortcode() in wp-includes\/media.php *\/\n\t\t<\/style>\n\t\t<div id='gallery-1' class='gallery galleryid-62826 gallery-columns-3 gallery-size-thumbnail'><dl class='gallery-item'>\n\t\t\t<dt class='gallery-icon landscape'>\n\t\t\t\t<a href='https:\/\/cuernavaca.gob.mx\/?attachment_id=62827'><img width=\"150\" height=\"150\" src=\"https:\/\/cuernavaca.gob.mx\/wp-content\/uploads\/2026\/09\/ABRE-AYUNTAMIENTO-DE-CUERNAVACA-LA-SEDE-PAPAGAYO-A-EMPRENDEDORES-MORELENSES-1-150x150.jpg\" class=\"attachment-thumbnail size-thumbnail\" alt=\"\" loading=\"lazy\" \/><\/a>\n\t\t\t<\/dt><\/dl><dl class='gallery-item'>\n\t\t\t<dt class='gallery-icon landscape'>\n\t\t\t\t<a href='https:\/\/cuernavaca.gob.mx\/?attachment_id=62828'><img width=\"150\" height=\"150\" src=\"https:\/\/cuernavaca.gob.mx\/wp-content\/uploads\/2026\/09\/ABRE-AYUNTAMIENTO-DE-CUERNAVACA-LA-SEDE-PAPAGAYO-A-EMPRENDEDORES-MORELENSES-2-150x150.jpg\" class=\"attachment-thumbnail size-thumbnail\" alt=\"\" loading=\"lazy\" \/><\/a>\n\t\t\t<\/dt><\/dl><dl class='gallery-item'>\n\t\t\t<dt class='gallery-icon landscape'>\n\t\t\t\t<a href='https:\/\/cuernavaca.gob.mx\/?attachment_id=62829'><img width=\"150\" height=\"150\" src=\"https:\/\/cuernavaca.gob.mx\/wp-content\/uploads\/2026\/09\/ABRE-AYUNTAMIENTO-DE-CUERNAVACA-LA-SEDE-PAPAGAYO-A-EMPRENDEDORES-MORELENSES-3-150x150.jpg\" class=\"attachment-thumbnail size-thumbnail\" alt=\"\" loading=\"lazy\" \/><\/a>\n\t\t\t<\/dt><\/dl><br style=\"clear: both\" \/><dl class='gallery-item'>\n\t\t\t<dt class='gallery-icon landscape'>\n\t\t\t\t<a href='https:\/\/cuernavaca.gob.mx\/?attachment_id=62830'><img width=\"150\" height=\"150\" src=\"https:\/\/cuernavaca.gob.mx\/wp-content\/uploads\/2026\/09\/ABRE-AYUNTAMIENTO-DE-CUERNAVACA-LA-SEDE-PAPAGAYO-A-EMPRENDEDORES-MORELENSES-4-150x150.jpg\" class=\"attachment-thumbnail size-thumbnail\" alt=\"\" loading=\"lazy\" \/><\/a>\n\t\t\t<\/dt><\/dl><dl class='gallery-item'>\n\t\t\t<dt class='gallery-icon landscape'>\n\t\t\t\t<a href='https:\/\/cuernavaca.gob.mx\/?attachment_id=62831'><img width=\"150\" height=\"150\" src=\"https:\/\/cuernavaca.gob.mx\/wp-content\/uploads\/2026\/09\/ABRE-AYUNTAMIENTO-DE-CUERNAVACA-LA-SEDE-PAPAGAYO-A-EMPRENDEDORES-MORELENSES-5-150x150.jpg\" class=\"attachment-thumbnail size-thumbnail\" alt=\"\" loading=\"lazy\" \/><\/a>\n\t\t\t<\/dt><\/dl><dl class='gallery-item'>\n\t\t\t<dt class='gallery-icon landscape'>\n\t\t\t\t<a href='https:\/\/cuernavaca.gob.mx\/?attachment_id=62832'><img width=\"150\" height=\"150\" src=\"https:\/\/cuernavaca.gob.mx\/wp-content\/uploads\/2026\/09\/ABRE-AYUNTAMIENTO-DE-CUERNAVACA-LA-SEDE-PAPAGAYO-A-EMPRENDEDORES-MORELENSES-6-150x150.jpg\" class=\"attachment-thumbnail size-thumbnail\" alt=\"\" loading=\"lazy\" \/><\/a>\n\t\t\t<\/dt><\/dl><br style=\"clear: both\" \/><dl class='gallery-item'>\n\t\t\t<dt class='gallery-icon landscape'>\n\t\t\t\t<a href='https:\/\/cuernavaca.gob.mx\/?attachment_id=62833'><img width=\"150\" height=\"150\" src=\"https:\/\/cuernavaca.gob.mx\/wp-content\/uploads\/2026\/09\/ABRE-AYUNTAMIENTO-DE-CUERNAVACA-LA-SEDE-PAPAGAYO-A-EMPRENDEDORES-MORELENSES-7-150x150.jpg\" class=\"attachment-thumbnail size-thumbnail\" alt=\"\" loading=\"lazy\" \/><\/a>\n\t\t\t<\/dt><\/dl><dl class='gallery-item'>\n\t\t\t<dt class='gallery-icon landscape'>\n\t\t\t\t<a href='https:\/\/cuernavaca.gob.mx\/?attachment_id=62834'><img width=\"150\" height=\"150\" src=\"https:\/\/cuernavaca.gob.mx\/wp-content\/uploads\/2026\/09\/ABRE-AYUNTAMIENTO-DE-CUERNAVACA-LA-SEDE-PAPAGAYO-A-EMPRENDEDORES-MORELENSES-8-150x150.jpg\" class=\"attachment-thumbnail size-thumbnail\" alt=\"\" loading=\"lazy\" \/><\/a>\n\t\t\t<\/dt><\/dl><dl class='gallery-item'>\n\t\t\t<dt class='gallery-icon landscape'>\n\t\t\t\t<a href='https:\/\/cuernavaca.gob.mx\/?attachment_id=62835'><img width=\"150\" height=\"150\" src=\"https:\/\/cuernavaca.gob.mx\/wp-content\/uploads\/2026\/09\/ABRE-AYUNTAMIENTO-DE-CUERNAVACA-LA-SEDE-PAPAGAYO-A-EMPRENDEDORES-MORELENSES-9-150x150.jpg\" class=\"attachment-thumbnail size-thumbnail\" alt=\"\" loading=\"lazy\" \/><\/a>\n\t\t\t<\/dt><\/dl><br style=\"clear: both\" \/><dl class='gallery-item'>\n\t\t\t<dt class='gallery-icon landscape'>\n\t\t\t\t<a href='https:\/\/cuernavaca.gob.mx\/?attachment_id=62836'><img width=\"150\" height=\"150\" src=\"https:\/\/cuernavaca.gob.mx\/wp-content\/uploads\/2026\/09\/ABRE-AYUNTAMIENTO-DE-CUERNAVACA-LA-SEDE-PAPAGAYO-A-EMPRENDEDORES-MORELENSES-10-150x150.jpg\" class=\"attachment-thumbnail size-thumbnail\" alt=\"\" loading=\"lazy\" \/><\/a>\n\t\t\t<\/dt><\/dl><dl class='gallery-item'>\n\t\t\t<dt class='gallery-icon landscape'>\n\t\t\t\t<a href='https:\/\/cuernavaca.gob.mx\/?attachment_id=62837'><img width=\"150\" height=\"150\" src=\"https:\/\/cuernavaca.gob.mx\/wp-content\/uploads\/2026\/09\/ABRE-AYUNTAMIENTO-DE-CUERNAVACA-LA-SEDE-PAPAGAYO-A-EMPRENDEDORES-MORELENSES-11-150x150.jpg\" class=\"attachment-thumbnail size-thumbnail\" alt=\"\" loading=\"lazy\" \/><\/a>\n\t\t\t<\/dt><\/dl>\n\t\t\t<br style='clear: both' \/>\n\t\t<\/div>\n\n","protected":false},"excerpt":{"rendered":"<p>La sede Papagayo volvi\u00f3 a abrir sus puertas para convertirse en un punto de encuentro entre productores morelenses y la ciudadan\u00eda, con la realizaci\u00f3n del Mercadito Incluyente Patrio, organizado por la Direcci\u00f3n de Atenci\u00f3n a Grupos Vulnerables y Personas con Discapacidad de la Secretar\u00eda de Desarrollo Humano y Participaci\u00f3n Social (SDHyPS). El alcalde Jos\u00e9 Luis [&hellip;]<\/p>\n","protected":false},"author":1,"featured_media":62833,"comment_status":"closed","ping_status":"open","sticky":false,"template":"","format":"standard","meta":[],"categories":[862],"tags":[],"aioseo_notices":[],"_links":{"self":[{"href":"https:\/\/cuernavaca.gob.mx\/index.php?rest_route=\/wp\/v2\/posts\/62826"}],"collection":[{"href":"https:\/\/cuernavaca.gob.mx\/index.php?rest_route=\/wp\/v2\/posts"}],"about":[{"href":"https:\/\/cuernavaca.gob.mx\/index.php?rest_route=\/wp\/v2\/types\/post"}],"author":[{"embeddable":true,"href":"https:\/\/cuernavaca.gob.mx\/index.php?rest_route=\/wp\/v2\/users\/1"}],"replies":[{"embeddable":true,"href":"https:\/\/cuernavaca.gob.mx\/index.php?rest_route=%2Fwp%2Fv2%2Fcomments&post=62826"}],"version-history":[{"count":1,"href":"https:\/\/cuernavaca.gob.mx\/index.php?rest_route=\/wp\/v2\/posts\/62826\/revisions"}],"predecessor-version":[{"id":62838,"href":"https:\/\/cuernavaca.gob.mx\/index.php?rest_route=\/wp\/v2\/posts\/62826\/revisions\/62838"}],"wp:featuredmedia":[{"embeddable":true,"href":"https:\/\/cuernavaca.gob.mx\/index.php?rest_route=\/wp\/v2\/media\/62833"}],"wp:attachment":[{"href":"https:\/\/cuernavaca.gob.mx\/index.php?rest_route=%2Fwp%2Fv2%2Fmedia&parent=62826"}],"wp:term":[{"taxonomy":"category","embeddable":true,"href":"https:\/\/cuernavaca.gob.mx\/index.php?rest_route=%2Fwp%2Fv2%2Fcategories&post=62826"},{"taxonomy":"post_tag","embeddable":true,"href":"https:\/\/cuernavaca.gob.mx\/index.php?rest_route=%2Fwp%2Fv2%2Ftags&post=62826"}],"curies":[{"name":"wp","href":"https:\/\/api.w.org\/{rel}","templated":true}]}}