{"id":8657,"date":"2021-12-31T12:00:00","date_gmt":"2021-12-31T12:00:00","guid":{"rendered":"http:\/\/cuernavaca.gob.mx\/?p=8657"},"modified":"2025-05-06T10:53:17","modified_gmt":"2025-05-06T16:53:17","slug":"en-cuernavaca-no-habra-impunidad-ni-olvido-jose-luis-uriostegui-salgado","status":"publish","type":"post","link":"https:\/\/cuernavaca.gob.mx\/?p=8657","title":{"rendered":"En Cuernavaca, no habr\u00e1 impunidad ni olvido: Jos\u00e9 Luis Uri\u00f3stegui Salgado"},"content":{"rendered":"\n<ul><li><strong>Toman protesta las y los integrantes que integran el Cabildo del Gobierno Municipal para el periodo 2022-2024<\/strong><\/li><li><strong>El alcalde de Cuernavaca anunci\u00f3 la construcci\u00f3n de un gobierno honesto, eficaz, austero y de resultados<\/strong><\/li><\/ul>\n\n\n\n<p>Al rendir protesta constitucional como presidente municipal de Cuernavaca para el periodo 2022-2024, Jos\u00e9 Luis Uri\u00f3stegui Salgado, sostuvo que el cabildo que entra en funciones tiene como principal compromiso llevar un gobierno honesto, eficaz y comprometido con el desarrollo de la ciudad, con resultados que permitan revertir lo que hoy se tiene, una ciudad abandonada por sus autoridades que prefirieron cruzarse de brazos ante la supuesta carencia de recursos.<\/p>\n\n\n\n<p>A esas autoridades, asegur\u00f3 Jos\u00e9 Luis Uri\u00f3stegui, la sociedad ya les ha juzgado y esperan que se aplique la ley.<\/p>\n\n\n\n<blockquote class=\"wp-block-quote\"><p>\u201cNo seremos inquisidores, pero tampoco c\u00f3mplices; quien haya sido omiso, quien con sus excesos haya transgredido los derechos de otros o haya incurrido en actos de corrupci\u00f3n o desviado recursos en detrimento de erario municipal ser\u00e1 denunciado y perseguido ante las autoridades competentes, para que se les impongan las sanciones que les corresponden. No habr\u00e1 impunidad ni olvido\u201d, dijo.<\/p><\/blockquote>\n\n\n\n<p>Tras escuchar los posicionamientos de las y los regidores de las siete fuerzas pol\u00edticas que integran el Cabildo del Gobierno de Cuernavaca, en Sesi\u00f3n P\u00fablica y Solemne realizada en el parque Siqueiros de esta ciudad, Jos\u00e9 Luis Uri\u00f3stegui resalt\u00f3 que en un trabajo conjunto que desde hace tres meses se ha emprendido, se cuenta con las bases para iniciar la construcci\u00f3n de una administraci\u00f3n eficiente que responda a las expectativas de la gente.<\/p>\n\n\n\n<p>En ese sentido, detall\u00f3 que se ha realizado una revisi\u00f3n preliminar del gasto corriente y se detectaron partidas econ\u00f3micas y \u00e1reas administrativas que no son indispensables, anunciando la desaparici\u00f3n de la Secretar\u00eda T\u00e9cnica de la Presidencia, de Subsecretar\u00edas, fusi\u00f3n de Direcciones y generar un solo tabulador salarial que elimine la discrecionalidad de recursos.<\/p>\n\n\n\n<p>En cuanto al Sistema de Agua Potable y Alcantarillado de Cuernavaca (SAPAC), el presidente municipal atribuy\u00f3 la preocupante situaci\u00f3n que enfrenta a la corrupci\u00f3n, la ineficiencia, la falta de previsi\u00f3n y deudas que viene arrastrando de hace a\u00f1os.<\/p>\n\n\n\n<blockquote class=\"wp-block-quote\"><p>\u201cSanearemos SAPAC y para ello implementaremos controles que impidan el desv\u00edo de recursos econ\u00f3micos o su dilapidaci\u00f3n en gasto innecesario, sea de car\u00e1cter administrativo, de energ\u00eda el\u00e9ctrica o extracci\u00f3n de agua del subsuelo, regularizando las tomas que actualmente no estas registradas\u201d, adelant\u00f3.<\/p><\/blockquote>\n\n\n\n<p>Jos\u00e9 Luis Uri\u00f3stegui tambi\u00e9n dio a conocer que cada persona de nuevo ingreso al servicio p\u00fablico en el Ayuntamiento de Cuernavaca, deber\u00e1 firmar un contrato por un tiempo de cuatro meses, de tal manera que quien no cumpla con sus responsabilidades y metas, se ir\u00e1 de manera autom\u00e1tica sin derecho a una indemnizaci\u00f3n , caso contrario , quienes demuestren entrega y resultados, les ser\u00e1 ampliado el contrato, porque en el nuevo gobierno insisti\u00f3, que todas y todos en el Gobierno Municipal estar\u00e1n sujetos al escrutinio p\u00fablico.<\/p>\n\n\n\n<p>En materia de seguridad, Uri\u00f3stegui Salgado adelant\u00f3 que se trabaja en un dise\u00f1o de pol\u00edticas de prevenci\u00f3n ciudadana, en la integraci\u00f3n de una polic\u00eda cibern\u00e9tica y la construcci\u00f3n de un C-2 con c\u00e1maras de video vigilancia en zonas estrat\u00e9gicas, adem\u00e1s de que se tendr\u00e1 apoyo a\u00e9reo con drones para vigilar la v\u00eda p\u00fablica, para reducir la actuaci\u00f3n de delincuentes de manera impune. &nbsp;<\/p>\n\n\n\n<blockquote class=\"wp-block-quote\"><p>\u201cDe forma inmediata, asumiremos la responsabilidad constitucional de la prevenci\u00f3n del delito, para lo cual se distribuir\u00e1 territorialmente a los elementos de la polic\u00eda municipal para auxiliar a la poblaci\u00f3n que lo requiera. Reconozco tambi\u00e9n que hemos recibido el respaldo del Ejecutivo Estatal para Cuernavaca, que, al no firmar el Convenio de Mando Coordinado, siga recibiendo el apoyo de la portaci\u00f3n de armas, en la radiocomunicaci\u00f3n y en las estrategias operativas\u201d.<\/p><\/blockquote>\n\n\n\n<p>Tambi\u00e9n esta considerado mejorar las precepciones salariales de los elementos de la polic\u00eda municipal, o en caso de no tener la capacidad econ\u00f3mica, se entregar\u00e1n est\u00edmulos econ\u00f3micos a quienes destaquen por su entrega y el profesionalismo.<\/p>\n\n\n\n<p>Jos\u00e9 Luis Uri\u00f3stegui asegur\u00f3 que s\u00ed es posible tener una administraci\u00f3n austera y de resultados, para lo cual se han planteado como meta de los primeros 100 d\u00edas de gobierno en los que se implementaran un programa de vialidades seguras, que involucra trece avenidas y calles principales, con bacheo integral, balizamiento, reparaci\u00f3n de banquetas, poda de \u00e1rboles, reubicaci\u00f3n de se\u00f1al\u00e9tica para aprovechamiento de \u00e1reas peatonales, colocaci\u00f3n de luminarias con mayor eficiencia y ahorro energ\u00e9tico.<\/p>\n\n\n\n<p>Tambi\u00e9n reconoci\u00f3 la respuesta que se tuvo a trav\u00e9s de la participaci\u00f3n ciudadana en los Foros de Consulta que el entonces Cabildo Electo, realiz\u00f3 en el mes de septiembre pasado, donde se obtuvieron m\u00e1s de 250 propuestas, proyectos y sugerencias que permitieron integrar una glosa que sirve de anteproyecto del Plan Municipal de Desarrollo que regir\u00e1 durante los tres a\u00f1os de la administraci\u00f3n y ejes para los pr\u00f3ximos veinte o treinta a\u00f1os, siendo Cuernavaca el primer Ayuntamiento en presentar al Congreso del Estado, un plan de este tipo.<\/p>\n\n\n\n<blockquote class=\"wp-block-quote\"><p>Y agreg\u00f3, \u201cNing\u00fan gobierno puede por s\u00ed solo atender, ni menos resolver la compleja problem\u00e1tica de nuestra \u00e9poca; requerimos del esfuerzo, capacidades y compromiso de todas y todos, a eso les convoco y a eso nos comprometemos\u201d.<\/p><\/blockquote>\n\n\n\n<p>Para lograr estos objetivos, el presidente municipal de Cuernavaca reconoci\u00f3 la importancia de sumar las capacidades, experiencias y deseos de servir honor\u00edficamente a la ciudad, por lo que se ampliar\u00e1 la participaci\u00f3n ciudadana a trav\u00e9s de la conformaci\u00f3n de seis Consejos:<\/p>\n\n\n\n<p>Consejo para al Cultura y las Artes; Consejo Ciudadano para el desarrollo Econ\u00f3mico y Turismo; Consejo Consultivo Ciudadano para el Desarrollo de la ciudad; Consejo Municipal de Seguridad P\u00fablica; Consejo de Cronistas y el Consejo de Tutelas.<\/p>\n\n\n\n<p>Adelant\u00f3 la creaci\u00f3n del Instituto Municipal de Planeaci\u00f3n que, junto con el Consejo Consultivo Ciudadano, constituir\u00e1 la columna vertebral del desarrollo a mediano y largo plazo, trascendiendo la duraci\u00f3n de administraciones municipales, en beneficio de la sociedad, atendiendo los objetivos de desarrollo sustentable que la ONU plasma en la Agenda 20-30. A esta Sesi\u00f3n P\u00fablica y Solemne de toma de protesta del Cabildo del Gobierno de Cuernavaca para el periodo 2022-2024, se cont\u00f3 con la asistencia de los representantes de los tres Poderes del Estado, Pablo Ojeda C\u00e1rdenas, secretario de Gobierno en representaci\u00f3n del Poder Ejecutivo, el magistrado Rub\u00e9n Jasso Diaz, presidente del Tribunal Superior de Justicia en representaci\u00f3n del Poder Judicial&nbsp; y del diputado Francisco S\u00e1nchez Zavala, presidente de la Mesa Directiva del Congreso del Estado, en representaci\u00f3n del Poder Legislativo,<\/p>\n\n\n\n<figure class=\"wp-container-2 wp-block-gallery-1 wp-block-gallery has-nested-images columns-default is-cropped\">\n<figure class=\"wp-block-image size-large\"><img loading=\"lazy\" width=\"1024\" height=\"682\" data-id=\"8658\"  src=\"https:\/\/cuernavaca.gob.mx\/wp-content\/uploads\/2022\/01\/Toma-de-protesta-Jose-Luis-Urio\u0301stegui-Salgado-01-1024x682.jpg\" alt=\"\" class=\"wp-image-8658\" srcset=\"https:\/\/cuernavaca.gob.mx\/wp-content\/uploads\/2022\/01\/Toma-de-protesta-Jose-Luis-Urio\u0301stegui-Salgado-01-1024x682.jpg 1024w, https:\/\/cuernavaca.gob.mx\/wp-content\/uploads\/2022\/01\/Toma-de-protesta-Jose-Luis-Urio\u0301stegui-Salgado-01-300x200.jpg 300w, https:\/\/cuernavaca.gob.mx\/wp-content\/uploads\/2022\/01\/Toma-de-protesta-Jose-Luis-Urio\u0301stegui-Salgado-01-768x511.jpg 768w, https:\/\/cuernavaca.gob.mx\/wp-content\/uploads\/2022\/01\/Toma-de-protesta-Jose-Luis-Urio\u0301stegui-Salgado-01-600x399.jpg 600w, https:\/\/cuernavaca.gob.mx\/wp-content\/uploads\/2022\/01\/Toma-de-protesta-Jose-Luis-Urio\u0301stegui-Salgado-01-560x373.jpg 560w, https:\/\/cuernavaca.gob.mx\/wp-content\/uploads\/2022\/01\/Toma-de-protesta-Jose-Luis-Urio\u0301stegui-Salgado-01.jpg 1280w\" sizes=\"(max-width: 1024px) 100vw, 1024px\" \/><\/figure>\n\n\n\n<figure class=\"wp-block-image size-large\"><img loading=\"lazy\" width=\"1024\" height=\"634\" data-id=\"8659\"  src=\"https:\/\/cuernavaca.gob.mx\/wp-content\/uploads\/2022\/01\/Toma-de-protesta-Jose-Luis-Urio\u0301stegui-Salgado-02-1024x634.jpg\" alt=\"\" class=\"wp-image-8659\" srcset=\"https:\/\/cuernavaca.gob.mx\/wp-content\/uploads\/2022\/01\/Toma-de-protesta-Jose-Luis-Urio\u0301stegui-Salgado-02-1024x634.jpg 1024w, https:\/\/cuernavaca.gob.mx\/wp-content\/uploads\/2022\/01\/Toma-de-protesta-Jose-Luis-Urio\u0301stegui-Salgado-02-300x186.jpg 300w, https:\/\/cuernavaca.gob.mx\/wp-content\/uploads\/2022\/01\/Toma-de-protesta-Jose-Luis-Urio\u0301stegui-Salgado-02-768x475.jpg 768w, https:\/\/cuernavaca.gob.mx\/wp-content\/uploads\/2022\/01\/Toma-de-protesta-Jose-Luis-Urio\u0301stegui-Salgado-02-600x371.jpg 600w, https:\/\/cuernavaca.gob.mx\/wp-content\/uploads\/2022\/01\/Toma-de-protesta-Jose-Luis-Urio\u0301stegui-Salgado-02-560x347.jpg 560w, https:\/\/cuernavaca.gob.mx\/wp-content\/uploads\/2022\/01\/Toma-de-protesta-Jose-Luis-Urio\u0301stegui-Salgado-02.jpg 1280w\" sizes=\"(max-width: 1024px) 100vw, 1024px\" \/><\/figure>\n\n\n\n<figure class=\"wp-block-image size-large\"><img loading=\"lazy\" width=\"1024\" height=\"682\" data-id=\"8660\"  src=\"https:\/\/cuernavaca.gob.mx\/wp-content\/uploads\/2022\/01\/Toma-de-protesta-Jose-Luis-Urio\u0301stegui-Salgado-03-1024x682.jpg\" alt=\"\" class=\"wp-image-8660\" srcset=\"https:\/\/cuernavaca.gob.mx\/wp-content\/uploads\/2022\/01\/Toma-de-protesta-Jose-Luis-Urio\u0301stegui-Salgado-03-1024x682.jpg 1024w, https:\/\/cuernavaca.gob.mx\/wp-content\/uploads\/2022\/01\/Toma-de-protesta-Jose-Luis-Urio\u0301stegui-Salgado-03-300x200.jpg 300w, https:\/\/cuernavaca.gob.mx\/wp-content\/uploads\/2022\/01\/Toma-de-protesta-Jose-Luis-Urio\u0301stegui-Salgado-03-768x511.jpg 768w, https:\/\/cuernavaca.gob.mx\/wp-content\/uploads\/2022\/01\/Toma-de-protesta-Jose-Luis-Urio\u0301stegui-Salgado-03-600x399.jpg 600w, https:\/\/cuernavaca.gob.mx\/wp-content\/uploads\/2022\/01\/Toma-de-protesta-Jose-Luis-Urio\u0301stegui-Salgado-03-560x373.jpg 560w, https:\/\/cuernavaca.gob.mx\/wp-content\/uploads\/2022\/01\/Toma-de-protesta-Jose-Luis-Urio\u0301stegui-Salgado-03.jpg 1280w\" sizes=\"(max-width: 1024px) 100vw, 1024px\" \/><\/figure>\n\n\n\n<figure class=\"wp-block-image size-large\"><img loading=\"lazy\" width=\"1024\" height=\"661\" data-id=\"8661\"  src=\"https:\/\/cuernavaca.gob.mx\/wp-content\/uploads\/2022\/01\/Toma-de-protesta-Jose-Luis-Urio\u0301stegui-Salgado-04-1024x661.jpg\" alt=\"\" class=\"wp-image-8661\" srcset=\"https:\/\/cuernavaca.gob.mx\/wp-content\/uploads\/2022\/01\/Toma-de-protesta-Jose-Luis-Urio\u0301stegui-Salgado-04-1024x661.jpg 1024w, https:\/\/cuernavaca.gob.mx\/wp-content\/uploads\/2022\/01\/Toma-de-protesta-Jose-Luis-Urio\u0301stegui-Salgado-04-300x194.jpg 300w, https:\/\/cuernavaca.gob.mx\/wp-content\/uploads\/2022\/01\/Toma-de-protesta-Jose-Luis-Urio\u0301stegui-Salgado-04-768x496.jpg 768w, https:\/\/cuernavaca.gob.mx\/wp-content\/uploads\/2022\/01\/Toma-de-protesta-Jose-Luis-Urio\u0301stegui-Salgado-04-600x387.jpg 600w, https:\/\/cuernavaca.gob.mx\/wp-content\/uploads\/2022\/01\/Toma-de-protesta-Jose-Luis-Urio\u0301stegui-Salgado-04-560x361.jpg 560w, https:\/\/cuernavaca.gob.mx\/wp-content\/uploads\/2022\/01\/Toma-de-protesta-Jose-Luis-Urio\u0301stegui-Salgado-04.jpg 1280w\" sizes=\"(max-width: 1024px) 100vw, 1024px\" \/><\/figure>\n<\/figure>\n","protected":false},"excerpt":{"rendered":"<p>Toman protesta las y los integrantes que integran el Cabildo del Gobierno Municipal para el periodo 2022-2024 El alcalde de Cuernavaca anunci\u00f3 la construcci\u00f3n de un gobierno honesto, eficaz, austero y de resultados Al rendir protesta constitucional como presidente municipal de Cuernavaca para el periodo 2022-2024, Jos\u00e9 Luis Uri\u00f3stegui Salgado, sostuvo que el cabildo que [&hellip;]<\/p>\n","protected":false},"author":1,"featured_media":8658,"comment_status":"closed","ping_status":"closed","sticky":false,"template":"","format":"standard","meta":[],"categories":[20],"tags":[128,126,121,123,120,127,124,125,122],"aioseo_notices":[],"_links":{"self":[{"href":"https:\/\/cuernavaca.gob.mx\/index.php?rest_route=\/wp\/v2\/posts\/8657"}],"collection":[{"href":"https:\/\/cuernavaca.gob.mx\/index.php?rest_route=\/wp\/v2\/posts"}],"about":[{"href":"https:\/\/cuernavaca.gob.mx\/index.php?rest_route=\/wp\/v2\/types\/post"}],"author":[{"embeddable":true,"href":"https:\/\/cuernavaca.gob.mx\/index.php?rest_route=\/wp\/v2\/users\/1"}],"replies":[{"embeddable":true,"href":"https:\/\/cuernavaca.gob.mx\/index.php?rest_route=%2Fwp%2Fv2%2Fcomments&post=8657"}],"version-history":[{"count":3,"href":"https:\/\/cuernavaca.gob.mx\/index.php?rest_route=\/wp\/v2\/posts\/8657\/revisions"}],"predecessor-version":[{"id":18506,"href":"https:\/\/cuernavaca.gob.mx\/index.php?rest_route=\/wp\/v2\/posts\/8657\/revisions\/18506"}],"wp:featuredmedia":[{"embeddable":true,"href":"https:\/\/cuernavaca.gob.mx\/index.php?rest_route=\/wp\/v2\/media\/8658"}],"wp:attachment":[{"href":"https:\/\/cuernavaca.gob.mx\/index.php?rest_route=%2Fwp%2Fv2%2Fmedia&parent=8657"}],"wp:term":[{"taxonomy":"category","embeddable":true,"href":"https:\/\/cuernavaca.gob.mx\/index.php?rest_route=%2Fwp%2Fv2%2Fcategories&post=8657"},{"taxonomy":"post_tag","embeddable":true,"href":"https:\/\/cuernavaca.gob.mx\/index.php?rest_route=%2Fwp%2Fv2%2Ftags&post=8657"}],"curies":[{"name":"wp","href":"https:\/\/api.w.org\/{rel}","templated":true}]}}