{"id":8733,"date":"2022-01-05T13:00:00","date_gmt":"2022-01-05T13:00:00","guid":{"rendered":"http:\/\/cuernavaca.gob.mx\/?p=8733"},"modified":"2025-05-06T10:53:15","modified_gmt":"2025-05-06T16:53:15","slug":"acuerda-cabildo-de-cuernavaca-proteger-a-la-base-trabajadora-a-los-que-se-adeudan-pagos-de-la-anterior-administracion","status":"publish","type":"post","link":"https:\/\/cuernavaca.gob.mx\/?p=8733","title":{"rendered":"Acuerda Cabildo de Cuernavaca proteger a la base trabajadora a los que se adeudan pagos de la anterior administraci\u00f3n"},"content":{"rendered":"\n<p><strong>Exigen regidoras y regidores llegar al fondo de observaciones hechas por Tesorer\u00eda y la Secretar\u00eda de Administraci\u00f3n<\/strong><\/p>\n\n\n\n<p>Por acuerdo de Cabildo y a solicitud del presidente municipal de Cuernavaca, Jos\u00e9 Luis Uri\u00f3stegui Salgado, la Tesorer\u00eda Municipal cubrir\u00e1 este viernes 7 de enero la segunda quincena de diciembre y aguinaldo a trabajadoras\/es jubilados, pensionados e incapacitados y, la siguiente semana, a los sindicalizados\/as, de base y de confianza.<br>Con el mismo objetivo de proteger a la base laboral del Gobierno Municipal 2022-2024, Uri\u00f3stegui Salgado orden\u00f3 al titular de la Secretar\u00eda de la Administraci\u00f3n, Israel Y\u00fadico Herrera y al tesorero municipal, Carlos Arozarena Salazar, revisar y renegociar el adeudo con el Instituto de Cr\u00e9dito de Trabajadores al Servicio del Gobierno del Estado de Morelos (ICTSGEM), a fin de reanudar el convenio del Ayuntamiento de Cuernavaca con dicha instituci\u00f3n.<br>As\u00ed lo dispuso el presidente municipal al encabezar la primera sesi\u00f3n extraordinaria p\u00fablica de Cabildo, realizada la ma\u00f1ana de este martes en el Sal\u00f3n Presidentes del Museo de la Ciudad, declarado sede oficial y permanente del organismo colegiado cuernavacense.<br>Los titulares de la Secretar\u00eda de Administraci\u00f3n y Tesorer\u00eda, rindieron sendos informes de las dependencias a su cargo, resaltando diversos y urgentes adeudos no cubiertos por la administraci\u00f3n anterior, as\u00ed como la no aclarada disposici\u00f3n de recursos asignados para el gobierno entrante.<br>A pregunta expresa del presidente municipal, el tesorero municipal, Carlos Arozarena, precis\u00f3 cifras de las cantidades atrasadas de las prestaciones a cubrir: 27 millones de pesos (mdp) de la segunda parte del aguinaldo; 35 mdp por concepto de la segunda parte de la quincena de diciembre a sindicalizados y 5 millones 513 mil pesos por similares conceptos a jubilados, pensionados e incapacitados.<br>Agreg\u00f3 el funcionario que existe un pasivo de laudos laborales por 9 millones 162 mil pesos, debido a la vigencia de 28 finiquitos, 6 juicios laborales y seguros de vida; adem\u00e1s de pagos vencidos con el ISSSTE y FONACOT.<br>Ante los faltantes y adeudos, regidores como Fernando Carrillo y Hugo Manzo God\u00ednez, las regidoras Paty Torres y Paz Hern\u00e1ndez, as\u00ed como la Sindica Municipal, Ver\u00f3nica Atenco P\u00e9rez, coincidieron en insistir que la nueva administraci\u00f3n de la ciudad &#8220;no debe ser tapadera, por lo que se tomar\u00e1n medidas administrativas y judiciales para fincar responsabilidades, una vez aclarado el fondo y origen de los exagerados adeudos.&#8221;<\/p>\n\n\n\n<figure class=\"wp-container-2 wp-block-gallery-1 wp-block-gallery columns-3 is-cropped\"><ul class=\"blocks-gallery-grid\"><li class=\"blocks-gallery-item\"><figure><img loading=\"lazy\" width=\"1024\" height=\"683\" src=\"https:\/\/cuernavaca.gob.mx\/wp-content\/uploads\/2022\/01\/Acuerda-Cabildo-de-Cuernavaca-proteger-a-la-base-trabajadora-02-1024x683.jpg\" alt=\"\" data-id=\"8735\" data-full-url=\"https:\/\/cuernavaca.gob.mx\/wp-content\/uploads\/2022\/01\/Acuerda-Cabildo-de-Cuernavaca-proteger-a-la-base-trabajadora-02.jpg\" data-link=\"https:\/\/cuernavaca.gob.mx\/?attachment_id=8735\" class=\"wp-image-8735\" srcset=\"https:\/\/cuernavaca.gob.mx\/wp-content\/uploads\/2022\/01\/Acuerda-Cabildo-de-Cuernavaca-proteger-a-la-base-trabajadora-02-1024x683.jpg 1024w, https:\/\/cuernavaca.gob.mx\/wp-content\/uploads\/2022\/01\/Acuerda-Cabildo-de-Cuernavaca-proteger-a-la-base-trabajadora-02-300x200.jpg 300w, https:\/\/cuernavaca.gob.mx\/wp-content\/uploads\/2022\/01\/Acuerda-Cabildo-de-Cuernavaca-proteger-a-la-base-trabajadora-02-768x512.jpg 768w, https:\/\/cuernavaca.gob.mx\/wp-content\/uploads\/2022\/01\/Acuerda-Cabildo-de-Cuernavaca-proteger-a-la-base-trabajadora-02-1536x1024.jpg 1536w, https:\/\/cuernavaca.gob.mx\/wp-content\/uploads\/2022\/01\/Acuerda-Cabildo-de-Cuernavaca-proteger-a-la-base-trabajadora-02-600x400.jpg 600w, https:\/\/cuernavaca.gob.mx\/wp-content\/uploads\/2022\/01\/Acuerda-Cabildo-de-Cuernavaca-proteger-a-la-base-trabajadora-02-560x373.jpg 560w, https:\/\/cuernavaca.gob.mx\/wp-content\/uploads\/2022\/01\/Acuerda-Cabildo-de-Cuernavaca-proteger-a-la-base-trabajadora-02.jpg 1599w\" sizes=\"(max-width: 1024px) 100vw, 1024px\" \/><\/figure><\/li><li class=\"blocks-gallery-item\"><figure><img loading=\"lazy\" width=\"1024\" height=\"683\" src=\"https:\/\/cuernavaca.gob.mx\/wp-content\/uploads\/2022\/01\/Acuerda-Cabildo-de-Cuernavaca-proteger-a-la-base-trabajadora-03-1024x683.jpg\" alt=\"\" data-id=\"8736\" data-full-url=\"https:\/\/cuernavaca.gob.mx\/wp-content\/uploads\/2022\/01\/Acuerda-Cabildo-de-Cuernavaca-proteger-a-la-base-trabajadora-03.jpg\" data-link=\"https:\/\/cuernavaca.gob.mx\/?attachment_id=8736\" class=\"wp-image-8736\" srcset=\"https:\/\/cuernavaca.gob.mx\/wp-content\/uploads\/2022\/01\/Acuerda-Cabildo-de-Cuernavaca-proteger-a-la-base-trabajadora-03-1024x683.jpg 1024w, https:\/\/cuernavaca.gob.mx\/wp-content\/uploads\/2022\/01\/Acuerda-Cabildo-de-Cuernavaca-proteger-a-la-base-trabajadora-03-300x200.jpg 300w, https:\/\/cuernavaca.gob.mx\/wp-content\/uploads\/2022\/01\/Acuerda-Cabildo-de-Cuernavaca-proteger-a-la-base-trabajadora-03-768x512.jpg 768w, https:\/\/cuernavaca.gob.mx\/wp-content\/uploads\/2022\/01\/Acuerda-Cabildo-de-Cuernavaca-proteger-a-la-base-trabajadora-03-1536x1024.jpg 1536w, https:\/\/cuernavaca.gob.mx\/wp-content\/uploads\/2022\/01\/Acuerda-Cabildo-de-Cuernavaca-proteger-a-la-base-trabajadora-03-600x400.jpg 600w, https:\/\/cuernavaca.gob.mx\/wp-content\/uploads\/2022\/01\/Acuerda-Cabildo-de-Cuernavaca-proteger-a-la-base-trabajadora-03-560x373.jpg 560w, https:\/\/cuernavaca.gob.mx\/wp-content\/uploads\/2022\/01\/Acuerda-Cabildo-de-Cuernavaca-proteger-a-la-base-trabajadora-03.jpg 1599w\" sizes=\"(max-width: 1024px) 100vw, 1024px\" \/><\/figure><\/li><li class=\"blocks-gallery-item\"><figure><img loading=\"lazy\" width=\"1024\" height=\"683\" src=\"https:\/\/cuernavaca.gob.mx\/wp-content\/uploads\/2022\/01\/Acuerda-Cabildo-de-Cuernavaca-proteger-a-la-base-trabajadora-04-1024x683.jpg\" alt=\"\" data-id=\"8737\" data-full-url=\"https:\/\/cuernavaca.gob.mx\/wp-content\/uploads\/2022\/01\/Acuerda-Cabildo-de-Cuernavaca-proteger-a-la-base-trabajadora-04.jpg\" data-link=\"https:\/\/cuernavaca.gob.mx\/?attachment_id=8737\" class=\"wp-image-8737\" srcset=\"https:\/\/cuernavaca.gob.mx\/wp-content\/uploads\/2022\/01\/Acuerda-Cabildo-de-Cuernavaca-proteger-a-la-base-trabajadora-04-1024x683.jpg 1024w, https:\/\/cuernavaca.gob.mx\/wp-content\/uploads\/2022\/01\/Acuerda-Cabildo-de-Cuernavaca-proteger-a-la-base-trabajadora-04-300x200.jpg 300w, https:\/\/cuernavaca.gob.mx\/wp-content\/uploads\/2022\/01\/Acuerda-Cabildo-de-Cuernavaca-proteger-a-la-base-trabajadora-04-768x512.jpg 768w, https:\/\/cuernavaca.gob.mx\/wp-content\/uploads\/2022\/01\/Acuerda-Cabildo-de-Cuernavaca-proteger-a-la-base-trabajadora-04-1536x1024.jpg 1536w, https:\/\/cuernavaca.gob.mx\/wp-content\/uploads\/2022\/01\/Acuerda-Cabildo-de-Cuernavaca-proteger-a-la-base-trabajadora-04-600x400.jpg 600w, https:\/\/cuernavaca.gob.mx\/wp-content\/uploads\/2022\/01\/Acuerda-Cabildo-de-Cuernavaca-proteger-a-la-base-trabajadora-04-560x373.jpg 560w, https:\/\/cuernavaca.gob.mx\/wp-content\/uploads\/2022\/01\/Acuerda-Cabildo-de-Cuernavaca-proteger-a-la-base-trabajadora-04.jpg 1599w\" sizes=\"(max-width: 1024px) 100vw, 1024px\" \/><\/figure><\/li><li class=\"blocks-gallery-item\"><figure><img loading=\"lazy\" width=\"1024\" height=\"683\" src=\"https:\/\/cuernavaca.gob.mx\/wp-content\/uploads\/2022\/01\/Acuerda-Cabildo-de-Cuernavaca-proteger-a-la-base-trabajadora-01-1024x683.jpg\" alt=\"\" data-id=\"8734\" data-full-url=\"https:\/\/cuernavaca.gob.mx\/wp-content\/uploads\/2022\/01\/Acuerda-Cabildo-de-Cuernavaca-proteger-a-la-base-trabajadora-01.jpg\" data-link=\"https:\/\/cuernavaca.gob.mx\/?attachment_id=8734\" class=\"wp-image-8734\" srcset=\"https:\/\/cuernavaca.gob.mx\/wp-content\/uploads\/2022\/01\/Acuerda-Cabildo-de-Cuernavaca-proteger-a-la-base-trabajadora-01-1024x683.jpg 1024w, https:\/\/cuernavaca.gob.mx\/wp-content\/uploads\/2022\/01\/Acuerda-Cabildo-de-Cuernavaca-proteger-a-la-base-trabajadora-01-300x200.jpg 300w, https:\/\/cuernavaca.gob.mx\/wp-content\/uploads\/2022\/01\/Acuerda-Cabildo-de-Cuernavaca-proteger-a-la-base-trabajadora-01-768x512.jpg 768w, https:\/\/cuernavaca.gob.mx\/wp-content\/uploads\/2022\/01\/Acuerda-Cabildo-de-Cuernavaca-proteger-a-la-base-trabajadora-01-1536x1024.jpg 1536w, https:\/\/cuernavaca.gob.mx\/wp-content\/uploads\/2022\/01\/Acuerda-Cabildo-de-Cuernavaca-proteger-a-la-base-trabajadora-01-600x400.jpg 600w, https:\/\/cuernavaca.gob.mx\/wp-content\/uploads\/2022\/01\/Acuerda-Cabildo-de-Cuernavaca-proteger-a-la-base-trabajadora-01-560x373.jpg 560w, https:\/\/cuernavaca.gob.mx\/wp-content\/uploads\/2022\/01\/Acuerda-Cabildo-de-Cuernavaca-proteger-a-la-base-trabajadora-01.jpg 1599w\" sizes=\"(max-width: 1024px) 100vw, 1024px\" \/><\/figure><\/li><\/ul><\/figure>\n","protected":false},"excerpt":{"rendered":"<p>Exigen regidoras y regidores llegar al fondo de observaciones hechas por Tesorer\u00eda y la Secretar\u00eda de Administraci\u00f3n Por acuerdo de Cabildo y a solicitud del presidente municipal de Cuernavaca, Jos\u00e9 Luis Uri\u00f3stegui Salgado, la Tesorer\u00eda Municipal cubrir\u00e1 este viernes 7 de enero la segunda quincena de diciembre y aguinaldo a trabajadoras\/es jubilados, pensionados e incapacitados [&hellip;]<\/p>\n","protected":false},"author":1,"featured_media":8735,"comment_status":"closed","ping_status":"closed","sticky":false,"template":"","format":"standard","meta":[],"categories":[20],"tags":[160,158,121,120,159,161],"aioseo_notices":[],"_links":{"self":[{"href":"https:\/\/cuernavaca.gob.mx\/index.php?rest_route=\/wp\/v2\/posts\/8733"}],"collection":[{"href":"https:\/\/cuernavaca.gob.mx\/index.php?rest_route=\/wp\/v2\/posts"}],"about":[{"href":"https:\/\/cuernavaca.gob.mx\/index.php?rest_route=\/wp\/v2\/types\/post"}],"author":[{"embeddable":true,"href":"https:\/\/cuernavaca.gob.mx\/index.php?rest_route=\/wp\/v2\/users\/1"}],"replies":[{"embeddable":true,"href":"https:\/\/cuernavaca.gob.mx\/index.php?rest_route=%2Fwp%2Fv2%2Fcomments&post=8733"}],"version-history":[{"count":1,"href":"https:\/\/cuernavaca.gob.mx\/index.php?rest_route=\/wp\/v2\/posts\/8733\/revisions"}],"predecessor-version":[{"id":8738,"href":"https:\/\/cuernavaca.gob.mx\/index.php?rest_route=\/wp\/v2\/posts\/8733\/revisions\/8738"}],"wp:featuredmedia":[{"embeddable":true,"href":"https:\/\/cuernavaca.gob.mx\/index.php?rest_route=\/wp\/v2\/media\/8735"}],"wp:attachment":[{"href":"https:\/\/cuernavaca.gob.mx\/index.php?rest_route=%2Fwp%2Fv2%2Fmedia&parent=8733"}],"wp:term":[{"taxonomy":"category","embeddable":true,"href":"https:\/\/cuernavaca.gob.mx\/index.php?rest_route=%2Fwp%2Fv2%2Fcategories&post=8733"},{"taxonomy":"post_tag","embeddable":true,"href":"https:\/\/cuernavaca.gob.mx\/index.php?rest_route=%2Fwp%2Fv2%2Ftags&post=8733"}],"curies":[{"name":"wp","href":"https:\/\/api.w.org\/{rel}","templated":true}]}}