{"id":8746,"date":"2022-01-05T16:00:00","date_gmt":"2022-01-05T16:00:00","guid":{"rendered":"http:\/\/cuernavaca.gob.mx\/?p=8746"},"modified":"2025-05-06T10:53:14","modified_gmt":"2025-05-06T16:53:14","slug":"rinden-protesta-nuevos-integrantes-del-consejo-local-de-tutelas-de-cuernavaca","status":"publish","type":"post","link":"https:\/\/cuernavaca.gob.mx\/?p=8746","title":{"rendered":"Rinden protesta nuevos integrantes del Consejo Local de Tutelas de Cuernavaca"},"content":{"rendered":"\n<p>En sesi\u00f3n extraordinaria, el Cabildo del Gobierno Municipal de Cuernavaca que preside Jos\u00e9 Luis Uri\u00f3stegui Salgado, aprob\u00f3 la designaci\u00f3n de las nuevas integrantes del Consejo Local de Tutelas, cuyas integrantes por su destacada labor en apoyo a sectores sociales en condiciones de riesgo, fueron propuestas y avaladas para integrar este \u00f3rgano de vigilancia y de informaci\u00f3n en t\u00e9rminos a lo que establece el C\u00f3digo Familiar.<\/p>\n\n\n\n<p>De esta manera se tom\u00f3 protesta a Marisol Rodr\u00edguez Gonz\u00e1lez como presidenta del Consejo; a Mar\u00eda de Jes\u00fas L\u00f3pez Ch\u00e1vez como vocal uno y a Cecilia Blanchet Pezet como vocal dos.<\/p>\n\n\n\n<p>El Consejo Local de Tutelas tendr\u00e1 entre otras funciones, acompa\u00f1ar al Sistema DIF Cuernavaca, el Instituto de la Mujer y la Secretar\u00eda de Bienestar Social del municipio, en asuntos relacionados a la tutela de ni\u00f1as, ni\u00f1os, adolescentes y personas con discapacidad.<\/p>\n\n\n\n<figure class=\"wp-container-2 wp-block-gallery-1 wp-block-gallery columns-2 is-cropped\"><ul class=\"blocks-gallery-grid\"><li class=\"blocks-gallery-item\"><figure><img loading=\"lazy\" width=\"1024\" height=\"683\" src=\"https:\/\/cuernavaca.gob.mx\/wp-content\/uploads\/2022\/01\/Consejo-Local-de-Tutelas-01-1024x683.jpg\" alt=\"\" data-id=\"8747\" data-full-url=\"https:\/\/cuernavaca.gob.mx\/wp-content\/uploads\/2022\/01\/Consejo-Local-de-Tutelas-01.jpg\" data-link=\"https:\/\/cuernavaca.gob.mx\/?attachment_id=8747\" class=\"wp-image-8747\" srcset=\"https:\/\/cuernavaca.gob.mx\/wp-content\/uploads\/2022\/01\/Consejo-Local-de-Tutelas-01-1024x683.jpg 1024w, https:\/\/cuernavaca.gob.mx\/wp-content\/uploads\/2022\/01\/Consejo-Local-de-Tutelas-01-300x200.jpg 300w, https:\/\/cuernavaca.gob.mx\/wp-content\/uploads\/2022\/01\/Consejo-Local-de-Tutelas-01-768x512.jpg 768w, https:\/\/cuernavaca.gob.mx\/wp-content\/uploads\/2022\/01\/Consejo-Local-de-Tutelas-01-1536x1024.jpg 1536w, https:\/\/cuernavaca.gob.mx\/wp-content\/uploads\/2022\/01\/Consejo-Local-de-Tutelas-01-600x400.jpg 600w, https:\/\/cuernavaca.gob.mx\/wp-content\/uploads\/2022\/01\/Consejo-Local-de-Tutelas-01-560x373.jpg 560w, https:\/\/cuernavaca.gob.mx\/wp-content\/uploads\/2022\/01\/Consejo-Local-de-Tutelas-01.jpg 1599w\" sizes=\"(max-width: 1024px) 100vw, 1024px\" \/><\/figure><\/li><li class=\"blocks-gallery-item\"><figure><img loading=\"lazy\" width=\"1024\" height=\"683\" src=\"https:\/\/cuernavaca.gob.mx\/wp-content\/uploads\/2022\/01\/Consejo-Local-de-Tutelas-02-1024x683.jpg\" alt=\"\" data-id=\"8748\" data-full-url=\"https:\/\/cuernavaca.gob.mx\/wp-content\/uploads\/2022\/01\/Consejo-Local-de-Tutelas-02.jpg\" data-link=\"https:\/\/cuernavaca.gob.mx\/?attachment_id=8748\" class=\"wp-image-8748\" srcset=\"https:\/\/cuernavaca.gob.mx\/wp-content\/uploads\/2022\/01\/Consejo-Local-de-Tutelas-02-1024x683.jpg 1024w, https:\/\/cuernavaca.gob.mx\/wp-content\/uploads\/2022\/01\/Consejo-Local-de-Tutelas-02-300x200.jpg 300w, https:\/\/cuernavaca.gob.mx\/wp-content\/uploads\/2022\/01\/Consejo-Local-de-Tutelas-02-768x512.jpg 768w, https:\/\/cuernavaca.gob.mx\/wp-content\/uploads\/2022\/01\/Consejo-Local-de-Tutelas-02-1536x1024.jpg 1536w, https:\/\/cuernavaca.gob.mx\/wp-content\/uploads\/2022\/01\/Consejo-Local-de-Tutelas-02-600x400.jpg 600w, https:\/\/cuernavaca.gob.mx\/wp-content\/uploads\/2022\/01\/Consejo-Local-de-Tutelas-02-560x373.jpg 560w, https:\/\/cuernavaca.gob.mx\/wp-content\/uploads\/2022\/01\/Consejo-Local-de-Tutelas-02.jpg 1599w\" sizes=\"(max-width: 1024px) 100vw, 1024px\" \/><\/figure><\/li><\/ul><\/figure>\n","protected":false},"excerpt":{"rendered":"<p>En sesi\u00f3n extraordinaria, el Cabildo del Gobierno Municipal de Cuernavaca que preside Jos\u00e9 Luis Uri\u00f3stegui Salgado, aprob\u00f3 la designaci\u00f3n de las nuevas integrantes del Consejo Local de Tutelas, cuyas integrantes por su destacada labor en apoyo a sectores sociales en condiciones de riesgo, fueron propuestas y avaladas para integrar este \u00f3rgano de vigilancia y de [&hellip;]<\/p>\n","protected":false},"author":1,"featured_media":8748,"comment_status":"closed","ping_status":"open","sticky":false,"template":"","format":"standard","meta":[],"categories":[16,20],"tags":[165,121,120,122],"aioseo_notices":[],"_links":{"self":[{"href":"https:\/\/cuernavaca.gob.mx\/index.php?rest_route=\/wp\/v2\/posts\/8746"}],"collection":[{"href":"https:\/\/cuernavaca.gob.mx\/index.php?rest_route=\/wp\/v2\/posts"}],"about":[{"href":"https:\/\/cuernavaca.gob.mx\/index.php?rest_route=\/wp\/v2\/types\/post"}],"author":[{"embeddable":true,"href":"https:\/\/cuernavaca.gob.mx\/index.php?rest_route=\/wp\/v2\/users\/1"}],"replies":[{"embeddable":true,"href":"https:\/\/cuernavaca.gob.mx\/index.php?rest_route=%2Fwp%2Fv2%2Fcomments&post=8746"}],"version-history":[{"count":1,"href":"https:\/\/cuernavaca.gob.mx\/index.php?rest_route=\/wp\/v2\/posts\/8746\/revisions"}],"predecessor-version":[{"id":8749,"href":"https:\/\/cuernavaca.gob.mx\/index.php?rest_route=\/wp\/v2\/posts\/8746\/revisions\/8749"}],"wp:featuredmedia":[{"embeddable":true,"href":"https:\/\/cuernavaca.gob.mx\/index.php?rest_route=\/wp\/v2\/media\/8748"}],"wp:attachment":[{"href":"https:\/\/cuernavaca.gob.mx\/index.php?rest_route=%2Fwp%2Fv2%2Fmedia&parent=8746"}],"wp:term":[{"taxonomy":"category","embeddable":true,"href":"https:\/\/cuernavaca.gob.mx\/index.php?rest_route=%2Fwp%2Fv2%2Fcategories&post=8746"},{"taxonomy":"post_tag","embeddable":true,"href":"https:\/\/cuernavaca.gob.mx\/index.php?rest_route=%2Fwp%2Fv2%2Ftags&post=8746"}],"curies":[{"name":"wp","href":"https:\/\/api.w.org\/{rel}","templated":true}]}}