{"id":8882,"date":"2022-01-10T10:00:00","date_gmt":"2022-01-10T10:00:00","guid":{"rendered":"http:\/\/cuernavaca.gob.mx\/?p=8882"},"modified":"2025-05-06T10:53:49","modified_gmt":"2025-05-06T16:53:49","slug":"da-la-bienvenida-jose-luis-uriostegui-a-todas-las-expresiones-sociales-que-buscan-y-promueven-mejores-condiciones-de-servicios-en-cuernavaca","status":"publish","type":"post","link":"https:\/\/cuernavaca.gob.mx\/?p=8882","title":{"rendered":"Da la bienvenida Jos\u00e9 Luis Uri\u00f3stegui a todas las expresiones sociales que buscan y promueven mejores condiciones de servicios en Cuernavaca"},"content":{"rendered":"\n<p><strong>El presidente municipal recibi\u00f3 a adultos mayores integrantes de la Asociaci\u00f3n Civil &#8220;Gustavo Salgado&#8221; que solicitan tarifas justas en pagos de servicios<\/strong><\/p>\n\n\n\n<p>Al reconocer a usuarios de servicios p\u00fablicos municipales de Cuernavaca el esfuerzo por pagar sus contribuciones en medio dificultades y carencias, el presidente municipal, Jos\u00e9 Luis Uri\u00f3stegui Salgado, garantiz\u00f3 que su administraci\u00f3n retribuir\u00e1 tal esfuerzo con la mejora de obras y servicios, terminando con cobros injustos.<br>Despu\u00e9s de salir al encuentro a un grupo de adultos mayores integrantes de la Asociaci\u00f3n Civil &#8220;Gustavo Salgado&#8221; quienes acudieron al edificio Papagayo del Ayuntamiento para solicitar la revisi\u00f3n de sus cobros por servicios como el agua potable, Uri\u00f3stegui Salgado se\u00f1al\u00f3 que el gobierno municipal est\u00e1 obligado a atender a la ciudadan\u00eda que es responsable y busca pagar sus impuestos.<br>&#8220;El objetivo es que el gobierno municipal gaste menos, que ustedes como contribuyentes reciban servicios y obras acordes a sus pagos, y nuestra administraci\u00f3n municipal aplique correctamente lo recaudado&#8221;, agreg\u00f3 el presidente municipal.<br>Al agradecer que estas personas hayan esperado para que entrara el nuevo Gobierno Municipal y hacer el pago de sus servicios, ante la desconfianza que gener\u00f3 la anterior administraci\u00f3n, Jos\u00e9 Luis Uri\u00f3stegui, les asegur\u00f3 que sus peticiones para revisar sus cobros se atender\u00e1n esta misma semana por autoridades del Sistema de Agua Potable y Alcantarillado de Cuernavaca (SAPAC) y en el caso del Catastro, con la Tesorer\u00eda.<br>Pidi\u00f3 comprensi\u00f3n y paciencia a cuernavacenses para &#8220;reparar todo el desastre generado en tantos a\u00f1os de abandono&#8221;, reiterando la invitaci\u00f3n a Gabriel Rivas, l\u00edder de la Asociaci\u00f3n Civil &#8220;Gustavo Salgado&#8221; y a la ciudadan\u00eda en general, a evidenciar ineficiencias y corrupci\u00f3n en dependencias municipales, mismas que est\u00e1n en un proceso de auditoras como contempla la ley.<br>Dijo que en el Ayuntamiento de Cuernavaca da la bienvenida a todas las expresiones sociales, que buscan y promueven mejores condiciones en servicios, vialidades e infraestructura de la ciudad, por lo que Jos\u00e9 Luis Uri\u00f3stegui reiter\u00f3 su invitaci\u00f3n a todas y todos que est\u00e9n al corriente del pago de sus obligaciones y de esta manera en comunidad transformar al municipio, trabajando juntos.<\/p>\n\n\n\n<figure class=\"wp-container-2 wp-block-gallery-1 wp-block-gallery columns-3 is-cropped\"><ul class=\"blocks-gallery-grid\"><li class=\"blocks-gallery-item\"><figure><img loading=\"lazy\" width=\"1024\" height=\"768\" src=\"https:\/\/cuernavaca.gob.mx\/wp-content\/uploads\/2022\/01\/AC-Gustavo-Salgado-01-1024x768.jpg\" alt=\"\" data-id=\"8883\" data-full-url=\"https:\/\/cuernavaca.gob.mx\/wp-content\/uploads\/2022\/01\/AC-Gustavo-Salgado-01.jpg\" data-link=\"https:\/\/cuernavaca.gob.mx\/?attachment_id=8883\" class=\"wp-image-8883\" srcset=\"https:\/\/cuernavaca.gob.mx\/wp-content\/uploads\/2022\/01\/AC-Gustavo-Salgado-01-1024x768.jpg 1024w, https:\/\/cuernavaca.gob.mx\/wp-content\/uploads\/2022\/01\/AC-Gustavo-Salgado-01-300x225.jpg 300w, https:\/\/cuernavaca.gob.mx\/wp-content\/uploads\/2022\/01\/AC-Gustavo-Salgado-01-768x576.jpg 768w, https:\/\/cuernavaca.gob.mx\/wp-content\/uploads\/2022\/01\/AC-Gustavo-Salgado-01-600x450.jpg 600w, https:\/\/cuernavaca.gob.mx\/wp-content\/uploads\/2022\/01\/AC-Gustavo-Salgado-01-560x420.jpg 560w, https:\/\/cuernavaca.gob.mx\/wp-content\/uploads\/2022\/01\/AC-Gustavo-Salgado-01.jpg 1032w\" sizes=\"(max-width: 1024px) 100vw, 1024px\" \/><\/figure><\/li><li class=\"blocks-gallery-item\"><figure><img loading=\"lazy\" width=\"1024\" height=\"768\" src=\"https:\/\/cuernavaca.gob.mx\/wp-content\/uploads\/2022\/01\/AC-Gustavo-Salgado-02-1024x768.jpg\" alt=\"\" data-id=\"8884\" data-full-url=\"https:\/\/cuernavaca.gob.mx\/wp-content\/uploads\/2022\/01\/AC-Gustavo-Salgado-02.jpg\" data-link=\"https:\/\/cuernavaca.gob.mx\/?attachment_id=8884\" class=\"wp-image-8884\" srcset=\"https:\/\/cuernavaca.gob.mx\/wp-content\/uploads\/2022\/01\/AC-Gustavo-Salgado-02-1024x768.jpg 1024w, https:\/\/cuernavaca.gob.mx\/wp-content\/uploads\/2022\/01\/AC-Gustavo-Salgado-02-300x225.jpg 300w, https:\/\/cuernavaca.gob.mx\/wp-content\/uploads\/2022\/01\/AC-Gustavo-Salgado-02-768x576.jpg 768w, https:\/\/cuernavaca.gob.mx\/wp-content\/uploads\/2022\/01\/AC-Gustavo-Salgado-02-600x450.jpg 600w, https:\/\/cuernavaca.gob.mx\/wp-content\/uploads\/2022\/01\/AC-Gustavo-Salgado-02-560x420.jpg 560w, https:\/\/cuernavaca.gob.mx\/wp-content\/uploads\/2022\/01\/AC-Gustavo-Salgado-02.jpg 1032w\" sizes=\"(max-width: 1024px) 100vw, 1024px\" \/><\/figure><\/li><li class=\"blocks-gallery-item\"><figure><img loading=\"lazy\" width=\"1024\" height=\"768\" src=\"https:\/\/cuernavaca.gob.mx\/wp-content\/uploads\/2022\/01\/AC-Gustavo-Salgado-03-1024x768.jpg\" alt=\"\" data-id=\"8885\" data-full-url=\"https:\/\/cuernavaca.gob.mx\/wp-content\/uploads\/2022\/01\/AC-Gustavo-Salgado-03.jpg\" data-link=\"https:\/\/cuernavaca.gob.mx\/?attachment_id=8885\" class=\"wp-image-8885\" srcset=\"https:\/\/cuernavaca.gob.mx\/wp-content\/uploads\/2022\/01\/AC-Gustavo-Salgado-03-1024x768.jpg 1024w, https:\/\/cuernavaca.gob.mx\/wp-content\/uploads\/2022\/01\/AC-Gustavo-Salgado-03-300x225.jpg 300w, https:\/\/cuernavaca.gob.mx\/wp-content\/uploads\/2022\/01\/AC-Gustavo-Salgado-03-768x576.jpg 768w, https:\/\/cuernavaca.gob.mx\/wp-content\/uploads\/2022\/01\/AC-Gustavo-Salgado-03-600x450.jpg 600w, https:\/\/cuernavaca.gob.mx\/wp-content\/uploads\/2022\/01\/AC-Gustavo-Salgado-03-560x420.jpg 560w, https:\/\/cuernavaca.gob.mx\/wp-content\/uploads\/2022\/01\/AC-Gustavo-Salgado-03.jpg 1032w\" sizes=\"(max-width: 1024px) 100vw, 1024px\" \/><\/figure><\/li><li class=\"blocks-gallery-item\"><figure><img loading=\"lazy\" width=\"1024\" height=\"682\" src=\"https:\/\/cuernavaca.gob.mx\/wp-content\/uploads\/2022\/01\/AC-Gustavo-Salgado-04-1024x682.jpg\" alt=\"\" data-id=\"8886\" data-full-url=\"https:\/\/cuernavaca.gob.mx\/wp-content\/uploads\/2022\/01\/AC-Gustavo-Salgado-04.jpg\" data-link=\"https:\/\/cuernavaca.gob.mx\/?attachment_id=8886\" class=\"wp-image-8886\" srcset=\"https:\/\/cuernavaca.gob.mx\/wp-content\/uploads\/2022\/01\/AC-Gustavo-Salgado-04-1024x682.jpg 1024w, https:\/\/cuernavaca.gob.mx\/wp-content\/uploads\/2022\/01\/AC-Gustavo-Salgado-04-300x200.jpg 300w, https:\/\/cuernavaca.gob.mx\/wp-content\/uploads\/2022\/01\/AC-Gustavo-Salgado-04-768x512.jpg 768w, https:\/\/cuernavaca.gob.mx\/wp-content\/uploads\/2022\/01\/AC-Gustavo-Salgado-04-600x400.jpg 600w, https:\/\/cuernavaca.gob.mx\/wp-content\/uploads\/2022\/01\/AC-Gustavo-Salgado-04-560x373.jpg 560w, https:\/\/cuernavaca.gob.mx\/wp-content\/uploads\/2022\/01\/AC-Gustavo-Salgado-04.jpg 1280w\" sizes=\"(max-width: 1024px) 100vw, 1024px\" \/><\/figure><\/li><li class=\"blocks-gallery-item\"><figure><img loading=\"lazy\" width=\"1024\" height=\"682\" src=\"https:\/\/cuernavaca.gob.mx\/wp-content\/uploads\/2022\/01\/AC-Gustavo-Salgado-05-1024x682.jpg\" alt=\"\" data-id=\"8887\" data-full-url=\"https:\/\/cuernavaca.gob.mx\/wp-content\/uploads\/2022\/01\/AC-Gustavo-Salgado-05.jpg\" data-link=\"https:\/\/cuernavaca.gob.mx\/?attachment_id=8887\" class=\"wp-image-8887\" srcset=\"https:\/\/cuernavaca.gob.mx\/wp-content\/uploads\/2022\/01\/AC-Gustavo-Salgado-05-1024x682.jpg 1024w, https:\/\/cuernavaca.gob.mx\/wp-content\/uploads\/2022\/01\/AC-Gustavo-Salgado-05-300x200.jpg 300w, https:\/\/cuernavaca.gob.mx\/wp-content\/uploads\/2022\/01\/AC-Gustavo-Salgado-05-768x512.jpg 768w, https:\/\/cuernavaca.gob.mx\/wp-content\/uploads\/2022\/01\/AC-Gustavo-Salgado-05-600x400.jpg 600w, https:\/\/cuernavaca.gob.mx\/wp-content\/uploads\/2022\/01\/AC-Gustavo-Salgado-05-560x373.jpg 560w, https:\/\/cuernavaca.gob.mx\/wp-content\/uploads\/2022\/01\/AC-Gustavo-Salgado-05.jpg 1280w\" sizes=\"(max-width: 1024px) 100vw, 1024px\" \/><\/figure><\/li><\/ul><\/figure>\n","protected":false},"excerpt":{"rendered":"<p>El presidente municipal recibi\u00f3 a adultos mayores integrantes de la Asociaci\u00f3n Civil &#8220;Gustavo Salgado&#8221; que solicitan tarifas justas en pagos de servicios Al reconocer a usuarios de servicios p\u00fablicos municipales de Cuernavaca el esfuerzo por pagar sus contribuciones en medio dificultades y carencias, el presidente municipal, Jos\u00e9 Luis Uri\u00f3stegui Salgado, garantiz\u00f3 que su administraci\u00f3n retribuir\u00e1 [&hellip;]<\/p>\n","protected":false},"author":1,"featured_media":8886,"comment_status":"closed","ping_status":"open","sticky":false,"template":"","format":"standard","meta":[],"categories":[20,145],"tags":[182,181,121,180,120,179,124,125],"aioseo_notices":[],"_links":{"self":[{"href":"https:\/\/cuernavaca.gob.mx\/index.php?rest_route=\/wp\/v2\/posts\/8882"}],"collection":[{"href":"https:\/\/cuernavaca.gob.mx\/index.php?rest_route=\/wp\/v2\/posts"}],"about":[{"href":"https:\/\/cuernavaca.gob.mx\/index.php?rest_route=\/wp\/v2\/types\/post"}],"author":[{"embeddable":true,"href":"https:\/\/cuernavaca.gob.mx\/index.php?rest_route=\/wp\/v2\/users\/1"}],"replies":[{"embeddable":true,"href":"https:\/\/cuernavaca.gob.mx\/index.php?rest_route=%2Fwp%2Fv2%2Fcomments&post=8882"}],"version-history":[{"count":1,"href":"https:\/\/cuernavaca.gob.mx\/index.php?rest_route=\/wp\/v2\/posts\/8882\/revisions"}],"predecessor-version":[{"id":8888,"href":"https:\/\/cuernavaca.gob.mx\/index.php?rest_route=\/wp\/v2\/posts\/8882\/revisions\/8888"}],"wp:featuredmedia":[{"embeddable":true,"href":"https:\/\/cuernavaca.gob.mx\/index.php?rest_route=\/wp\/v2\/media\/8886"}],"wp:attachment":[{"href":"https:\/\/cuernavaca.gob.mx\/index.php?rest_route=%2Fwp%2Fv2%2Fmedia&parent=8882"}],"wp:term":[{"taxonomy":"category","embeddable":true,"href":"https:\/\/cuernavaca.gob.mx\/index.php?rest_route=%2Fwp%2Fv2%2Fcategories&post=8882"},{"taxonomy":"post_tag","embeddable":true,"href":"https:\/\/cuernavaca.gob.mx\/index.php?rest_route=%2Fwp%2Fv2%2Ftags&post=8882"}],"curies":[{"name":"wp","href":"https:\/\/api.w.org\/{rel}","templated":true}]}}