{"id":9108,"date":"2022-04-19T15:00:00","date_gmt":"2022-04-19T15:00:00","guid":{"rendered":"http:\/\/cuernavaca.gob.mx\/?p=9108"},"modified":"2025-05-06T11:17:30","modified_gmt":"2025-05-06T17:17:30","slug":"cuernavaca-reporta-mejoras-en-la-percepcion-ciudadana-sobre-seguridad","status":"publish","type":"post","link":"https:\/\/cuernavaca.gob.mx\/?p=9108","title":{"rendered":"Cuernavaca reporta mejoras en la percepci\u00f3n ciudadana sobre seguridad"},"content":{"rendered":"\n<p><strong>Cuernavaca presenta mejor\u00edas en efectividad y confianza hacia los elementos policiacos y reducci\u00f3n de percepci\u00f3n de inseguridad seg\u00fan la ENSU<\/strong><\/p>\n\n\n\n<p><strong>Uno de los avances est\u00e1 en el combate al robo de veh\u00edculos, ubicando a la ciudad capital en primer lugar en este \u00edndice a nivel nacional<\/strong><\/p>\n\n\n\n<p>\u201cEn tan solo tres meses el Gobierno Municipal ha logrado que Cuernavaca se ubique entre las primeras ciudades a nivel nacional con mejor\u00edas en efectividad y confianza hacia los elementos policiacos y reducci\u00f3n de percepci\u00f3n de inseguridad, en \u00e9ste \u00faltimo pas\u00f3 del 85.6 por ciento en el \u00faltimo trimestre del 2021 al 81.5 por ciento para el primer trimestre del a\u00f1o\u201d, destac\u00f3 el presidente municipal, Jos\u00e9 Luis Uri\u00f3stegui Salgado.<\/p>\n\n\n\n<p>Al retomar los datos publicados este martes en la Encuesta Nacional de Seguridad P\u00fablica (ENSU) del Instituto Nacional de Estad\u00edstica y Geograf\u00eda (INEGI), expres\u00f3 a elementos policiacos y autoridades municipales que estos puntos no deben satisfacerlos, sino que tienen que ser el est\u00edmulo para demostrar que est\u00e1n tomando las decisiones adecuadas y que pueden d\u00eda tras d\u00eda superar ese porcentaje, logrando que Cuernavaca salga de las 50 ciudades m\u00e1s violentas del pa\u00eds.<\/p>\n\n\n\n<p>\u201cEse es el reto, el desaf\u00edo es respetar y hacer respetar la ley, pero dar resultados. Nuestra conducta individual tiene que convertirse en una conducta colectiva, ese esp\u00edritu de cuerpo que rige a las instituciones policiales y armadas tiene que demostrarse constantemente haciendo que la ciudadan\u00eda nos conceda su confianza\u201d, resalt\u00f3.<\/p>\n\n\n\n<p>Como muestra de los resultados que ha tenido la administraci\u00f3n municipal en la prevenci\u00f3n del delito se encuentra la recuperaci\u00f3n de veh\u00edculos robados, de acuerdo a la Oficina Coordinadora de Riesgos Asegurados (OCRA), mientras que el a\u00f1o pasado Morelos recuper\u00f3 113 autom\u00f3viles, en los primeros tres meses del actual ejercicio fiscal se han recuperado 137, de los cuales 110 han sido ubicados y rescatados por el municipio de Cuernavaca.<\/p>\n\n\n\n<p>En el marco de entrega de reconocimientos y est\u00edmulos a personal que conforma la Unidad de Prevenci\u00f3n y Recuperaci\u00f3n de Veh\u00edculos de la Secretar\u00eda de Protecci\u00f3n y Auxilio Ciudadano (SEPRAC) de Cuernavaca, el alcalde reconoci\u00f3 que la recuperaci\u00f3n de veh\u00edculos robados en un municipio que no lo llevaba a cabo es un gran esfuerzo y de ayuda para que muchas familias recuperen el patrimonio que hab\u00edan perdido.<\/p>\n\n\n\n<p>Ante elementos de la polic\u00eda Preventiva y Vial, as\u00ed como autoridades municipales, confirm\u00f3 que gracias a la alianza con OCRA, el Gobierno de Cuernavaca ha logrado posicionarse en los primeros lugares a nivel nacional en combate a la recuperaci\u00f3n de veh\u00edculos, pero tambi\u00e9n por el trabajo de la propia polic\u00eda que ha estado recorriendo la ciudad, poniendo especial atenci\u00f3n a los datos que arroja el sistema, logrando el aseguramiento de los veh\u00edculos.<\/p>\n\n\n\n<p>Esta alianza, acent\u00fao el mun\u00edcipe, da certeza a la ciudadan\u00eda de que no hay tr\u00e1fico de influencias ni por parte del Ayuntamiento de Cuernavaca, la SEPRAC ni de los polic\u00edas debido a que una vez que detectan que la unidad tiene reporte de robo y hay alteraci\u00f3n en sus n\u00fameros de identificaci\u00f3n se proceda a asegurarlo y ponerlo a disposici\u00f3n.<\/p>\n\n\n\n<p>Desde el pasado 02 de enero, OCRA ha impartido cursos de capacitaci\u00f3n al cuerpo policial en materia de identificaci\u00f3n vehicular, a fin de que tuvieran conocimiento de los n\u00fameros de identificaci\u00f3n. A la par, la camioneta que fue entregada en comodato al municipio por OCRA, misma que cuenta con un sistema de telemetr\u00eda que puede leer los chips electr\u00f3nicos instalados en los veh\u00edculos detectando a distancia los que cuentan con reporte de robo, inici\u00f3 operativos en la ciudad.<\/p>\n\n\n\n<p>En este sentido, el director general de la Oficina Coordinadora de Riesgos Asegurados (OCRA), Mario Crosswell Arenas, aval\u00f3 que mientras anteriormente en Cuernavaca se recuperaban entre dos a tres veh\u00edculos en promedio, actualmente como municipio a nivel nacional se ubica en el primer lugar en prevenci\u00f3n y combate de robo de veh\u00edculos, en tanto que compitiendo con otros estados registra m\u00e1s casos de \u00e9xito que 12 a 13 entidades federativas.<br>Lo anterior, lo adjudic\u00f3 a contar con una polic\u00eda comprometida en efectuar su trabajo de forma correcta y transparente, ya que en estos tres meses y medio no han recibido ni una sola queja contra los elementos, sum\u00e1ndose el trabajo y la preocupaci\u00f3n del presidente municipal para regresar la paz y tranquilidad a Cuernavaca, toda vez que cuando se reduce el robo de veh\u00edculos disminuyen otros delitos.<\/p>\n\n\n\n<p>La titular de laSEPRAC, Alicia V\u00e1zquez Luna, afirm\u00f3 que el esfuerzo de la polic\u00eda y los peritos que han aplicado la tecnolog\u00eda otorgada por OCRA ha ayudado de manera significativa en el combate al robo que tiene que ver con el patrimonio de familias enteras.<\/p>\n\n\n\n<p>Detall\u00f3 que la Unidad de Prevenci\u00f3n y Recuperaci\u00f3n de Veh\u00edculos ha conseguido recuperar 86 veh\u00edculos con reporte de robo y alteraci\u00f3n en sus n\u00fameros de identificaci\u00f3n, aunado a los 26 veh\u00edculos que ha recuperado la polic\u00eda preventiva en otras acciones.<\/p>\n\n\n\n<p>Finalmente, el regidor presidente de la Comisi\u00f3n de Seguridad P\u00fablica y Tr\u00e1nsito, Jes\u00fas Tlacaelel Rosales Puebla, acent\u00fao que los resultados obtenidos por la Unidad de Prevenci\u00f3n y Recuperaci\u00f3n de Veh\u00edculos de la SEPRAC previenen que las bandas delictivas se resguarden en la ciudad, pero tambi\u00e9n genera una consciencia ciudadana que se\u00f1ala la prevenci\u00f3n no solo corresponde a las autoridades y polic\u00edas, sino tambi\u00e9n a la poblaci\u00f3n, siendo la seguridad preventiva y comprensiva.<\/p>\n\n\n\n<figure class=\"wp-container-2 wp-block-gallery-1 wp-block-gallery has-nested-images columns-default is-cropped\">\n<figure class=\"wp-block-image size-large\"><img loading=\"lazy\" width=\"1024\" height=\"682\" data-id=\"9113\"  src=\"https:\/\/cuernavaca.gob.mx\/wp-content\/uploads\/2022\/04\/Reconocimientos-a-personal-SEPRAC-01.jpg\" alt=\"\" class=\"wp-image-9113\" srcset=\"https:\/\/cuernavaca.gob.mx\/wp-content\/uploads\/2022\/04\/Reconocimientos-a-personal-SEPRAC-01.jpg 1024w, https:\/\/cuernavaca.gob.mx\/wp-content\/uploads\/2022\/04\/Reconocimientos-a-personal-SEPRAC-01-300x200.jpg 300w, https:\/\/cuernavaca.gob.mx\/wp-content\/uploads\/2022\/04\/Reconocimientos-a-personal-SEPRAC-01-768x512.jpg 768w, https:\/\/cuernavaca.gob.mx\/wp-content\/uploads\/2022\/04\/Reconocimientos-a-personal-SEPRAC-01-600x400.jpg 600w, https:\/\/cuernavaca.gob.mx\/wp-content\/uploads\/2022\/04\/Reconocimientos-a-personal-SEPRAC-01-560x373.jpg 560w\" sizes=\"(max-width: 1024px) 100vw, 1024px\" \/><\/figure>\n\n\n\n<figure class=\"wp-block-image size-large\"><img loading=\"lazy\" width=\"1024\" height=\"682\" data-id=\"9115\"  src=\"https:\/\/cuernavaca.gob.mx\/wp-content\/uploads\/2022\/04\/Reconocimientos-a-personal-SEPRAC-02.jpg\" alt=\"\" class=\"wp-image-9115\" srcset=\"https:\/\/cuernavaca.gob.mx\/wp-content\/uploads\/2022\/04\/Reconocimientos-a-personal-SEPRAC-02.jpg 1024w, https:\/\/cuernavaca.gob.mx\/wp-content\/uploads\/2022\/04\/Reconocimientos-a-personal-SEPRAC-02-300x200.jpg 300w, https:\/\/cuernavaca.gob.mx\/wp-content\/uploads\/2022\/04\/Reconocimientos-a-personal-SEPRAC-02-768x512.jpg 768w, https:\/\/cuernavaca.gob.mx\/wp-content\/uploads\/2022\/04\/Reconocimientos-a-personal-SEPRAC-02-600x400.jpg 600w, https:\/\/cuernavaca.gob.mx\/wp-content\/uploads\/2022\/04\/Reconocimientos-a-personal-SEPRAC-02-560x373.jpg 560w\" sizes=\"(max-width: 1024px) 100vw, 1024px\" \/><\/figure>\n\n\n\n<figure class=\"wp-block-image size-large\"><img loading=\"lazy\" width=\"1024\" height=\"682\" data-id=\"9116\"  src=\"https:\/\/cuernavaca.gob.mx\/wp-content\/uploads\/2022\/04\/Reconocimientos-a-personal-SEPRAC-03.jpg\" alt=\"\" class=\"wp-image-9116\" srcset=\"https:\/\/cuernavaca.gob.mx\/wp-content\/uploads\/2022\/04\/Reconocimientos-a-personal-SEPRAC-03.jpg 1024w, https:\/\/cuernavaca.gob.mx\/wp-content\/uploads\/2022\/04\/Reconocimientos-a-personal-SEPRAC-03-300x200.jpg 300w, https:\/\/cuernavaca.gob.mx\/wp-content\/uploads\/2022\/04\/Reconocimientos-a-personal-SEPRAC-03-768x512.jpg 768w, https:\/\/cuernavaca.gob.mx\/wp-content\/uploads\/2022\/04\/Reconocimientos-a-personal-SEPRAC-03-600x400.jpg 600w, https:\/\/cuernavaca.gob.mx\/wp-content\/uploads\/2022\/04\/Reconocimientos-a-personal-SEPRAC-03-560x373.jpg 560w\" sizes=\"(max-width: 1024px) 100vw, 1024px\" \/><\/figure>\n\n\n\n<figure class=\"wp-block-image size-large\"><img loading=\"lazy\" width=\"1024\" height=\"682\" data-id=\"9118\"  src=\"https:\/\/cuernavaca.gob.mx\/wp-content\/uploads\/2022\/04\/Reconocimientos-a-personal-SEPRAC-04.jpg\" alt=\"\" class=\"wp-image-9118\" srcset=\"https:\/\/cuernavaca.gob.mx\/wp-content\/uploads\/2022\/04\/Reconocimientos-a-personal-SEPRAC-04.jpg 1024w, https:\/\/cuernavaca.gob.mx\/wp-content\/uploads\/2022\/04\/Reconocimientos-a-personal-SEPRAC-04-300x200.jpg 300w, https:\/\/cuernavaca.gob.mx\/wp-content\/uploads\/2022\/04\/Reconocimientos-a-personal-SEPRAC-04-768x512.jpg 768w, https:\/\/cuernavaca.gob.mx\/wp-content\/uploads\/2022\/04\/Reconocimientos-a-personal-SEPRAC-04-600x400.jpg 600w, https:\/\/cuernavaca.gob.mx\/wp-content\/uploads\/2022\/04\/Reconocimientos-a-personal-SEPRAC-04-560x373.jpg 560w\" sizes=\"(max-width: 1024px) 100vw, 1024px\" \/><\/figure>\n\n\n\n<figure class=\"wp-block-image size-large\"><img loading=\"lazy\" width=\"1024\" height=\"682\" data-id=\"9114\"  src=\"https:\/\/cuernavaca.gob.mx\/wp-content\/uploads\/2022\/04\/Reconocimientos-a-personal-SEPRAC-06.jpg\" alt=\"\" class=\"wp-image-9114\" srcset=\"https:\/\/cuernavaca.gob.mx\/wp-content\/uploads\/2022\/04\/Reconocimientos-a-personal-SEPRAC-06.jpg 1024w, https:\/\/cuernavaca.gob.mx\/wp-content\/uploads\/2022\/04\/Reconocimientos-a-personal-SEPRAC-06-300x200.jpg 300w, https:\/\/cuernavaca.gob.mx\/wp-content\/uploads\/2022\/04\/Reconocimientos-a-personal-SEPRAC-06-768x512.jpg 768w, https:\/\/cuernavaca.gob.mx\/wp-content\/uploads\/2022\/04\/Reconocimientos-a-personal-SEPRAC-06-600x400.jpg 600w, https:\/\/cuernavaca.gob.mx\/wp-content\/uploads\/2022\/04\/Reconocimientos-a-personal-SEPRAC-06-560x373.jpg 560w\" sizes=\"(max-width: 1024px) 100vw, 1024px\" \/><\/figure>\n\n\n\n<figure class=\"wp-block-image size-large\"><img loading=\"lazy\" width=\"1024\" height=\"682\" data-id=\"9119\"  src=\"https:\/\/cuernavaca.gob.mx\/wp-content\/uploads\/2022\/04\/Reconocimientos-a-personal-SEPRAC-07.jpg\" alt=\"\" class=\"wp-image-9119\" srcset=\"https:\/\/cuernavaca.gob.mx\/wp-content\/uploads\/2022\/04\/Reconocimientos-a-personal-SEPRAC-07.jpg 1024w, https:\/\/cuernavaca.gob.mx\/wp-content\/uploads\/2022\/04\/Reconocimientos-a-personal-SEPRAC-07-300x200.jpg 300w, https:\/\/cuernavaca.gob.mx\/wp-content\/uploads\/2022\/04\/Reconocimientos-a-personal-SEPRAC-07-768x512.jpg 768w, https:\/\/cuernavaca.gob.mx\/wp-content\/uploads\/2022\/04\/Reconocimientos-a-personal-SEPRAC-07-600x400.jpg 600w, https:\/\/cuernavaca.gob.mx\/wp-content\/uploads\/2022\/04\/Reconocimientos-a-personal-SEPRAC-07-560x373.jpg 560w\" sizes=\"(max-width: 1024px) 100vw, 1024px\" \/><\/figure>\n\n\n\n<figure class=\"wp-block-image size-large\"><img loading=\"lazy\" width=\"1024\" height=\"682\" data-id=\"9117\"  src=\"https:\/\/cuernavaca.gob.mx\/wp-content\/uploads\/2022\/04\/Reconocimientos-a-personal-SEPRAC-05.jpg\" alt=\"\" class=\"wp-image-9117\" srcset=\"https:\/\/cuernavaca.gob.mx\/wp-content\/uploads\/2022\/04\/Reconocimientos-a-personal-SEPRAC-05.jpg 1024w, https:\/\/cuernavaca.gob.mx\/wp-content\/uploads\/2022\/04\/Reconocimientos-a-personal-SEPRAC-05-300x200.jpg 300w, https:\/\/cuernavaca.gob.mx\/wp-content\/uploads\/2022\/04\/Reconocimientos-a-personal-SEPRAC-05-768x512.jpg 768w, https:\/\/cuernavaca.gob.mx\/wp-content\/uploads\/2022\/04\/Reconocimientos-a-personal-SEPRAC-05-600x400.jpg 600w, https:\/\/cuernavaca.gob.mx\/wp-content\/uploads\/2022\/04\/Reconocimientos-a-personal-SEPRAC-05-560x373.jpg 560w\" sizes=\"(max-width: 1024px) 100vw, 1024px\" \/><\/figure>\n<\/figure>\n","protected":false},"excerpt":{"rendered":"<p>Cuernavaca presenta mejor\u00edas en efectividad y confianza hacia los elementos policiacos y reducci\u00f3n de percepci\u00f3n de inseguridad seg\u00fan la ENSU Uno de los avances est\u00e1 en el combate al robo de veh\u00edculos, ubicando a la ciudad capital en primer lugar en este \u00edndice a nivel nacional \u201cEn tan solo tres meses el Gobierno Municipal ha [&hellip;]<\/p>\n","protected":false},"author":1,"featured_media":9119,"comment_status":"closed","ping_status":"closed","sticky":false,"template":"","format":"standard","meta":[],"categories":[20,17],"tags":[121,251,249,120,250,125,252],"aioseo_notices":[],"_links":{"self":[{"href":"https:\/\/cuernavaca.gob.mx\/index.php?rest_route=\/wp\/v2\/posts\/9108"}],"collection":[{"href":"https:\/\/cuernavaca.gob.mx\/index.php?rest_route=\/wp\/v2\/posts"}],"about":[{"href":"https:\/\/cuernavaca.gob.mx\/index.php?rest_route=\/wp\/v2\/types\/post"}],"author":[{"embeddable":true,"href":"https:\/\/cuernavaca.gob.mx\/index.php?rest_route=\/wp\/v2\/users\/1"}],"replies":[{"embeddable":true,"href":"https:\/\/cuernavaca.gob.mx\/index.php?rest_route=%2Fwp%2Fv2%2Fcomments&post=9108"}],"version-history":[{"count":3,"href":"https:\/\/cuernavaca.gob.mx\/index.php?rest_route=\/wp\/v2\/posts\/9108\/revisions"}],"predecessor-version":[{"id":9122,"href":"https:\/\/cuernavaca.gob.mx\/index.php?rest_route=\/wp\/v2\/posts\/9108\/revisions\/9122"}],"wp:featuredmedia":[{"embeddable":true,"href":"https:\/\/cuernavaca.gob.mx\/index.php?rest_route=\/wp\/v2\/media\/9119"}],"wp:attachment":[{"href":"https:\/\/cuernavaca.gob.mx\/index.php?rest_route=%2Fwp%2Fv2%2Fmedia&parent=9108"}],"wp:term":[{"taxonomy":"category","embeddable":true,"href":"https:\/\/cuernavaca.gob.mx\/index.php?rest_route=%2Fwp%2Fv2%2Fcategories&post=9108"},{"taxonomy":"post_tag","embeddable":true,"href":"https:\/\/cuernavaca.gob.mx\/index.php?rest_route=%2Fwp%2Fv2%2Ftags&post=9108"}],"curies":[{"name":"wp","href":"https:\/\/api.w.org\/{rel}","templated":true}]}}