{"id":9134,"date":"2022-04-19T11:00:00","date_gmt":"2022-04-19T11:00:00","guid":{"rendered":"http:\/\/cuernavaca.gob.mx\/?p=9134"},"modified":"2025-05-06T11:17:31","modified_gmt":"2025-05-06T17:17:31","slug":"se-consolida-la-osfun-ensamble-en-magna-presentacion-en-el-museo-de-la-ciudad-de-cuernavaca","status":"publish","type":"post","link":"https:\/\/cuernavaca.gob.mx\/?p=9134","title":{"rendered":"Se consolida la OSFUN ensamble en magna presentaci\u00f3n en el Museo de la Ciudad de Cuernavaca"},"content":{"rendered":"\n<p>Una exquisita velada con melod\u00edas cl\u00e1sicas y contempor\u00e1neas, fueron las que disfrutaron los asistentes, muchos de estos turistas, que acudieron a la convocatoria para ser part\u00edcipes de la celebraci\u00f3n del d\u00e9cimo aniversario de la OSFUN Ensamble en la explanada del Museo de la Ciudad de Cuernavaca (MUCIC), del Instituto de Cultura del Gobierno Municipal.<\/p>\n\n\n\n<p>Durante los poco m\u00e1s de 90 minutos que dur\u00f3 el concierto las y los asistentes pudieron deleitar melod\u00edas de este Ensamble como \u201cEl joven pr\u00edncipe y la joven princesa Scherezada\u201d, de Korsakov; \u201cMinuet en G mayor\u201d, de Beethoven; \u201cGuelaguetza en el Istmo\u201d, de Arturo M\u00e1rquez, y \u201cDanz\u00f3n nereidas\u201d, de Amador P\u00e9rez, entre otras.<\/p>\n\n\n\n<p>Los integrantes de la OSFUN Ensamble, j\u00f3venes en su mayor\u00eda, celebraron que se hayan abierto las puertas del Museo de la Ciudad de Cuernavaca como escenario para festejar un aniversario m\u00e1s de este proyecto surgi\u00f3 como rama de la Orquesta Sinf\u00f3nica del Fuego Nuevo para que j\u00f3venes morelenses, aparte de crear m\u00fasica, generen lazos de amistad y comunidad.<\/p>\n\n\n\n<figure class=\"wp-container-2 wp-block-gallery-1 wp-block-gallery has-nested-images columns-default is-cropped\">\n<figure class=\"wp-block-image size-large\"><img loading=\"lazy\" width=\"1024\" height=\"577\" data-id=\"9135\"  src=\"https:\/\/cuernavaca.gob.mx\/wp-content\/uploads\/2022\/04\/OSFUN-ensamble-01.jpg\" alt=\"\" class=\"wp-image-9135\" srcset=\"https:\/\/cuernavaca.gob.mx\/wp-content\/uploads\/2022\/04\/OSFUN-ensamble-01.jpg 1024w, https:\/\/cuernavaca.gob.mx\/wp-content\/uploads\/2022\/04\/OSFUN-ensamble-01-300x169.jpg 300w, https:\/\/cuernavaca.gob.mx\/wp-content\/uploads\/2022\/04\/OSFUN-ensamble-01-768x433.jpg 768w, https:\/\/cuernavaca.gob.mx\/wp-content\/uploads\/2022\/04\/OSFUN-ensamble-01-600x338.jpg 600w, https:\/\/cuernavaca.gob.mx\/wp-content\/uploads\/2022\/04\/OSFUN-ensamble-01-560x316.jpg 560w\" sizes=\"(max-width: 1024px) 100vw, 1024px\" \/><\/figure>\n\n\n\n<figure class=\"wp-block-image size-large\"><img loading=\"lazy\" width=\"1024\" height=\"577\" data-id=\"9137\"  src=\"https:\/\/cuernavaca.gob.mx\/wp-content\/uploads\/2022\/04\/OSFUN-ensamble-02.jpg\" alt=\"\" class=\"wp-image-9137\" srcset=\"https:\/\/cuernavaca.gob.mx\/wp-content\/uploads\/2022\/04\/OSFUN-ensamble-02.jpg 1024w, https:\/\/cuernavaca.gob.mx\/wp-content\/uploads\/2022\/04\/OSFUN-ensamble-02-300x169.jpg 300w, https:\/\/cuernavaca.gob.mx\/wp-content\/uploads\/2022\/04\/OSFUN-ensamble-02-768x433.jpg 768w, https:\/\/cuernavaca.gob.mx\/wp-content\/uploads\/2022\/04\/OSFUN-ensamble-02-600x338.jpg 600w, https:\/\/cuernavaca.gob.mx\/wp-content\/uploads\/2022\/04\/OSFUN-ensamble-02-560x316.jpg 560w\" sizes=\"(max-width: 1024px) 100vw, 1024px\" \/><\/figure>\n\n\n\n<figure class=\"wp-block-image size-large\"><img loading=\"lazy\" width=\"1024\" height=\"577\" data-id=\"9136\"  src=\"https:\/\/cuernavaca.gob.mx\/wp-content\/uploads\/2022\/04\/OSFUN-ensamble-03.jpg\" alt=\"\" class=\"wp-image-9136\" srcset=\"https:\/\/cuernavaca.gob.mx\/wp-content\/uploads\/2022\/04\/OSFUN-ensamble-03.jpg 1024w, https:\/\/cuernavaca.gob.mx\/wp-content\/uploads\/2022\/04\/OSFUN-ensamble-03-300x169.jpg 300w, https:\/\/cuernavaca.gob.mx\/wp-content\/uploads\/2022\/04\/OSFUN-ensamble-03-768x433.jpg 768w, https:\/\/cuernavaca.gob.mx\/wp-content\/uploads\/2022\/04\/OSFUN-ensamble-03-600x338.jpg 600w, https:\/\/cuernavaca.gob.mx\/wp-content\/uploads\/2022\/04\/OSFUN-ensamble-03-560x316.jpg 560w\" sizes=\"(max-width: 1024px) 100vw, 1024px\" \/><\/figure>\n<\/figure>\n","protected":false},"excerpt":{"rendered":"<p>Una exquisita velada con melod\u00edas cl\u00e1sicas y contempor\u00e1neas, fueron las que disfrutaron los asistentes, muchos de estos turistas, que acudieron a la convocatoria para ser part\u00edcipes de la celebraci\u00f3n del d\u00e9cimo aniversario de la OSFUN Ensamble en la explanada del Museo de la Ciudad de Cuernavaca (MUCIC), del Instituto de Cultura del Gobierno Municipal. Durante [&hellip;]<\/p>\n","protected":false},"author":1,"featured_media":9135,"comment_status":"closed","ping_status":"closed","sticky":false,"template":"","format":"standard","meta":[],"categories":[20,21],"tags":[258,121,257,120,259,256,125],"aioseo_notices":[],"_links":{"self":[{"href":"https:\/\/cuernavaca.gob.mx\/index.php?rest_route=\/wp\/v2\/posts\/9134"}],"collection":[{"href":"https:\/\/cuernavaca.gob.mx\/index.php?rest_route=\/wp\/v2\/posts"}],"about":[{"href":"https:\/\/cuernavaca.gob.mx\/index.php?rest_route=\/wp\/v2\/types\/post"}],"author":[{"embeddable":true,"href":"https:\/\/cuernavaca.gob.mx\/index.php?rest_route=\/wp\/v2\/users\/1"}],"replies":[{"embeddable":true,"href":"https:\/\/cuernavaca.gob.mx\/index.php?rest_route=%2Fwp%2Fv2%2Fcomments&post=9134"}],"version-history":[{"count":2,"href":"https:\/\/cuernavaca.gob.mx\/index.php?rest_route=\/wp\/v2\/posts\/9134\/revisions"}],"predecessor-version":[{"id":9156,"href":"https:\/\/cuernavaca.gob.mx\/index.php?rest_route=\/wp\/v2\/posts\/9134\/revisions\/9156"}],"wp:featuredmedia":[{"embeddable":true,"href":"https:\/\/cuernavaca.gob.mx\/index.php?rest_route=\/wp\/v2\/media\/9135"}],"wp:attachment":[{"href":"https:\/\/cuernavaca.gob.mx\/index.php?rest_route=%2Fwp%2Fv2%2Fmedia&parent=9134"}],"wp:term":[{"taxonomy":"category","embeddable":true,"href":"https:\/\/cuernavaca.gob.mx\/index.php?rest_route=%2Fwp%2Fv2%2Fcategories&post=9134"},{"taxonomy":"post_tag","embeddable":true,"href":"https:\/\/cuernavaca.gob.mx\/index.php?rest_route=%2Fwp%2Fv2%2Ftags&post=9134"}],"curies":[{"name":"wp","href":"https:\/\/api.w.org\/{rel}","templated":true}]}}