{"id":9139,"date":"2022-04-18T18:00:00","date_gmt":"2022-04-18T18:00:00","guid":{"rendered":"http:\/\/cuernavaca.gob.mx\/?p=9139"},"modified":"2025-05-06T11:17:31","modified_gmt":"2025-05-06T17:17:31","slug":"cuernavaca-renace-con-el-rescate-y-realizacion-de-la-feria-de-la-flor-cuernavaca-2022-la-feria-de-todos","status":"publish","type":"post","link":"https:\/\/cuernavaca.gob.mx\/?p=9139","title":{"rendered":"Cuernavaca Renace con el rescate y realizaci\u00f3n de la Feria de la Flor, Cuernavaca 2022. La Feria de todos"},"content":{"rendered":"\n<p><strong>Con expectativas rebasadas concluy\u00f3 el primer magno evento organizado por el Gobierno Municipal de Cuernavaca<\/strong><\/p>\n\n\n\n<p><strong>Ciudadanos y visitantes disfrutaron de 10 d\u00edas de actividades culturales, musicales y recreativas, en un ambiente 100 por ciento familiar<\/strong><\/p>\n\n\n\n<p>Con importantes actividades culturales, comerciales, musicales y recreativas, concluy\u00f3 la &#8220;Feria de la Flor, Cuernavaca 2022. La Feria de Todos&#8221;, evento que logr\u00f3 registrar en 10 d\u00edas cerca de 40 mil visitantes diarios no tan solo de la ciudad capital sino de otros municipios como de la Ciudad de M\u00e9xico, Estado de M\u00e9xico y otras entidades, quienes disfrutaron de un ambiente cien por ciento familiar.<\/p>\n\n\n\n<p>La participaci\u00f3n de la soprano morelense, Alejandra Caletti, la cantante Estela Barona y como actuaci\u00f3n estelar el espect\u00e1culo musical de la orquesta Big Band Jazz de M\u00e9xico y el cantautor, Gabriel Salas &amp; amigos acompa\u00f1ados concluyeron las actividades en el Teatro del Pueblo.<\/p>\n\n\n\n<p>Durante el acto de clausura de la feria, el alcalde Jos\u00e9 Luis Uri\u00f3stegui Salgado, resalt\u00f3 que la feria super\u00f3 todas las expectativas al registrar m\u00e1s de 40 mil visitantes donde chicos y grandes disfrutaron de los juegos, exposiciones y actividades, algo que a Cuernavaca le hac\u00eda falta vivir.<\/p>\n\n\n\n<p>Agradeci\u00f3 la disposici\u00f3n de cada uno de los artistas y organizadores que con un austero presupuesto sumaron con sus talentos y capacidades, para que esta feria se llevara a cabo, contra todo pron\u00f3stico, obteniendo resultados que sienten las bases para pr\u00f3ximos eventos a realizar por parte del Ayuntamiento.<\/p>\n\n\n\n<p>&#8220;Fueron 10 d\u00edas de feria, d\u00edas de alegr\u00eda y que tambi\u00e9n hemos reactivado la econom\u00eda. Ustedes han hecho posible esto y esperamos el pr\u00f3ximo a\u00f1o tener un evento mucho mejor gracias a la participaci\u00f3n de todas y todos ustedes&#8221;, concluy\u00f3 el edil.<\/p>\n\n\n\n<p>El secretario de Desarrollo Econ\u00f3mico y Turismo de Cuernavaca, Humberto Paladino Valdovinos, asegur\u00f3 que la Feria de la Flor, Cuernavaca 2022 recuper\u00f3 el escaparate natural del municipio, un evento de convivencia familiar donde ni\u00f1as, ni\u00f1os, adolescentes, j\u00f3venes y adultos tuvieron un espacio para divertirse, convivir y consumir los que los expositores locales pusieron a disposici\u00f3n de los visitantes de la ciudad de la Eterna Primavera.<\/p>\n\n\n\n<p>Humberto Paladino report\u00f3 saldo blanco durante estos 10 d\u00edas de fiesta y ganancias para productores, artesanos y comerciantes morelenses y cuernavacenses, quienes del 08 al 17 de abril recibieron a un promedio diario de entre cuatro a cinco mil asistentes, siendo la Feria de la Flor, Cuernavaca 2022 un ejemplo del renacer de Cuernavaca.<\/p>\n\n\n\n<p>&#8220;Lo que nos demuestra esta feria es que la gente le tiene mucha confianza a esta administraci\u00f3n, que la gente est\u00e1 contenta y que realmente esto es Cuernavaca, la parte amable de Cuernavaca donde todos pod\u00edan convivir desde ciudadanos hasta turistas, que ya vemos turistas extranjeros que se van conociendo qu\u00e9 es y qu\u00e9 ofrece la ciudad&#8221;, expres\u00f3.<\/p>\n\n\n\n<p>La Feria de la Flor, Cuernavaca 2022, cont\u00f3 con la participaci\u00f3n de aproximadamente 500 a 600 personas, quienes expusieron y vendieron sus productos, entre ellos integrantes del sector primario del municipio representado por los sistemas productos: ornamentales, fung\u00edcola, granos b\u00e1sicos, pan artesanal, ap\u00edcola, acu\u00edcola, aguacate y hortalizas, as\u00ed como la participaci\u00f3n de representaciones de los 12 pueblos originarios de la ciudad.<\/p>\n\n\n\n<p>El Teatro del Pueblo cont\u00f3 con la presentaci\u00f3n de artistas locales y de talla internacional como: la Banda de Tlayacapan de Cornelio Santamaria, Big Mountain, Marco Di Mauro, Regina Orozco, Aranza, Big Band Jazz de M\u00e9xico, Guz V\u00e1zquez, La Aut\u00e9ntica Santanera de Gildardo Zarate M\u00e9ndez, Geli Jaramillo y Carlos Cuevas, El Coste\u00f1o y Gabriel Salas &amp; amigos; y no pod\u00edan faltar los tradicionales chinelos y un espect\u00e1culo de ballet folkl\u00f3rico.<\/p>\n\n\n\n<p>Aunado a ello, diversas dependencias municipales llevaron a cabo actividades de participaci\u00f3n ciudadana e informativa, como el Instituto de la Mujer de Cuernavaca que desde el primer d\u00eda ofreci\u00f3 asesor\u00edas y servicios integrales sobre violencia de g\u00e9nero, violencia en el noviazgo, acompa\u00f1amiento jur\u00eddico, bullying, ciber acoso, entre otros temas m\u00e1s.<\/p>\n\n\n\n<p>Cabe puntualizar que los protocolos sanitarios fueron obligatorios en todo momento, particularmente el uso obligatorio de cubrebocas para todos los asistentes y se cont\u00f3 con la presencia de la polic\u00eda tur\u00edstica y preventiva, quienes brindaron seguridad y salvaguardaron la integridad de los asistentes.<\/p>\n\n\n\n<p>En la clausura de la \u201cFeria de la Flor, Cuernavaca 2022\u201d, el alcalde estuvo acompa\u00f1ado de la presidenta del DIF Municipal, Luz Mar\u00eda Zagal Guzm\u00e1n; el secretario de Desarrollo Econ\u00f3mico y Turismo, Humberto Paladino Valdovinos; la consejera jur\u00eddica, Nadia Luz Lara Ch\u00e1vez; el regidor Fernando Carrillo Alvarado; y el director de la Academia de M\u00fasica &#8220;Benning&#8221;, Tito Quiroz.<\/p>\n\n\n\n<p>La Feria de la Flor, Cuernavaca 2022 se pudo realizar gracias al apoyo de la Academia de M\u00fasica &#8220;Benning&#8221;, CANACO, CANIRAC, la Facultad de Turismo de la UAEM y el Consejo Coordinador Empresarial (CCE), entre otros.<\/p>\n\n\n\n<figure class=\"wp-container-2 wp-block-gallery-1 wp-block-gallery has-nested-images columns-default is-cropped\">\n<figure class=\"wp-block-image size-large\"><img loading=\"lazy\" width=\"1024\" height=\"682\" data-id=\"9141\"  src=\"https:\/\/cuernavaca.gob.mx\/wp-content\/uploads\/2022\/04\/Feria-de-la-Flor-Cuernavaca-2022-01.jpg\" alt=\"\" class=\"wp-image-9141\" srcset=\"https:\/\/cuernavaca.gob.mx\/wp-content\/uploads\/2022\/04\/Feria-de-la-Flor-Cuernavaca-2022-01.jpg 1024w, https:\/\/cuernavaca.gob.mx\/wp-content\/uploads\/2022\/04\/Feria-de-la-Flor-Cuernavaca-2022-01-300x200.jpg 300w, https:\/\/cuernavaca.gob.mx\/wp-content\/uploads\/2022\/04\/Feria-de-la-Flor-Cuernavaca-2022-01-768x512.jpg 768w, https:\/\/cuernavaca.gob.mx\/wp-content\/uploads\/2022\/04\/Feria-de-la-Flor-Cuernavaca-2022-01-600x400.jpg 600w, https:\/\/cuernavaca.gob.mx\/wp-content\/uploads\/2022\/04\/Feria-de-la-Flor-Cuernavaca-2022-01-560x373.jpg 560w\" sizes=\"(max-width: 1024px) 100vw, 1024px\" \/><\/figure>\n\n\n\n<figure class=\"wp-block-image size-large\"><img loading=\"lazy\" width=\"1024\" height=\"682\" data-id=\"9140\"  src=\"https:\/\/cuernavaca.gob.mx\/wp-content\/uploads\/2022\/04\/Feria-de-la-Flor-Cuernavaca-2022-02.jpg\" alt=\"\" class=\"wp-image-9140\" srcset=\"https:\/\/cuernavaca.gob.mx\/wp-content\/uploads\/2022\/04\/Feria-de-la-Flor-Cuernavaca-2022-02.jpg 1024w, https:\/\/cuernavaca.gob.mx\/wp-content\/uploads\/2022\/04\/Feria-de-la-Flor-Cuernavaca-2022-02-300x200.jpg 300w, https:\/\/cuernavaca.gob.mx\/wp-content\/uploads\/2022\/04\/Feria-de-la-Flor-Cuernavaca-2022-02-768x512.jpg 768w, https:\/\/cuernavaca.gob.mx\/wp-content\/uploads\/2022\/04\/Feria-de-la-Flor-Cuernavaca-2022-02-600x400.jpg 600w, https:\/\/cuernavaca.gob.mx\/wp-content\/uploads\/2022\/04\/Feria-de-la-Flor-Cuernavaca-2022-02-560x373.jpg 560w\" sizes=\"(max-width: 1024px) 100vw, 1024px\" \/><\/figure>\n\n\n\n<figure class=\"wp-block-image size-large\"><img loading=\"lazy\" width=\"1024\" height=\"682\" data-id=\"9144\"  src=\"https:\/\/cuernavaca.gob.mx\/wp-content\/uploads\/2022\/04\/Feria-de-la-Flor-Cuernavaca-2022-03-1024x682.jpg\" alt=\"\" class=\"wp-image-9144\" srcset=\"https:\/\/cuernavaca.gob.mx\/wp-content\/uploads\/2022\/04\/Feria-de-la-Flor-Cuernavaca-2022-03-1024x682.jpg 1024w, https:\/\/cuernavaca.gob.mx\/wp-content\/uploads\/2022\/04\/Feria-de-la-Flor-Cuernavaca-2022-03-300x200.jpg 300w, https:\/\/cuernavaca.gob.mx\/wp-content\/uploads\/2022\/04\/Feria-de-la-Flor-Cuernavaca-2022-03-768x512.jpg 768w, https:\/\/cuernavaca.gob.mx\/wp-content\/uploads\/2022\/04\/Feria-de-la-Flor-Cuernavaca-2022-03-600x400.jpg 600w, https:\/\/cuernavaca.gob.mx\/wp-content\/uploads\/2022\/04\/Feria-de-la-Flor-Cuernavaca-2022-03-560x373.jpg 560w, https:\/\/cuernavaca.gob.mx\/wp-content\/uploads\/2022\/04\/Feria-de-la-Flor-Cuernavaca-2022-03.jpg 1280w\" sizes=\"(max-width: 1024px) 100vw, 1024px\" \/><\/figure>\n\n\n\n<figure class=\"wp-block-image size-large\"><img loading=\"lazy\" width=\"1024\" height=\"682\" data-id=\"9145\"  src=\"https:\/\/cuernavaca.gob.mx\/wp-content\/uploads\/2022\/04\/Feria-de-la-Flor-Cuernavaca-2022-04-1024x682.jpg\" alt=\"\" class=\"wp-image-9145\" srcset=\"https:\/\/cuernavaca.gob.mx\/wp-content\/uploads\/2022\/04\/Feria-de-la-Flor-Cuernavaca-2022-04-1024x682.jpg 1024w, https:\/\/cuernavaca.gob.mx\/wp-content\/uploads\/2022\/04\/Feria-de-la-Flor-Cuernavaca-2022-04-300x200.jpg 300w, https:\/\/cuernavaca.gob.mx\/wp-content\/uploads\/2022\/04\/Feria-de-la-Flor-Cuernavaca-2022-04-768x512.jpg 768w, https:\/\/cuernavaca.gob.mx\/wp-content\/uploads\/2022\/04\/Feria-de-la-Flor-Cuernavaca-2022-04-600x400.jpg 600w, https:\/\/cuernavaca.gob.mx\/wp-content\/uploads\/2022\/04\/Feria-de-la-Flor-Cuernavaca-2022-04-560x373.jpg 560w, https:\/\/cuernavaca.gob.mx\/wp-content\/uploads\/2022\/04\/Feria-de-la-Flor-Cuernavaca-2022-04.jpg 1280w\" sizes=\"(max-width: 1024px) 100vw, 1024px\" \/><\/figure>\n\n\n\n<figure class=\"wp-block-image size-large\"><img loading=\"lazy\" width=\"1024\" height=\"682\" data-id=\"9142\"  src=\"https:\/\/cuernavaca.gob.mx\/wp-content\/uploads\/2022\/04\/Feria-de-la-Flor-Cuernavaca-2022-05-1024x682.jpg\" alt=\"\" class=\"wp-image-9142\" srcset=\"https:\/\/cuernavaca.gob.mx\/wp-content\/uploads\/2022\/04\/Feria-de-la-Flor-Cuernavaca-2022-05-1024x682.jpg 1024w, https:\/\/cuernavaca.gob.mx\/wp-content\/uploads\/2022\/04\/Feria-de-la-Flor-Cuernavaca-2022-05-300x200.jpg 300w, https:\/\/cuernavaca.gob.mx\/wp-content\/uploads\/2022\/04\/Feria-de-la-Flor-Cuernavaca-2022-05-768x512.jpg 768w, https:\/\/cuernavaca.gob.mx\/wp-content\/uploads\/2022\/04\/Feria-de-la-Flor-Cuernavaca-2022-05-600x400.jpg 600w, https:\/\/cuernavaca.gob.mx\/wp-content\/uploads\/2022\/04\/Feria-de-la-Flor-Cuernavaca-2022-05-560x373.jpg 560w, https:\/\/cuernavaca.gob.mx\/wp-content\/uploads\/2022\/04\/Feria-de-la-Flor-Cuernavaca-2022-05.jpg 1280w\" sizes=\"(max-width: 1024px) 100vw, 1024px\" \/><\/figure>\n\n\n\n<figure class=\"wp-block-image size-large\"><img loading=\"lazy\" width=\"1024\" height=\"683\" data-id=\"9143\"  src=\"https:\/\/cuernavaca.gob.mx\/wp-content\/uploads\/2022\/04\/Feria-de-la-Flor-Cuernavaca-2022-06-1024x683.jpg\" alt=\"\" class=\"wp-image-9143\" srcset=\"https:\/\/cuernavaca.gob.mx\/wp-content\/uploads\/2022\/04\/Feria-de-la-Flor-Cuernavaca-2022-06-1024x683.jpg 1024w, https:\/\/cuernavaca.gob.mx\/wp-content\/uploads\/2022\/04\/Feria-de-la-Flor-Cuernavaca-2022-06-300x200.jpg 300w, https:\/\/cuernavaca.gob.mx\/wp-content\/uploads\/2022\/04\/Feria-de-la-Flor-Cuernavaca-2022-06-768x512.jpg 768w, https:\/\/cuernavaca.gob.mx\/wp-content\/uploads\/2022\/04\/Feria-de-la-Flor-Cuernavaca-2022-06-600x400.jpg 600w, https:\/\/cuernavaca.gob.mx\/wp-content\/uploads\/2022\/04\/Feria-de-la-Flor-Cuernavaca-2022-06-560x374.jpg 560w, https:\/\/cuernavaca.gob.mx\/wp-content\/uploads\/2022\/04\/Feria-de-la-Flor-Cuernavaca-2022-06.jpg 1280w\" sizes=\"(max-width: 1024px) 100vw, 1024px\" \/><\/figure>\n\n\n\n<figure class=\"wp-block-image size-large\"><img loading=\"lazy\" width=\"1024\" height=\"683\" data-id=\"9147\"  src=\"https:\/\/cuernavaca.gob.mx\/wp-content\/uploads\/2022\/04\/Feria-de-la-Flor-Cuernavaca-2022-07-1024x683.jpg\" alt=\"\" class=\"wp-image-9147\" srcset=\"https:\/\/cuernavaca.gob.mx\/wp-content\/uploads\/2022\/04\/Feria-de-la-Flor-Cuernavaca-2022-07-1024x683.jpg 1024w, https:\/\/cuernavaca.gob.mx\/wp-content\/uploads\/2022\/04\/Feria-de-la-Flor-Cuernavaca-2022-07-300x200.jpg 300w, https:\/\/cuernavaca.gob.mx\/wp-content\/uploads\/2022\/04\/Feria-de-la-Flor-Cuernavaca-2022-07-768x512.jpg 768w, https:\/\/cuernavaca.gob.mx\/wp-content\/uploads\/2022\/04\/Feria-de-la-Flor-Cuernavaca-2022-07-600x400.jpg 600w, https:\/\/cuernavaca.gob.mx\/wp-content\/uploads\/2022\/04\/Feria-de-la-Flor-Cuernavaca-2022-07-560x374.jpg 560w, https:\/\/cuernavaca.gob.mx\/wp-content\/uploads\/2022\/04\/Feria-de-la-Flor-Cuernavaca-2022-07.jpg 1280w\" sizes=\"(max-width: 1024px) 100vw, 1024px\" \/><\/figure>\n\n\n\n<figure class=\"wp-block-image size-large\"><img loading=\"lazy\" width=\"1024\" height=\"683\" data-id=\"9146\"  src=\"https:\/\/cuernavaca.gob.mx\/wp-content\/uploads\/2022\/04\/Feria-de-la-Flor-Cuernavaca-2022-08-1024x683.jpg\" alt=\"\" class=\"wp-image-9146\" srcset=\"https:\/\/cuernavaca.gob.mx\/wp-content\/uploads\/2022\/04\/Feria-de-la-Flor-Cuernavaca-2022-08-1024x683.jpg 1024w, https:\/\/cuernavaca.gob.mx\/wp-content\/uploads\/2022\/04\/Feria-de-la-Flor-Cuernavaca-2022-08-300x200.jpg 300w, https:\/\/cuernavaca.gob.mx\/wp-content\/uploads\/2022\/04\/Feria-de-la-Flor-Cuernavaca-2022-08-768x512.jpg 768w, https:\/\/cuernavaca.gob.mx\/wp-content\/uploads\/2022\/04\/Feria-de-la-Flor-Cuernavaca-2022-08-600x400.jpg 600w, https:\/\/cuernavaca.gob.mx\/wp-content\/uploads\/2022\/04\/Feria-de-la-Flor-Cuernavaca-2022-08-560x374.jpg 560w, https:\/\/cuernavaca.gob.mx\/wp-content\/uploads\/2022\/04\/Feria-de-la-Flor-Cuernavaca-2022-08.jpg 1280w\" sizes=\"(max-width: 1024px) 100vw, 1024px\" \/><\/figure>\n\n\n\n<figure class=\"wp-block-image size-large\"><img loading=\"lazy\" width=\"1024\" height=\"682\" data-id=\"9148\"  src=\"https:\/\/cuernavaca.gob.mx\/wp-content\/uploads\/2022\/04\/Feria-de-la-Flor-Cuernavaca-2022-09-1024x682.jpg\" alt=\"\" class=\"wp-image-9148\" srcset=\"https:\/\/cuernavaca.gob.mx\/wp-content\/uploads\/2022\/04\/Feria-de-la-Flor-Cuernavaca-2022-09-1024x682.jpg 1024w, https:\/\/cuernavaca.gob.mx\/wp-content\/uploads\/2022\/04\/Feria-de-la-Flor-Cuernavaca-2022-09-300x200.jpg 300w, https:\/\/cuernavaca.gob.mx\/wp-content\/uploads\/2022\/04\/Feria-de-la-Flor-Cuernavaca-2022-09-768x512.jpg 768w, https:\/\/cuernavaca.gob.mx\/wp-content\/uploads\/2022\/04\/Feria-de-la-Flor-Cuernavaca-2022-09-600x400.jpg 600w, https:\/\/cuernavaca.gob.mx\/wp-content\/uploads\/2022\/04\/Feria-de-la-Flor-Cuernavaca-2022-09-560x373.jpg 560w, https:\/\/cuernavaca.gob.mx\/wp-content\/uploads\/2022\/04\/Feria-de-la-Flor-Cuernavaca-2022-09.jpg 1280w\" sizes=\"(max-width: 1024px) 100vw, 1024px\" \/><\/figure>\n\n\n\n<figure class=\"wp-block-image size-large\"><img loading=\"lazy\" width=\"1024\" height=\"683\" data-id=\"9149\"  src=\"https:\/\/cuernavaca.gob.mx\/wp-content\/uploads\/2022\/04\/Feria-de-la-Flor-Cuernavaca-2022-10-1024x683.jpg\" alt=\"\" class=\"wp-image-9149\" srcset=\"https:\/\/cuernavaca.gob.mx\/wp-content\/uploads\/2022\/04\/Feria-de-la-Flor-Cuernavaca-2022-10-1024x683.jpg 1024w, https:\/\/cuernavaca.gob.mx\/wp-content\/uploads\/2022\/04\/Feria-de-la-Flor-Cuernavaca-2022-10-300x200.jpg 300w, https:\/\/cuernavaca.gob.mx\/wp-content\/uploads\/2022\/04\/Feria-de-la-Flor-Cuernavaca-2022-10-768x512.jpg 768w, https:\/\/cuernavaca.gob.mx\/wp-content\/uploads\/2022\/04\/Feria-de-la-Flor-Cuernavaca-2022-10-600x400.jpg 600w, https:\/\/cuernavaca.gob.mx\/wp-content\/uploads\/2022\/04\/Feria-de-la-Flor-Cuernavaca-2022-10-560x374.jpg 560w, https:\/\/cuernavaca.gob.mx\/wp-content\/uploads\/2022\/04\/Feria-de-la-Flor-Cuernavaca-2022-10.jpg 1280w\" sizes=\"(max-width: 1024px) 100vw, 1024px\" \/><\/figure>\n\n\n\n<figure class=\"wp-block-image size-large\"><img loading=\"lazy\" width=\"1024\" height=\"683\" data-id=\"9150\"  src=\"https:\/\/cuernavaca.gob.mx\/wp-content\/uploads\/2022\/04\/Feria-de-la-Flor-Cuernavaca-2022-11-1024x683.jpg\" alt=\"\" class=\"wp-image-9150\" srcset=\"https:\/\/cuernavaca.gob.mx\/wp-content\/uploads\/2022\/04\/Feria-de-la-Flor-Cuernavaca-2022-11-1024x683.jpg 1024w, https:\/\/cuernavaca.gob.mx\/wp-content\/uploads\/2022\/04\/Feria-de-la-Flor-Cuernavaca-2022-11-300x200.jpg 300w, https:\/\/cuernavaca.gob.mx\/wp-content\/uploads\/2022\/04\/Feria-de-la-Flor-Cuernavaca-2022-11-768x512.jpg 768w, https:\/\/cuernavaca.gob.mx\/wp-content\/uploads\/2022\/04\/Feria-de-la-Flor-Cuernavaca-2022-11-600x400.jpg 600w, https:\/\/cuernavaca.gob.mx\/wp-content\/uploads\/2022\/04\/Feria-de-la-Flor-Cuernavaca-2022-11-560x374.jpg 560w, https:\/\/cuernavaca.gob.mx\/wp-content\/uploads\/2022\/04\/Feria-de-la-Flor-Cuernavaca-2022-11.jpg 1280w\" sizes=\"(max-width: 1024px) 100vw, 1024px\" \/><\/figure>\n\n\n\n<figure class=\"wp-block-image size-large\"><img loading=\"lazy\" width=\"1024\" height=\"683\" data-id=\"9151\"  src=\"https:\/\/cuernavaca.gob.mx\/wp-content\/uploads\/2022\/04\/Feria-de-la-Flor-Cuernavaca-2022-12-1024x683.jpg\" alt=\"\" class=\"wp-image-9151\" srcset=\"https:\/\/cuernavaca.gob.mx\/wp-content\/uploads\/2022\/04\/Feria-de-la-Flor-Cuernavaca-2022-12-1024x683.jpg 1024w, https:\/\/cuernavaca.gob.mx\/wp-content\/uploads\/2022\/04\/Feria-de-la-Flor-Cuernavaca-2022-12-300x200.jpg 300w, https:\/\/cuernavaca.gob.mx\/wp-content\/uploads\/2022\/04\/Feria-de-la-Flor-Cuernavaca-2022-12-768x512.jpg 768w, https:\/\/cuernavaca.gob.mx\/wp-content\/uploads\/2022\/04\/Feria-de-la-Flor-Cuernavaca-2022-12-600x400.jpg 600w, https:\/\/cuernavaca.gob.mx\/wp-content\/uploads\/2022\/04\/Feria-de-la-Flor-Cuernavaca-2022-12-560x374.jpg 560w, https:\/\/cuernavaca.gob.mx\/wp-content\/uploads\/2022\/04\/Feria-de-la-Flor-Cuernavaca-2022-12.jpg 1280w\" sizes=\"(max-width: 1024px) 100vw, 1024px\" \/><\/figure>\n\n\n\n<figure class=\"wp-block-image size-large\"><img loading=\"lazy\" width=\"1024\" height=\"683\" data-id=\"9152\"  src=\"https:\/\/cuernavaca.gob.mx\/wp-content\/uploads\/2022\/04\/Feria-de-la-Flor-Cuernavaca-2022-13-1024x683.jpg\" alt=\"\" class=\"wp-image-9152\" srcset=\"https:\/\/cuernavaca.gob.mx\/wp-content\/uploads\/2022\/04\/Feria-de-la-Flor-Cuernavaca-2022-13-1024x683.jpg 1024w, https:\/\/cuernavaca.gob.mx\/wp-content\/uploads\/2022\/04\/Feria-de-la-Flor-Cuernavaca-2022-13-300x200.jpg 300w, https:\/\/cuernavaca.gob.mx\/wp-content\/uploads\/2022\/04\/Feria-de-la-Flor-Cuernavaca-2022-13-768x512.jpg 768w, https:\/\/cuernavaca.gob.mx\/wp-content\/uploads\/2022\/04\/Feria-de-la-Flor-Cuernavaca-2022-13-600x400.jpg 600w, https:\/\/cuernavaca.gob.mx\/wp-content\/uploads\/2022\/04\/Feria-de-la-Flor-Cuernavaca-2022-13-560x374.jpg 560w, https:\/\/cuernavaca.gob.mx\/wp-content\/uploads\/2022\/04\/Feria-de-la-Flor-Cuernavaca-2022-13.jpg 1280w\" sizes=\"(max-width: 1024px) 100vw, 1024px\" \/><\/figure>\n\n\n\n<figure class=\"wp-block-image size-large\"><img loading=\"lazy\" width=\"1024\" height=\"682\" data-id=\"9153\"  src=\"https:\/\/cuernavaca.gob.mx\/wp-content\/uploads\/2022\/04\/Feria-de-la-Flor-Cuernavaca-2022-14.jpg\" alt=\"\" class=\"wp-image-9153\" srcset=\"https:\/\/cuernavaca.gob.mx\/wp-content\/uploads\/2022\/04\/Feria-de-la-Flor-Cuernavaca-2022-14.jpg 1024w, https:\/\/cuernavaca.gob.mx\/wp-content\/uploads\/2022\/04\/Feria-de-la-Flor-Cuernavaca-2022-14-300x200.jpg 300w, https:\/\/cuernavaca.gob.mx\/wp-content\/uploads\/2022\/04\/Feria-de-la-Flor-Cuernavaca-2022-14-768x512.jpg 768w, https:\/\/cuernavaca.gob.mx\/wp-content\/uploads\/2022\/04\/Feria-de-la-Flor-Cuernavaca-2022-14-600x400.jpg 600w, https:\/\/cuernavaca.gob.mx\/wp-content\/uploads\/2022\/04\/Feria-de-la-Flor-Cuernavaca-2022-14-560x373.jpg 560w\" sizes=\"(max-width: 1024px) 100vw, 1024px\" \/><\/figure>\n\n\n\n<figure class=\"wp-block-image size-large\"><img loading=\"lazy\" width=\"1024\" height=\"682\" data-id=\"9154\"  src=\"https:\/\/cuernavaca.gob.mx\/wp-content\/uploads\/2022\/04\/Feria-de-la-Flor-Cuernavaca-2022-15-1024x682.jpg\" alt=\"\" class=\"wp-image-9154\" srcset=\"https:\/\/cuernavaca.gob.mx\/wp-content\/uploads\/2022\/04\/Feria-de-la-Flor-Cuernavaca-2022-15-1024x682.jpg 1024w, https:\/\/cuernavaca.gob.mx\/wp-content\/uploads\/2022\/04\/Feria-de-la-Flor-Cuernavaca-2022-15-300x200.jpg 300w, https:\/\/cuernavaca.gob.mx\/wp-content\/uploads\/2022\/04\/Feria-de-la-Flor-Cuernavaca-2022-15-768x512.jpg 768w, https:\/\/cuernavaca.gob.mx\/wp-content\/uploads\/2022\/04\/Feria-de-la-Flor-Cuernavaca-2022-15-600x400.jpg 600w, https:\/\/cuernavaca.gob.mx\/wp-content\/uploads\/2022\/04\/Feria-de-la-Flor-Cuernavaca-2022-15-560x373.jpg 560w, https:\/\/cuernavaca.gob.mx\/wp-content\/uploads\/2022\/04\/Feria-de-la-Flor-Cuernavaca-2022-15.jpg 1280w\" sizes=\"(max-width: 1024px) 100vw, 1024px\" \/><\/figure>\n<\/figure>\n","protected":false},"excerpt":{"rendered":"<p>Con expectativas rebasadas concluy\u00f3 el primer magno evento organizado por el Gobierno Municipal de Cuernavaca Ciudadanos y visitantes disfrutaron de 10 d\u00edas de actividades culturales, musicales y recreativas, en un ambiente 100 por ciento familiar Con importantes actividades culturales, comerciales, musicales y recreativas, concluy\u00f3 la &#8220;Feria de la Flor, Cuernavaca 2022. La Feria de Todos&#8221;, [&hellip;]<\/p>\n","protected":false},"author":1,"featured_media":9147,"comment_status":"closed","ping_status":"closed","sticky":false,"template":"","format":"standard","meta":[],"categories":[20,21],"tags":[263,158,264,265,267,121,261,260,262,120,133,125,266],"aioseo_notices":[],"_links":{"self":[{"href":"https:\/\/cuernavaca.gob.mx\/index.php?rest_route=\/wp\/v2\/posts\/9139"}],"collection":[{"href":"https:\/\/cuernavaca.gob.mx\/index.php?rest_route=\/wp\/v2\/posts"}],"about":[{"href":"https:\/\/cuernavaca.gob.mx\/index.php?rest_route=\/wp\/v2\/types\/post"}],"author":[{"embeddable":true,"href":"https:\/\/cuernavaca.gob.mx\/index.php?rest_route=\/wp\/v2\/users\/1"}],"replies":[{"embeddable":true,"href":"https:\/\/cuernavaca.gob.mx\/index.php?rest_route=%2Fwp%2Fv2%2Fcomments&post=9139"}],"version-history":[{"count":2,"href":"https:\/\/cuernavaca.gob.mx\/index.php?rest_route=\/wp\/v2\/posts\/9139\/revisions"}],"predecessor-version":[{"id":9157,"href":"https:\/\/cuernavaca.gob.mx\/index.php?rest_route=\/wp\/v2\/posts\/9139\/revisions\/9157"}],"wp:featuredmedia":[{"embeddable":true,"href":"https:\/\/cuernavaca.gob.mx\/index.php?rest_route=\/wp\/v2\/media\/9147"}],"wp:attachment":[{"href":"https:\/\/cuernavaca.gob.mx\/index.php?rest_route=%2Fwp%2Fv2%2Fmedia&parent=9139"}],"wp:term":[{"taxonomy":"category","embeddable":true,"href":"https:\/\/cuernavaca.gob.mx\/index.php?rest_route=%2Fwp%2Fv2%2Fcategories&post=9139"},{"taxonomy":"post_tag","embeddable":true,"href":"https:\/\/cuernavaca.gob.mx\/index.php?rest_route=%2Fwp%2Fv2%2Ftags&post=9139"}],"curies":[{"name":"wp","href":"https:\/\/api.w.org\/{rel}","templated":true}]}}