{"id":9322,"date":"2022-04-10T12:00:00","date_gmt":"2022-04-10T12:00:00","guid":{"rendered":"http:\/\/cuernavaca.gob.mx\/?p=9322"},"modified":"2025-05-06T11:17:06","modified_gmt":"2025-05-06T17:17:06","slug":"ayuntamiento-de-cuernavaca-elige-a-sus-representantes-en-el-parlamento-infantil-2022","status":"publish","type":"post","link":"https:\/\/cuernavaca.gob.mx\/?p=9322","title":{"rendered":"Ayuntamiento de Cuernavaca elige a sus representantes en el parlamento infantil 2022"},"content":{"rendered":"\n<p><strong>Regina Jasso Izaguirre y \u00d3scar Andrei Casta\u00f1eda Rodr\u00edguez fueron seleccionados para representar al municipio<\/strong><\/p>\n\n\n\n<p><strong>Regidoras y regidores coincidieron en la relevancia de impulsar la cultura democr\u00e1tica desde temprana edad<\/strong><\/p>\n\n\n\n<p>Al reconocer la importancia de desarrollar desde temprana edad actitudes que mejoren la cultura democr\u00e1tica en el municipio, el Cabildo de Cuernavaca seleccion\u00f3 como semifinalistas a una ni\u00f1a y ni\u00f1o cuernavacenses para representar al Ayuntamiento en el Parlamento Infantil 2022 organizado por el Congreso de Morelos.<\/p>\n\n\n\n<p>Acatando la responsabilidad de coadyuvar en actividades que impulsen la participaci\u00f3n de toda la sociedad y haciendo al Poder Legislativo part\u00edcipe al Gobierno Municipal del Parlamento Infantil 2022, el presidente municipal, Jos\u00e9 Luis Uri\u00f3stegui Salgado, la s\u00edndica, as\u00ed como regidoras y regidores designaron a Regina Jasso Izaguirre y \u00d3scar Andrei Casta\u00f1eda Rodr\u00edguez.<\/p>\n\n\n\n<p>Tras leer y analizar las propuestas de las ni\u00f1as y ni\u00f1os aspirantes, el cuerpo edilicio de Cuernavaca coincidi\u00f3 en la relevancia no solo de participar en este tipo de ejercicios, sino de organizarlos y desarrollarlos, por ejemplo, el pr\u00f3ximo 28 de abril a las 10 horas en el Museo de la Ciudad se llevar\u00e1 a cabo el primer Cabildo Infantil 2022 donde las voces de las ni\u00f1as, ni\u00f1os y adolescentes de la capital del estado ser\u00e1n escuchadas y consideradas a incluir en las pol\u00edticas p\u00fablicas del municipio.<\/p>\n\n\n\n<p>En este contexto, la regidora del partido Movimiento Alternativa Social (MAS), Wendi Salinas Ruiz, destac\u00f3 la relevancia del Parlamento Infantil 2022 con base en lo establecido en la Convenci\u00f3n sobre los Derechos de las Ni\u00f1as y Ni\u00f1os, canalizando a este sector una vida democr\u00e1tica.<\/p>\n\n\n\n<p>La regidora del partido Movimiento de Regeneraci\u00f3n Nacional (Morena), Patricia Torres Rosales, puntualiz\u00f3 que escuchar a la ni\u00f1ez es fundamental debido a que pese a su corta edad cuentan con visiones e ideas propias que los mismos adultos no ven.<\/p>\n\n\n\n<p>Coincidiendo con este \u00faltimo planteamiento, la regidora del partido Socialdem\u00f3crata (PSD), Mireya Delgado Romero, refiri\u00f3 que el Parlamento les permite conocer las reflexiones de las ni\u00f1as y ni\u00f1os respecto a la sociedad en la que viven, siendo importante que sus pensamientos, decepciones y propuestas sean tomadas en cuenta en los acuerdos que emita la autoridad correspondiente.<\/p>\n\n\n\n<p>Avalando los argumentos de sus hom\u00f3logas, el regidor de Morena, Debendrenath S\u00e1lazar Solorio, manifest\u00f3 que es necesario se contin\u00faen con este tipo de pol\u00edticas que incluyen a las ni\u00f1as y ni\u00f1os cuernavacenses en cuestiones de educaci\u00f3n, cultura y conocimiento.<\/p>\n\n\n\n<p>De acuerdo con la convocatoria emitida por el Congreso local, el Parlamento Infantil 2022 se realizar\u00e1 el 30 de abril en el marco del D\u00eda de la Ni\u00f1a y Ni\u00f1o donde ni\u00f1as y ni\u00f1os de sexto grado de primaria presentar\u00e1n propuestas o planteamientos de relevancia social en los temas de los derechos de las ni\u00f1as y ni\u00f1os, c\u00f3mo reducir el acoso escolar, por qu\u00e9 son importante los valores de las y los ni\u00f1os, c\u00f3mo afect\u00f3 el COVID-19 a la forma de estudiar, adem\u00e1s de qu\u00e9 es lo que se espera del titular del Poder Ejecutivo Estatal.<\/p>\n\n\n\n<figure class=\"wp-container-2 wp-block-gallery-1 wp-block-gallery has-nested-images columns-default is-cropped\">\n<figure class=\"wp-block-image size-large\"><img loading=\"lazy\" width=\"1024\" height=\"683\" data-id=\"9323\"  src=\"https:\/\/cuernavaca.gob.mx\/wp-content\/uploads\/2022\/04\/Eleccio\u0301n-parlamento-infantil-01.jpg\" alt=\"\" class=\"wp-image-9323\" srcset=\"https:\/\/cuernavaca.gob.mx\/wp-content\/uploads\/2022\/04\/Eleccio\u0301n-parlamento-infantil-01.jpg 1024w, https:\/\/cuernavaca.gob.mx\/wp-content\/uploads\/2022\/04\/Eleccio\u0301n-parlamento-infantil-01-300x200.jpg 300w, https:\/\/cuernavaca.gob.mx\/wp-content\/uploads\/2022\/04\/Eleccio\u0301n-parlamento-infantil-01-768x512.jpg 768w, https:\/\/cuernavaca.gob.mx\/wp-content\/uploads\/2022\/04\/Eleccio\u0301n-parlamento-infantil-01-600x400.jpg 600w, https:\/\/cuernavaca.gob.mx\/wp-content\/uploads\/2022\/04\/Eleccio\u0301n-parlamento-infantil-01-560x374.jpg 560w\" sizes=\"(max-width: 1024px) 100vw, 1024px\" \/><\/figure>\n\n\n\n<figure class=\"wp-block-image size-large\"><img loading=\"lazy\" width=\"1024\" height=\"683\" data-id=\"9325\"  src=\"https:\/\/cuernavaca.gob.mx\/wp-content\/uploads\/2022\/04\/Eleccio\u0301n-parlamento-infantil-02.jpg\" alt=\"\" class=\"wp-image-9325\" srcset=\"https:\/\/cuernavaca.gob.mx\/wp-content\/uploads\/2022\/04\/Eleccio\u0301n-parlamento-infantil-02.jpg 1024w, https:\/\/cuernavaca.gob.mx\/wp-content\/uploads\/2022\/04\/Eleccio\u0301n-parlamento-infantil-02-300x200.jpg 300w, https:\/\/cuernavaca.gob.mx\/wp-content\/uploads\/2022\/04\/Eleccio\u0301n-parlamento-infantil-02-768x512.jpg 768w, https:\/\/cuernavaca.gob.mx\/wp-content\/uploads\/2022\/04\/Eleccio\u0301n-parlamento-infantil-02-600x400.jpg 600w, https:\/\/cuernavaca.gob.mx\/wp-content\/uploads\/2022\/04\/Eleccio\u0301n-parlamento-infantil-02-560x374.jpg 560w\" sizes=\"(max-width: 1024px) 100vw, 1024px\" \/><\/figure>\n\n\n\n<figure class=\"wp-block-image size-large\"><img loading=\"lazy\" width=\"1024\" height=\"683\" data-id=\"9324\"  src=\"https:\/\/cuernavaca.gob.mx\/wp-content\/uploads\/2022\/04\/Eleccio\u0301n-parlamento-infantil-03.jpg\" alt=\"\" class=\"wp-image-9324\" srcset=\"https:\/\/cuernavaca.gob.mx\/wp-content\/uploads\/2022\/04\/Eleccio\u0301n-parlamento-infantil-03.jpg 1024w, https:\/\/cuernavaca.gob.mx\/wp-content\/uploads\/2022\/04\/Eleccio\u0301n-parlamento-infantil-03-300x200.jpg 300w, https:\/\/cuernavaca.gob.mx\/wp-content\/uploads\/2022\/04\/Eleccio\u0301n-parlamento-infantil-03-768x512.jpg 768w, https:\/\/cuernavaca.gob.mx\/wp-content\/uploads\/2022\/04\/Eleccio\u0301n-parlamento-infantil-03-600x400.jpg 600w, https:\/\/cuernavaca.gob.mx\/wp-content\/uploads\/2022\/04\/Eleccio\u0301n-parlamento-infantil-03-560x374.jpg 560w\" sizes=\"(max-width: 1024px) 100vw, 1024px\" \/><\/figure>\n\n\n\n<figure class=\"wp-block-image size-large\"><img loading=\"lazy\" width=\"1024\" height=\"683\" data-id=\"9327\"  src=\"https:\/\/cuernavaca.gob.mx\/wp-content\/uploads\/2022\/04\/Eleccio\u0301n-parlamento-infantil-04.jpg\" alt=\"\" class=\"wp-image-9327\" srcset=\"https:\/\/cuernavaca.gob.mx\/wp-content\/uploads\/2022\/04\/Eleccio\u0301n-parlamento-infantil-04.jpg 1024w, https:\/\/cuernavaca.gob.mx\/wp-content\/uploads\/2022\/04\/Eleccio\u0301n-parlamento-infantil-04-300x200.jpg 300w, https:\/\/cuernavaca.gob.mx\/wp-content\/uploads\/2022\/04\/Eleccio\u0301n-parlamento-infantil-04-768x512.jpg 768w, https:\/\/cuernavaca.gob.mx\/wp-content\/uploads\/2022\/04\/Eleccio\u0301n-parlamento-infantil-04-600x400.jpg 600w, https:\/\/cuernavaca.gob.mx\/wp-content\/uploads\/2022\/04\/Eleccio\u0301n-parlamento-infantil-04-560x374.jpg 560w\" sizes=\"(max-width: 1024px) 100vw, 1024px\" \/><\/figure>\n\n\n\n<figure class=\"wp-block-image size-large\"><img loading=\"lazy\" width=\"1024\" height=\"683\" data-id=\"9326\"  src=\"https:\/\/cuernavaca.gob.mx\/wp-content\/uploads\/2022\/04\/Eleccio\u0301n-parlamento-infantil-05.jpg\" alt=\"\" class=\"wp-image-9326\" srcset=\"https:\/\/cuernavaca.gob.mx\/wp-content\/uploads\/2022\/04\/Eleccio\u0301n-parlamento-infantil-05.jpg 1024w, https:\/\/cuernavaca.gob.mx\/wp-content\/uploads\/2022\/04\/Eleccio\u0301n-parlamento-infantil-05-300x200.jpg 300w, https:\/\/cuernavaca.gob.mx\/wp-content\/uploads\/2022\/04\/Eleccio\u0301n-parlamento-infantil-05-768x512.jpg 768w, https:\/\/cuernavaca.gob.mx\/wp-content\/uploads\/2022\/04\/Eleccio\u0301n-parlamento-infantil-05-600x400.jpg 600w, https:\/\/cuernavaca.gob.mx\/wp-content\/uploads\/2022\/04\/Eleccio\u0301n-parlamento-infantil-05-560x374.jpg 560w\" sizes=\"(max-width: 1024px) 100vw, 1024px\" \/><\/figure>\n<\/figure>\n","protected":false},"excerpt":{"rendered":"<p>Regina Jasso Izaguirre y \u00d3scar Andrei Casta\u00f1eda Rodr\u00edguez fueron seleccionados para representar al municipio Regidoras y regidores coincidieron en la relevancia de impulsar la cultura democr\u00e1tica desde temprana edad Al reconocer la importancia de desarrollar desde temprana edad actitudes que mejoren la cultura democr\u00e1tica en el municipio, el Cabildo de Cuernavaca seleccion\u00f3 como semifinalistas a [&hellip;]<\/p>\n","protected":false},"author":1,"featured_media":9323,"comment_status":"closed","ping_status":"closed","sticky":false,"template":"","format":"standard","meta":[],"categories":[20],"tags":[158,121,321,120,320],"aioseo_notices":[],"_links":{"self":[{"href":"https:\/\/cuernavaca.gob.mx\/index.php?rest_route=\/wp\/v2\/posts\/9322"}],"collection":[{"href":"https:\/\/cuernavaca.gob.mx\/index.php?rest_route=\/wp\/v2\/posts"}],"about":[{"href":"https:\/\/cuernavaca.gob.mx\/index.php?rest_route=\/wp\/v2\/types\/post"}],"author":[{"embeddable":true,"href":"https:\/\/cuernavaca.gob.mx\/index.php?rest_route=\/wp\/v2\/users\/1"}],"replies":[{"embeddable":true,"href":"https:\/\/cuernavaca.gob.mx\/index.php?rest_route=%2Fwp%2Fv2%2Fcomments&post=9322"}],"version-history":[{"count":2,"href":"https:\/\/cuernavaca.gob.mx\/index.php?rest_route=\/wp\/v2\/posts\/9322\/revisions"}],"predecessor-version":[{"id":9341,"href":"https:\/\/cuernavaca.gob.mx\/index.php?rest_route=\/wp\/v2\/posts\/9322\/revisions\/9341"}],"wp:featuredmedia":[{"embeddable":true,"href":"https:\/\/cuernavaca.gob.mx\/index.php?rest_route=\/wp\/v2\/media\/9323"}],"wp:attachment":[{"href":"https:\/\/cuernavaca.gob.mx\/index.php?rest_route=%2Fwp%2Fv2%2Fmedia&parent=9322"}],"wp:term":[{"taxonomy":"category","embeddable":true,"href":"https:\/\/cuernavaca.gob.mx\/index.php?rest_route=%2Fwp%2Fv2%2Fcategories&post=9322"},{"taxonomy":"post_tag","embeddable":true,"href":"https:\/\/cuernavaca.gob.mx\/index.php?rest_route=%2Fwp%2Fv2%2Ftags&post=9322"}],"curies":[{"name":"wp","href":"https:\/\/api.w.org\/{rel}","templated":true}]}}