{"id":9329,"date":"2022-04-10T14:00:00","date_gmt":"2022-04-10T14:00:00","guid":{"rendered":"http:\/\/cuernavaca.gob.mx\/?p=9329"},"modified":"2025-05-06T11:17:06","modified_gmt":"2025-05-06T17:17:06","slug":"presente-en-la-feria-de-la-flor-2022-la-banda-de-tlayacapan-de-cornelio-santamaria","status":"publish","type":"post","link":"https:\/\/cuernavaca.gob.mx\/?p=9329","title":{"rendered":"Presente en la Feria de la Flor 2022, la Banda de Tlayacapan de Cornelio Santamar\u00eda"},"content":{"rendered":"\n<p>La multigalardonada Banda de M\u00fasica de Tlayacapan de Cornelio Santamar\u00eda, distingui\u00f3 con su presentaci\u00f3n a los cientos de asistentes al Teatro del Pueblo de la Feria de Flor, Cuernavaca 2022. La Feria de Todos.<\/p>\n\n\n\n<p>La banda, legado de generaciones de m\u00fasicos de los Altos de Morelos cuyos origenes datan de la \u00e9poca revolucionaria, interpret\u00f3 sus mejores piezas musicales de g\u00e9nero tradicional mexicano, y en algunos casos, incluyendo arreglos con musica m\u00e1s contemporanea.<\/p>\n\n\n\n<p>La Banda de Tlayacapan de Cornelio Santamar\u00eda es considerada una de las instituciones culturales con mayor influencia musical en su g\u00e9nero, lo que le ha merecido reconocimientos a nivel nacional e internacional.<\/p>\n\n\n\n<figure class=\"wp-container-2 wp-block-gallery-1 wp-block-gallery has-nested-images columns-default is-cropped\">\n<figure class=\"wp-block-image size-large\"><img loading=\"lazy\" width=\"1024\" height=\"575\" data-id=\"9331\"  src=\"https:\/\/cuernavaca.gob.mx\/wp-content\/uploads\/2022\/04\/Banda-de-Tlayacapan-de-Cornelio-Santamari\u0301a-01-1024x575.jpg\" alt=\"\" class=\"wp-image-9331\" srcset=\"https:\/\/cuernavaca.gob.mx\/wp-content\/uploads\/2022\/04\/Banda-de-Tlayacapan-de-Cornelio-Santamari\u0301a-01-1024x575.jpg 1024w, https:\/\/cuernavaca.gob.mx\/wp-content\/uploads\/2022\/04\/Banda-de-Tlayacapan-de-Cornelio-Santamari\u0301a-01-300x169.jpg 300w, https:\/\/cuernavaca.gob.mx\/wp-content\/uploads\/2022\/04\/Banda-de-Tlayacapan-de-Cornelio-Santamari\u0301a-01-768x431.jpg 768w, https:\/\/cuernavaca.gob.mx\/wp-content\/uploads\/2022\/04\/Banda-de-Tlayacapan-de-Cornelio-Santamari\u0301a-01-600x337.jpg 600w, https:\/\/cuernavaca.gob.mx\/wp-content\/uploads\/2022\/04\/Banda-de-Tlayacapan-de-Cornelio-Santamari\u0301a-01-560x315.jpg 560w, https:\/\/cuernavaca.gob.mx\/wp-content\/uploads\/2022\/04\/Banda-de-Tlayacapan-de-Cornelio-Santamari\u0301a-01.jpg 1280w\" sizes=\"(max-width: 1024px) 100vw, 1024px\" \/><\/figure>\n\n\n\n<figure class=\"wp-block-image size-large\"><img loading=\"lazy\" width=\"1024\" height=\"682\" data-id=\"9330\"  src=\"https:\/\/cuernavaca.gob.mx\/wp-content\/uploads\/2022\/04\/Banda-de-Tlayacapan-de-Cornelio-Santamari\u0301a-02-1024x682.jpg\" alt=\"\" class=\"wp-image-9330\" srcset=\"https:\/\/cuernavaca.gob.mx\/wp-content\/uploads\/2022\/04\/Banda-de-Tlayacapan-de-Cornelio-Santamari\u0301a-02-1024x682.jpg 1024w, https:\/\/cuernavaca.gob.mx\/wp-content\/uploads\/2022\/04\/Banda-de-Tlayacapan-de-Cornelio-Santamari\u0301a-02-300x200.jpg 300w, https:\/\/cuernavaca.gob.mx\/wp-content\/uploads\/2022\/04\/Banda-de-Tlayacapan-de-Cornelio-Santamari\u0301a-02-768x512.jpg 768w, https:\/\/cuernavaca.gob.mx\/wp-content\/uploads\/2022\/04\/Banda-de-Tlayacapan-de-Cornelio-Santamari\u0301a-02-600x400.jpg 600w, https:\/\/cuernavaca.gob.mx\/wp-content\/uploads\/2022\/04\/Banda-de-Tlayacapan-de-Cornelio-Santamari\u0301a-02-560x373.jpg 560w, https:\/\/cuernavaca.gob.mx\/wp-content\/uploads\/2022\/04\/Banda-de-Tlayacapan-de-Cornelio-Santamari\u0301a-02.jpg 1280w\" sizes=\"(max-width: 1024px) 100vw, 1024px\" \/><\/figure>\n\n\n\n<figure class=\"wp-block-image size-large\"><img loading=\"lazy\" width=\"1024\" height=\"682\" data-id=\"9335\"  src=\"https:\/\/cuernavaca.gob.mx\/wp-content\/uploads\/2022\/04\/Banda-de-Tlayacapan-de-Cornelio-Santamari\u0301a-03.jpg\" alt=\"\" class=\"wp-image-9335\" srcset=\"https:\/\/cuernavaca.gob.mx\/wp-content\/uploads\/2022\/04\/Banda-de-Tlayacapan-de-Cornelio-Santamari\u0301a-03.jpg 1024w, https:\/\/cuernavaca.gob.mx\/wp-content\/uploads\/2022\/04\/Banda-de-Tlayacapan-de-Cornelio-Santamari\u0301a-03-300x200.jpg 300w, https:\/\/cuernavaca.gob.mx\/wp-content\/uploads\/2022\/04\/Banda-de-Tlayacapan-de-Cornelio-Santamari\u0301a-03-768x512.jpg 768w, https:\/\/cuernavaca.gob.mx\/wp-content\/uploads\/2022\/04\/Banda-de-Tlayacapan-de-Cornelio-Santamari\u0301a-03-600x400.jpg 600w, https:\/\/cuernavaca.gob.mx\/wp-content\/uploads\/2022\/04\/Banda-de-Tlayacapan-de-Cornelio-Santamari\u0301a-03-560x373.jpg 560w\" sizes=\"(max-width: 1024px) 100vw, 1024px\" \/><\/figure>\n\n\n\n<figure class=\"wp-block-image size-large\"><img loading=\"lazy\" width=\"1024\" height=\"682\" data-id=\"9333\"  src=\"https:\/\/cuernavaca.gob.mx\/wp-content\/uploads\/2022\/04\/Banda-de-Tlayacapan-de-Cornelio-Santamari\u0301a-04.jpg\" alt=\"\" class=\"wp-image-9333\" srcset=\"https:\/\/cuernavaca.gob.mx\/wp-content\/uploads\/2022\/04\/Banda-de-Tlayacapan-de-Cornelio-Santamari\u0301a-04.jpg 1024w, https:\/\/cuernavaca.gob.mx\/wp-content\/uploads\/2022\/04\/Banda-de-Tlayacapan-de-Cornelio-Santamari\u0301a-04-300x200.jpg 300w, https:\/\/cuernavaca.gob.mx\/wp-content\/uploads\/2022\/04\/Banda-de-Tlayacapan-de-Cornelio-Santamari\u0301a-04-768x512.jpg 768w, https:\/\/cuernavaca.gob.mx\/wp-content\/uploads\/2022\/04\/Banda-de-Tlayacapan-de-Cornelio-Santamari\u0301a-04-600x400.jpg 600w, https:\/\/cuernavaca.gob.mx\/wp-content\/uploads\/2022\/04\/Banda-de-Tlayacapan-de-Cornelio-Santamari\u0301a-04-560x373.jpg 560w\" sizes=\"(max-width: 1024px) 100vw, 1024px\" \/><\/figure>\n\n\n\n<figure class=\"wp-block-image size-large\"><img loading=\"lazy\" width=\"1024\" height=\"682\" data-id=\"9334\"  src=\"https:\/\/cuernavaca.gob.mx\/wp-content\/uploads\/2022\/04\/Banda-de-Tlayacapan-de-Cornelio-Santamari\u0301a-05.jpg\" alt=\"\" class=\"wp-image-9334\" srcset=\"https:\/\/cuernavaca.gob.mx\/wp-content\/uploads\/2022\/04\/Banda-de-Tlayacapan-de-Cornelio-Santamari\u0301a-05.jpg 1024w, https:\/\/cuernavaca.gob.mx\/wp-content\/uploads\/2022\/04\/Banda-de-Tlayacapan-de-Cornelio-Santamari\u0301a-05-300x200.jpg 300w, https:\/\/cuernavaca.gob.mx\/wp-content\/uploads\/2022\/04\/Banda-de-Tlayacapan-de-Cornelio-Santamari\u0301a-05-768x512.jpg 768w, https:\/\/cuernavaca.gob.mx\/wp-content\/uploads\/2022\/04\/Banda-de-Tlayacapan-de-Cornelio-Santamari\u0301a-05-600x400.jpg 600w, https:\/\/cuernavaca.gob.mx\/wp-content\/uploads\/2022\/04\/Banda-de-Tlayacapan-de-Cornelio-Santamari\u0301a-05-560x373.jpg 560w\" sizes=\"(max-width: 1024px) 100vw, 1024px\" \/><\/figure>\n\n\n\n<figure class=\"wp-block-image size-large\"><img loading=\"lazy\" width=\"1024\" height=\"682\" data-id=\"9332\"  src=\"https:\/\/cuernavaca.gob.mx\/wp-content\/uploads\/2022\/04\/Banda-de-Tlayacapan-de-Cornelio-Santamari\u0301a-06.jpg\" alt=\"\" class=\"wp-image-9332\" srcset=\"https:\/\/cuernavaca.gob.mx\/wp-content\/uploads\/2022\/04\/Banda-de-Tlayacapan-de-Cornelio-Santamari\u0301a-06.jpg 1024w, https:\/\/cuernavaca.gob.mx\/wp-content\/uploads\/2022\/04\/Banda-de-Tlayacapan-de-Cornelio-Santamari\u0301a-06-300x200.jpg 300w, https:\/\/cuernavaca.gob.mx\/wp-content\/uploads\/2022\/04\/Banda-de-Tlayacapan-de-Cornelio-Santamari\u0301a-06-768x512.jpg 768w, https:\/\/cuernavaca.gob.mx\/wp-content\/uploads\/2022\/04\/Banda-de-Tlayacapan-de-Cornelio-Santamari\u0301a-06-600x400.jpg 600w, https:\/\/cuernavaca.gob.mx\/wp-content\/uploads\/2022\/04\/Banda-de-Tlayacapan-de-Cornelio-Santamari\u0301a-06-560x373.jpg 560w\" sizes=\"(max-width: 1024px) 100vw, 1024px\" \/><\/figure>\n\n\n\n<figure class=\"wp-block-image size-large\"><img loading=\"lazy\" width=\"1024\" height=\"682\" data-id=\"9336\"  src=\"https:\/\/cuernavaca.gob.mx\/wp-content\/uploads\/2022\/04\/Banda-de-Tlayacapan-de-Cornelio-Santamari\u0301a-07.jpg\" alt=\"\" class=\"wp-image-9336\" srcset=\"https:\/\/cuernavaca.gob.mx\/wp-content\/uploads\/2022\/04\/Banda-de-Tlayacapan-de-Cornelio-Santamari\u0301a-07.jpg 1024w, https:\/\/cuernavaca.gob.mx\/wp-content\/uploads\/2022\/04\/Banda-de-Tlayacapan-de-Cornelio-Santamari\u0301a-07-300x200.jpg 300w, https:\/\/cuernavaca.gob.mx\/wp-content\/uploads\/2022\/04\/Banda-de-Tlayacapan-de-Cornelio-Santamari\u0301a-07-768x512.jpg 768w, https:\/\/cuernavaca.gob.mx\/wp-content\/uploads\/2022\/04\/Banda-de-Tlayacapan-de-Cornelio-Santamari\u0301a-07-600x400.jpg 600w, https:\/\/cuernavaca.gob.mx\/wp-content\/uploads\/2022\/04\/Banda-de-Tlayacapan-de-Cornelio-Santamari\u0301a-07-560x373.jpg 560w\" sizes=\"(max-width: 1024px) 100vw, 1024px\" \/><\/figure>\n\n\n\n<figure class=\"wp-block-image size-large\"><img loading=\"lazy\" width=\"1024\" height=\"682\" data-id=\"9337\"  src=\"https:\/\/cuernavaca.gob.mx\/wp-content\/uploads\/2022\/04\/Banda-de-Tlayacapan-de-Cornelio-Santamari\u0301a-08.jpg\" alt=\"\" class=\"wp-image-9337\" srcset=\"https:\/\/cuernavaca.gob.mx\/wp-content\/uploads\/2022\/04\/Banda-de-Tlayacapan-de-Cornelio-Santamari\u0301a-08.jpg 1024w, https:\/\/cuernavaca.gob.mx\/wp-content\/uploads\/2022\/04\/Banda-de-Tlayacapan-de-Cornelio-Santamari\u0301a-08-300x200.jpg 300w, https:\/\/cuernavaca.gob.mx\/wp-content\/uploads\/2022\/04\/Banda-de-Tlayacapan-de-Cornelio-Santamari\u0301a-08-768x512.jpg 768w, https:\/\/cuernavaca.gob.mx\/wp-content\/uploads\/2022\/04\/Banda-de-Tlayacapan-de-Cornelio-Santamari\u0301a-08-600x400.jpg 600w, https:\/\/cuernavaca.gob.mx\/wp-content\/uploads\/2022\/04\/Banda-de-Tlayacapan-de-Cornelio-Santamari\u0301a-08-560x373.jpg 560w\" sizes=\"(max-width: 1024px) 100vw, 1024px\" \/><\/figure>\n\n\n\n<figure class=\"wp-block-image size-large\"><img loading=\"lazy\" width=\"1024\" height=\"682\" data-id=\"9338\"  src=\"https:\/\/cuernavaca.gob.mx\/wp-content\/uploads\/2022\/04\/Banda-de-Tlayacapan-de-Cornelio-Santamari\u0301a-09.jpg\" alt=\"\" class=\"wp-image-9338\" srcset=\"https:\/\/cuernavaca.gob.mx\/wp-content\/uploads\/2022\/04\/Banda-de-Tlayacapan-de-Cornelio-Santamari\u0301a-09.jpg 1024w, https:\/\/cuernavaca.gob.mx\/wp-content\/uploads\/2022\/04\/Banda-de-Tlayacapan-de-Cornelio-Santamari\u0301a-09-300x200.jpg 300w, https:\/\/cuernavaca.gob.mx\/wp-content\/uploads\/2022\/04\/Banda-de-Tlayacapan-de-Cornelio-Santamari\u0301a-09-768x512.jpg 768w, https:\/\/cuernavaca.gob.mx\/wp-content\/uploads\/2022\/04\/Banda-de-Tlayacapan-de-Cornelio-Santamari\u0301a-09-600x400.jpg 600w, https:\/\/cuernavaca.gob.mx\/wp-content\/uploads\/2022\/04\/Banda-de-Tlayacapan-de-Cornelio-Santamari\u0301a-09-560x373.jpg 560w\" sizes=\"(max-width: 1024px) 100vw, 1024px\" \/><\/figure>\n<\/figure>\n","protected":false},"excerpt":{"rendered":"<p>La multigalardonada Banda de M\u00fasica de Tlayacapan de Cornelio Santamar\u00eda, distingui\u00f3 con su presentaci\u00f3n a los cientos de asistentes al Teatro del Pueblo de la Feria de Flor, Cuernavaca 2022. La Feria de Todos. La banda, legado de generaciones de m\u00fasicos de los Altos de Morelos cuyos origenes datan de la \u00e9poca revolucionaria, interpret\u00f3 sus [&hellip;]<\/p>\n","protected":false},"author":1,"featured_media":0,"comment_status":"closed","ping_status":"closed","sticky":false,"template":"","format":"standard","meta":[],"categories":[20,21],"tags":[322,323,121,325,324,120],"aioseo_notices":[],"_links":{"self":[{"href":"https:\/\/cuernavaca.gob.mx\/index.php?rest_route=\/wp\/v2\/posts\/9329"}],"collection":[{"href":"https:\/\/cuernavaca.gob.mx\/index.php?rest_route=\/wp\/v2\/posts"}],"about":[{"href":"https:\/\/cuernavaca.gob.mx\/index.php?rest_route=\/wp\/v2\/types\/post"}],"author":[{"embeddable":true,"href":"https:\/\/cuernavaca.gob.mx\/index.php?rest_route=\/wp\/v2\/users\/1"}],"replies":[{"embeddable":true,"href":"https:\/\/cuernavaca.gob.mx\/index.php?rest_route=%2Fwp%2Fv2%2Fcomments&post=9329"}],"version-history":[{"count":2,"href":"https:\/\/cuernavaca.gob.mx\/index.php?rest_route=\/wp\/v2\/posts\/9329\/revisions"}],"predecessor-version":[{"id":9342,"href":"https:\/\/cuernavaca.gob.mx\/index.php?rest_route=\/wp\/v2\/posts\/9329\/revisions\/9342"}],"wp:attachment":[{"href":"https:\/\/cuernavaca.gob.mx\/index.php?rest_route=%2Fwp%2Fv2%2Fmedia&parent=9329"}],"wp:term":[{"taxonomy":"category","embeddable":true,"href":"https:\/\/cuernavaca.gob.mx\/index.php?rest_route=%2Fwp%2Fv2%2Fcategories&post=9329"},{"taxonomy":"post_tag","embeddable":true,"href":"https:\/\/cuernavaca.gob.mx\/index.php?rest_route=%2Fwp%2Fv2%2Ftags&post=9329"}],"curies":[{"name":"wp","href":"https:\/\/api.w.org\/{rel}","templated":true}]}}