{"id":9343,"date":"2022-04-21T15:00:00","date_gmt":"2022-04-21T15:00:00","guid":{"rendered":"http:\/\/cuernavaca.gob.mx\/?p=9343"},"modified":"2025-05-06T11:17:29","modified_gmt":"2025-05-06T17:17:29","slug":"cuernavaca-se-consolida-como-un-municipio-de-oportunidades-para-jovenes-y-poblacion-adulta","status":"publish","type":"post","link":"https:\/\/cuernavaca.gob.mx\/?p=9343","title":{"rendered":"Cuernavaca se consolida como un municipio de oportunidades para j\u00f3venes y poblaci\u00f3n adulta"},"content":{"rendered":"\n<p><strong>El presidente municipal de Cuernavaca abri\u00f3 las puertas del municipio para implementar la Oficina M\u00f3vil Cuernavaca del programa federal \u201cJ\u00f3venes Construyendo el Futuro\u201d y del \u201cServicio Nacional del Empleo\u201d<\/strong><\/p>\n\n\n\n<p>Consolidando a Cuernavaca como un municipio de oportunidades donde el fomento a la empleabilidad es fundamental para transformar la realidad y calidad de vida de sus habitantes, el presidente municipal, Jos\u00e9 Luis Uri\u00f3stegui Salgado, dio la bienvenida a la implementaci\u00f3n de las oficinas m\u00f3viles del programa federal \u201cJ\u00f3venes Construyendo el Futuro\u201d y del Servicio Nacional del Empleo Morelos.<\/p>\n\n\n\n<p>Teniendo como sede la Glorieta Deportiva Antonio Barona, el presidente municipal expres\u00f3 que el trabajo a favor de los j\u00f3venes que est\u00e1 realizando el programa \u201cJ\u00f3venes Construyendo el Futuro\u201d es de gran relevancia debido a que quienes hoy carecen de un empleo y posibilidades de estudiar, acceden a una beca que les va a permitir aprender alg\u00fan oficio o actividad que posteriormente les genere una remuneraci\u00f3n.<\/p>\n\n\n\n<p>Al asistir como invitado especial a la apertura de la Oficina M\u00f3vil Cuernavaca convocada por Denisse Molina Romero, directora estatal de \u201cJ\u00f3venes Construyendo el Futuro\u201d de la Secretar\u00eda del Trabajo y Previsi\u00f3n Social, el alcalde puntualiz\u00f3 que, de acuerdo a informaci\u00f3n de la funcionaria federal, el programa en Morelos tiene un alcance para nueve mil personas, \u201cderrama econ\u00f3mica impresionante para el municipio que puede transformar la realidad y la calidad de vida de muchas familias\u201d.<\/p>\n\n\n\n<p>La Unidad M\u00f3vil organizada por la Secretar\u00eda del Trabajo y Previsi\u00f3n Social a trav\u00e9s del Servicio Nacional del Empleo (SNE) y el programa \u201cJ\u00f3venes Construyendo el Futuro\u201d, que en espec\u00edfico abrieron sus plataformas para la inscripci\u00f3n de j\u00f3venes, quienes tuvieron la oportunidad de solicitar asesor\u00eda para ser incluidos en los procesos de reclutamiento<\/p>\n\n\n\n<p>Tras se\u00f1alar que el trabajo es uno de los principales detonantes de las familias morelenses, la secretaria estatal de Desarrollo Econ\u00f3mico y del Trabajo, Cecilia Rodr\u00edguez Gonz\u00e1lez, inform\u00f3 que el objetivo de \u00e9sta herramienta ciudadana es fomentar la empleabilidad en la zona donde se ubica, generado estrategias que tendr\u00e1n grandes beneficios para los j\u00f3venes que podr\u00e1n capacitarse en centros de trabajo de forma constante.<\/p>\n\n\n\n<p>La coordinadora nacional del Programa \u201cJ\u00f3venes Construyendo el Futuro\u201d, Dayra Vergara Vargas, ratific\u00f3 como un orgullo el poder implementar las oficinas m\u00f3viles con base en una coordinaci\u00f3n interinstitucional, empezando con el gobierno municipal pero tambi\u00e9n con las dependencias del Gobierno de M\u00e9xico, al destacar que son un \u00fanico gobierno y si no van juntos est\u00e1 complicado.<\/p>\n\n\n\n<p>El titular del SNE a nivel nacional, Rodrigo Ram\u00edrez Quintana, detall\u00f3 que las oficinas m\u00f3viles logran establecer un mecanismo de presencia directa en territorio donde m\u00e1s hace falta, pero adem\u00e1s coordinados no solo entre sector privado y p\u00fablico, sino tambi\u00e9n entre federaci\u00f3n, estado, municipio y hasta con autoridades auxiliares para lograr terminar con la pol\u00edtica de marginaci\u00f3n y estigmatizaci\u00f3n que se tiene sobre las y los j\u00f3venes que no estudian y no trabajan por distintos motivos.<\/p>\n\n\n\n<p>En el inter\u00e9s del Ayuntamiento de Cuernavaca de no centralizar este tipo de eventos, la Oficina M\u00f3vil Cuernavaca se llev\u00f3 a cabo en la glorieta deportiva Antonio Barona en la delegaci\u00f3n del mismo nombre, acercando a la poblaci\u00f3n los servicios del programa federal \u201cJ\u00f3venes Construyendo el Futuro\u201d pero tambi\u00e9n del Servicio Nacional del Empleo (SNE), que para esta ocasi\u00f3n logr\u00f3 la convocatoria de 25 empresas de la zona que ofertaron diversas vacantes.<\/p>\n\n\n\n<p>En la inauguraci\u00f3n de la Oficina M\u00f3vil Cuernavaca estuvieron presentes adem\u00e1s el director general del Servicio Nacional del Empleo (SNE) Morelos, Jorge Mario Garc\u00eda \u00c1vila; el delegado federal de Programas para el Desarrollo en el estado de Morelos de la Secretar\u00eda de Bienestar, Ra\u00fal Anaya Rojas; el titular de la representaci\u00f3n de la Secretar\u00eda de Gobernaci\u00f3n en Morelos, Carlos Brito Ocampo; y el regidor de Cuernavaca por el partido Fuerza M\u00e9xico, V\u00edctor Hugo Manzo God\u00ednez.<\/p>\n\n\n\n<figure class=\"wp-container-2 wp-block-gallery-1 wp-block-gallery has-nested-images columns-default is-cropped\">\n<figure class=\"wp-block-image size-large\"><img loading=\"lazy\" width=\"1024\" height=\"682\" data-id=\"9397\"  src=\"https:\/\/cuernavaca.gob.mx\/wp-content\/uploads\/2022\/04\/Jo\u0301venes-Construyendo-el-Futuro-01.jpg\" alt=\"\" class=\"wp-image-9397\" srcset=\"https:\/\/cuernavaca.gob.mx\/wp-content\/uploads\/2022\/04\/Jo\u0301venes-Construyendo-el-Futuro-01.jpg 1024w, https:\/\/cuernavaca.gob.mx\/wp-content\/uploads\/2022\/04\/Jo\u0301venes-Construyendo-el-Futuro-01-300x200.jpg 300w, https:\/\/cuernavaca.gob.mx\/wp-content\/uploads\/2022\/04\/Jo\u0301venes-Construyendo-el-Futuro-01-768x512.jpg 768w, https:\/\/cuernavaca.gob.mx\/wp-content\/uploads\/2022\/04\/Jo\u0301venes-Construyendo-el-Futuro-01-600x400.jpg 600w, https:\/\/cuernavaca.gob.mx\/wp-content\/uploads\/2022\/04\/Jo\u0301venes-Construyendo-el-Futuro-01-560x373.jpg 560w\" sizes=\"(max-width: 1024px) 100vw, 1024px\" \/><\/figure>\n\n\n\n<figure class=\"wp-block-image size-large\"><img loading=\"lazy\" width=\"1024\" height=\"682\" data-id=\"9396\"  src=\"https:\/\/cuernavaca.gob.mx\/wp-content\/uploads\/2022\/04\/Jo\u0301venes-Construyendo-el-Futuro-02.jpg\" alt=\"\" class=\"wp-image-9396\" srcset=\"https:\/\/cuernavaca.gob.mx\/wp-content\/uploads\/2022\/04\/Jo\u0301venes-Construyendo-el-Futuro-02.jpg 1024w, https:\/\/cuernavaca.gob.mx\/wp-content\/uploads\/2022\/04\/Jo\u0301venes-Construyendo-el-Futuro-02-300x200.jpg 300w, https:\/\/cuernavaca.gob.mx\/wp-content\/uploads\/2022\/04\/Jo\u0301venes-Construyendo-el-Futuro-02-768x512.jpg 768w, https:\/\/cuernavaca.gob.mx\/wp-content\/uploads\/2022\/04\/Jo\u0301venes-Construyendo-el-Futuro-02-600x400.jpg 600w, https:\/\/cuernavaca.gob.mx\/wp-content\/uploads\/2022\/04\/Jo\u0301venes-Construyendo-el-Futuro-02-560x373.jpg 560w\" sizes=\"(max-width: 1024px) 100vw, 1024px\" \/><\/figure>\n\n\n\n<figure class=\"wp-block-image size-large\"><img loading=\"lazy\" width=\"1024\" height=\"682\" data-id=\"9398\"  src=\"https:\/\/cuernavaca.gob.mx\/wp-content\/uploads\/2022\/04\/Jo\u0301venes-Construyendo-el-Futuro-03.jpg\" alt=\"\" class=\"wp-image-9398\" srcset=\"https:\/\/cuernavaca.gob.mx\/wp-content\/uploads\/2022\/04\/Jo\u0301venes-Construyendo-el-Futuro-03.jpg 1024w, https:\/\/cuernavaca.gob.mx\/wp-content\/uploads\/2022\/04\/Jo\u0301venes-Construyendo-el-Futuro-03-300x200.jpg 300w, https:\/\/cuernavaca.gob.mx\/wp-content\/uploads\/2022\/04\/Jo\u0301venes-Construyendo-el-Futuro-03-768x512.jpg 768w, https:\/\/cuernavaca.gob.mx\/wp-content\/uploads\/2022\/04\/Jo\u0301venes-Construyendo-el-Futuro-03-600x400.jpg 600w, https:\/\/cuernavaca.gob.mx\/wp-content\/uploads\/2022\/04\/Jo\u0301venes-Construyendo-el-Futuro-03-560x373.jpg 560w\" sizes=\"(max-width: 1024px) 100vw, 1024px\" \/><\/figure>\n\n\n\n<figure class=\"wp-block-image size-large\"><img loading=\"lazy\" width=\"1024\" height=\"682\" data-id=\"9394\"  src=\"https:\/\/cuernavaca.gob.mx\/wp-content\/uploads\/2022\/04\/Jo\u0301venes-Construyendo-el-Futuro-04.jpg\" alt=\"\" class=\"wp-image-9394\" srcset=\"https:\/\/cuernavaca.gob.mx\/wp-content\/uploads\/2022\/04\/Jo\u0301venes-Construyendo-el-Futuro-04.jpg 1024w, https:\/\/cuernavaca.gob.mx\/wp-content\/uploads\/2022\/04\/Jo\u0301venes-Construyendo-el-Futuro-04-300x200.jpg 300w, https:\/\/cuernavaca.gob.mx\/wp-content\/uploads\/2022\/04\/Jo\u0301venes-Construyendo-el-Futuro-04-768x512.jpg 768w, https:\/\/cuernavaca.gob.mx\/wp-content\/uploads\/2022\/04\/Jo\u0301venes-Construyendo-el-Futuro-04-600x400.jpg 600w, https:\/\/cuernavaca.gob.mx\/wp-content\/uploads\/2022\/04\/Jo\u0301venes-Construyendo-el-Futuro-04-560x373.jpg 560w\" sizes=\"(max-width: 1024px) 100vw, 1024px\" \/><\/figure>\n\n\n\n<figure class=\"wp-block-image size-large\"><img loading=\"lazy\" width=\"1024\" height=\"682\" data-id=\"9399\"  src=\"https:\/\/cuernavaca.gob.mx\/wp-content\/uploads\/2022\/04\/Jo\u0301venes-Construyendo-el-Futuro-05.jpg\" alt=\"\" class=\"wp-image-9399\" srcset=\"https:\/\/cuernavaca.gob.mx\/wp-content\/uploads\/2022\/04\/Jo\u0301venes-Construyendo-el-Futuro-05.jpg 1024w, https:\/\/cuernavaca.gob.mx\/wp-content\/uploads\/2022\/04\/Jo\u0301venes-Construyendo-el-Futuro-05-300x200.jpg 300w, https:\/\/cuernavaca.gob.mx\/wp-content\/uploads\/2022\/04\/Jo\u0301venes-Construyendo-el-Futuro-05-768x512.jpg 768w, https:\/\/cuernavaca.gob.mx\/wp-content\/uploads\/2022\/04\/Jo\u0301venes-Construyendo-el-Futuro-05-600x400.jpg 600w, https:\/\/cuernavaca.gob.mx\/wp-content\/uploads\/2022\/04\/Jo\u0301venes-Construyendo-el-Futuro-05-560x373.jpg 560w\" sizes=\"(max-width: 1024px) 100vw, 1024px\" \/><\/figure>\n\n\n\n<figure class=\"wp-block-image size-large\"><img loading=\"lazy\" width=\"1024\" height=\"575\" data-id=\"9395\"  src=\"https:\/\/cuernavaca.gob.mx\/wp-content\/uploads\/2022\/04\/Jo\u0301venes-Construyendo-el-Futuro-06.jpg\" alt=\"\" class=\"wp-image-9395\" srcset=\"https:\/\/cuernavaca.gob.mx\/wp-content\/uploads\/2022\/04\/Jo\u0301venes-Construyendo-el-Futuro-06.jpg 1024w, https:\/\/cuernavaca.gob.mx\/wp-content\/uploads\/2022\/04\/Jo\u0301venes-Construyendo-el-Futuro-06-300x168.jpg 300w, https:\/\/cuernavaca.gob.mx\/wp-content\/uploads\/2022\/04\/Jo\u0301venes-Construyendo-el-Futuro-06-768x431.jpg 768w, https:\/\/cuernavaca.gob.mx\/wp-content\/uploads\/2022\/04\/Jo\u0301venes-Construyendo-el-Futuro-06-600x337.jpg 600w, https:\/\/cuernavaca.gob.mx\/wp-content\/uploads\/2022\/04\/Jo\u0301venes-Construyendo-el-Futuro-06-560x314.jpg 560w\" sizes=\"(max-width: 1024px) 100vw, 1024px\" \/><\/figure>\n\n\n\n<figure class=\"wp-block-image size-large\"><img loading=\"lazy\" width=\"1024\" height=\"682\" data-id=\"9402\"  src=\"https:\/\/cuernavaca.gob.mx\/wp-content\/uploads\/2022\/04\/Jo\u0301venes-Construyendo-el-Futuro-07.jpg\" alt=\"\" class=\"wp-image-9402\" srcset=\"https:\/\/cuernavaca.gob.mx\/wp-content\/uploads\/2022\/04\/Jo\u0301venes-Construyendo-el-Futuro-07.jpg 1024w, https:\/\/cuernavaca.gob.mx\/wp-content\/uploads\/2022\/04\/Jo\u0301venes-Construyendo-el-Futuro-07-300x200.jpg 300w, https:\/\/cuernavaca.gob.mx\/wp-content\/uploads\/2022\/04\/Jo\u0301venes-Construyendo-el-Futuro-07-768x512.jpg 768w, https:\/\/cuernavaca.gob.mx\/wp-content\/uploads\/2022\/04\/Jo\u0301venes-Construyendo-el-Futuro-07-600x400.jpg 600w, https:\/\/cuernavaca.gob.mx\/wp-content\/uploads\/2022\/04\/Jo\u0301venes-Construyendo-el-Futuro-07-560x373.jpg 560w\" sizes=\"(max-width: 1024px) 100vw, 1024px\" \/><\/figure>\n\n\n\n<figure class=\"wp-block-image size-large\"><img loading=\"lazy\" width=\"1024\" height=\"682\" data-id=\"9401\"  src=\"https:\/\/cuernavaca.gob.mx\/wp-content\/uploads\/2022\/04\/Jo\u0301venes-Construyendo-el-Futuro-08.jpg\" alt=\"\" class=\"wp-image-9401\" srcset=\"https:\/\/cuernavaca.gob.mx\/wp-content\/uploads\/2022\/04\/Jo\u0301venes-Construyendo-el-Futuro-08.jpg 1024w, https:\/\/cuernavaca.gob.mx\/wp-content\/uploads\/2022\/04\/Jo\u0301venes-Construyendo-el-Futuro-08-300x200.jpg 300w, https:\/\/cuernavaca.gob.mx\/wp-content\/uploads\/2022\/04\/Jo\u0301venes-Construyendo-el-Futuro-08-768x512.jpg 768w, https:\/\/cuernavaca.gob.mx\/wp-content\/uploads\/2022\/04\/Jo\u0301venes-Construyendo-el-Futuro-08-600x400.jpg 600w, https:\/\/cuernavaca.gob.mx\/wp-content\/uploads\/2022\/04\/Jo\u0301venes-Construyendo-el-Futuro-08-560x373.jpg 560w\" sizes=\"(max-width: 1024px) 100vw, 1024px\" \/><\/figure>\n\n\n\n<figure class=\"wp-block-image size-large\"><img loading=\"lazy\" width=\"1024\" height=\"682\" data-id=\"9400\"  src=\"https:\/\/cuernavaca.gob.mx\/wp-content\/uploads\/2022\/04\/Jo\u0301venes-Construyendo-el-Futuro-09.jpg\" alt=\"\" class=\"wp-image-9400\" srcset=\"https:\/\/cuernavaca.gob.mx\/wp-content\/uploads\/2022\/04\/Jo\u0301venes-Construyendo-el-Futuro-09.jpg 1024w, https:\/\/cuernavaca.gob.mx\/wp-content\/uploads\/2022\/04\/Jo\u0301venes-Construyendo-el-Futuro-09-300x200.jpg 300w, https:\/\/cuernavaca.gob.mx\/wp-content\/uploads\/2022\/04\/Jo\u0301venes-Construyendo-el-Futuro-09-768x512.jpg 768w, https:\/\/cuernavaca.gob.mx\/wp-content\/uploads\/2022\/04\/Jo\u0301venes-Construyendo-el-Futuro-09-600x400.jpg 600w, https:\/\/cuernavaca.gob.mx\/wp-content\/uploads\/2022\/04\/Jo\u0301venes-Construyendo-el-Futuro-09-560x373.jpg 560w\" sizes=\"(max-width: 1024px) 100vw, 1024px\" \/><\/figure>\n<\/figure>\n","protected":false},"excerpt":{"rendered":"<p>El presidente municipal de Cuernavaca abri\u00f3 las puertas del municipio para implementar la Oficina M\u00f3vil Cuernavaca del programa federal \u201cJ\u00f3venes Construyendo el Futuro\u201d y del \u201cServicio Nacional del Empleo\u201d Consolidando a Cuernavaca como un municipio de oportunidades donde el fomento a la empleabilidad es fundamental para transformar la realidad y calidad de vida de sus [&hellip;]<\/p>\n","protected":false},"author":1,"featured_media":9402,"comment_status":"closed","ping_status":"closed","sticky":false,"template":"","format":"standard","meta":[],"categories":[20],"tags":[326,121,120,166,328,327],"aioseo_notices":[],"_links":{"self":[{"href":"https:\/\/cuernavaca.gob.mx\/index.php?rest_route=\/wp\/v2\/posts\/9343"}],"collection":[{"href":"https:\/\/cuernavaca.gob.mx\/index.php?rest_route=\/wp\/v2\/posts"}],"about":[{"href":"https:\/\/cuernavaca.gob.mx\/index.php?rest_route=\/wp\/v2\/types\/post"}],"author":[{"embeddable":true,"href":"https:\/\/cuernavaca.gob.mx\/index.php?rest_route=\/wp\/v2\/users\/1"}],"replies":[{"embeddable":true,"href":"https:\/\/cuernavaca.gob.mx\/index.php?rest_route=%2Fwp%2Fv2%2Fcomments&post=9343"}],"version-history":[{"count":3,"href":"https:\/\/cuernavaca.gob.mx\/index.php?rest_route=\/wp\/v2\/posts\/9343\/revisions"}],"predecessor-version":[{"id":9403,"href":"https:\/\/cuernavaca.gob.mx\/index.php?rest_route=\/wp\/v2\/posts\/9343\/revisions\/9403"}],"wp:featuredmedia":[{"embeddable":true,"href":"https:\/\/cuernavaca.gob.mx\/index.php?rest_route=\/wp\/v2\/media\/9402"}],"wp:attachment":[{"href":"https:\/\/cuernavaca.gob.mx\/index.php?rest_route=%2Fwp%2Fv2%2Fmedia&parent=9343"}],"wp:term":[{"taxonomy":"category","embeddable":true,"href":"https:\/\/cuernavaca.gob.mx\/index.php?rest_route=%2Fwp%2Fv2%2Fcategories&post=9343"},{"taxonomy":"post_tag","embeddable":true,"href":"https:\/\/cuernavaca.gob.mx\/index.php?rest_route=%2Fwp%2Fv2%2Ftags&post=9343"}],"curies":[{"name":"wp","href":"https:\/\/api.w.org\/{rel}","templated":true}]}}