{"id":9345,"date":"2022-04-11T10:00:00","date_gmt":"2022-04-11T10:00:00","guid":{"rendered":"http:\/\/cuernavaca.gob.mx\/?p=9345"},"modified":"2025-05-06T11:17:06","modified_gmt":"2025-05-06T17:17:06","slug":"cuernavaca-esta-avanzando-en-medio-de-las-ruinas-que-se-recibio-la-administracion","status":"publish","type":"post","link":"https:\/\/cuernavaca.gob.mx\/?p=9345","title":{"rendered":"Cuernavaca esta avanzando en medio de las ruinas que se recibi\u00f3 la administraci\u00f3n"},"content":{"rendered":"\n<p><strong>Jos\u00e9 Luis Uri\u00f3stegui afirm\u00f3 que en estos primeros 100 d\u00edas de gobierno se sientan las bases para una planeaci\u00f3n del municipio<\/strong><\/p>\n\n\n\n<p>En las v\u00edsperas de la presentaci\u00f3n del informe por los primeros 100 d\u00edas del gobierno municipal 2022-2024, el presidente municipal de Cuernavaca, Jos\u00e9 Luis Uri\u00f3stegui Salgado, reconoci\u00f3 que existen a\u00fan varios temas por atender en la ciudad, sin embargo se avanza de manera sustancial en medio de las ruinas en las que fue recibida la administraci\u00f3n, condiciones que limitan las acciones que se aspira sean mas r\u00e1pidas, para atender las demandas y reclamos de la ciudadan\u00eda.<\/p>\n\n\n\n<p>Como un acto de congruencia pol\u00edtica y honestidad gubernamental, el pr\u00f3ximo jueves 14 de abril, cada \u00e1rea del Ayuntamiento de Cuernavaca rendir\u00e1 un informe detallado sobre las acciones y principales resultados obtenidos a 100 d\u00edas de gobierno, a lo que el alcalde afirm\u00f3 el balance general es que falta mucho por hacer.<\/p>\n\n\n\n<p>Ante representantes de los medios de comunicaci\u00f3n, expres\u00f3 que en estos primeros 100 d\u00edas de gobierno se est\u00e1n sentando las bases para una planeaci\u00f3n del desarrollo del Ayuntamiento de Cuernavaca, efectuando algunas obras p\u00fablicas, pero, sobre todo, tratando de generar una administraci\u00f3n eficiente que ahorre en el pago de salarios, de gastos innecesarios y que canalice recursos econ\u00f3micos a \u00e1reas que son de inversi\u00f3n p\u00fablica, como obras o servicios.<\/p>\n\n\n\n<p>Desde el pasado mes de marzo, el Gobierno Municipal a trav\u00e9s de la Secretar\u00eda de Desarrollo Urbano y Obras P\u00fablicas, arranc\u00f3 un programa intenso de mantenimiento y reparaci\u00f3n vial en avenidas y calles con alta movilidad de tr\u00e1nsito y conectividad en la ciudad, el cual incluye adem\u00e1s balizamiento, poda de \u00e1rboles, reparaci\u00f3n de jardineras, entre otras acciones.<\/p>\n\n\n\n<p>Al reconocer que el municipio asume su responsabilidad en materia de Seguridad P\u00fablica, reiter\u00f3 que el no adherirse al convenio de Mando Coordinado no significa que no exista una sinergia institucional con el estado y la Federaci\u00f3n en la materia, siendo una prioridad para el Gobierno de Cuernavaca y la Secretar\u00eda de Protecci\u00f3n y Auxilio Ciudadano (SEPRAC) la prevenci\u00f3n del delito y dar resultados a la poblaci\u00f3n.<\/p>\n\n\n\n<p>En el servicio de agua potable, el mun\u00edcipe Jos\u00e9 Luis Uri\u00f3stegui, admiti\u00f3 que el Sistema de Agua Potable y Alcantarillado de Cuernavaca (SAPAC) est\u00e1 enfrentando una herencia de red hidr\u00e1ulica de hasta 60 a\u00f1os que no se puede cambiar y que, a su vez, al hacer obra como sustituir tuber\u00edas se deja sin el vital l\u00edquido a una parte de la ciudadan\u00eda; sin embargo, puntualiz\u00f3 que se ha logrado avanzar en una mejor recaudaci\u00f3n y una prestaci\u00f3n de servicios m\u00e1s eficiente.<\/p>\n\n\n\n<p>En este sentido, mencion\u00f3 que se ha logrado que la Comisi\u00f3n Federal de Electricidad (CFE) no siguiera cortando la energ\u00eda el\u00e9ctrica de los pozos de abastecimiento de agua potable y se han areglado cientos de fugas de agua, que, si bien cada d\u00eda surgen m\u00e1s, se han podido atender de la mano ciudadana, a quienes les agradeci\u00f3 que contin\u00faen avisando en d\u00f3nde se encuentran para repararlas.<\/p>\n\n\n\n<p>Respecto a los juicios pendientes, en particular con la empresa de recolecci\u00f3n de basura PASA, se\u00f1al\u00f3, que muchos ayuntamientos en el estado est\u00e1n en las mismas condiciones por diferentes prestaciones de servicios que incumplieron sus antecesores y que los ponen en una situaci\u00f3n de riesgo, pero existe el \u00e1nimo por parte de la actual administraci\u00f3n de buscar un arreglo.<\/p>\n\n\n\n<p>El presidente municipal Jos\u00e9 Luis Uri\u00f3stegui Salgado puntualiz\u00f3 que dar vida a una administraci\u00f3n eficiente requiere un trabajo interno que puede aplazar los resultados, pero que genera una estabilidad a largo plazo para el municipio, como ejemplo de ello, se han pagado m\u00e1s de 150 millones de pesos en adeudos anteriores, desde condenas en t\u00e9rminos de juicios laborales hasta administrativos, civiles y que incluyen a elementos policiacos.<\/p>\n\n\n\n<p>Aunado a esto, en tan solo 100 d\u00edas, el Ayuntamiento de Cuernavaca 2022-2024 ha liquidado la segunda parte del aguinaldo a trabajadores, ha cubierto prestaciones que se adeudaban a los trabajadores sindicalizados y est\u00e1 trabajando en la firma de un convenio con el Instituto de Cr\u00e9dito para los Trabajadores al Servicio del Gobierno del Estado de Morelos (ICTSGEM) reactivando beneficios que les fueron negados a la base trabajadora desde hace aproximadamente 10 a\u00f1os.<\/p>\n\n\n\n<p>\u201cHay cosas que son administrativas y que sus consecuencias favorables se van a percibir pasando m\u00e1s tiempo\u201d, concluy\u00f3 el edil de Cuernavaca.<\/p>\n\n\n\n<figure class=\"wp-container-2 wp-block-gallery-1 wp-block-gallery has-nested-images columns-default is-cropped\">\n<figure class=\"wp-block-image size-large\"><img loading=\"lazy\" width=\"1024\" height=\"682\" data-id=\"9346\"  src=\"https:\/\/cuernavaca.gob.mx\/wp-content\/uploads\/2022\/04\/Cuernavaca-avanza-01-1024x682.jpg\" alt=\"\" class=\"wp-image-9346\" srcset=\"https:\/\/cuernavaca.gob.mx\/wp-content\/uploads\/2022\/04\/Cuernavaca-avanza-01-1024x682.jpg 1024w, https:\/\/cuernavaca.gob.mx\/wp-content\/uploads\/2022\/04\/Cuernavaca-avanza-01-300x200.jpg 300w, https:\/\/cuernavaca.gob.mx\/wp-content\/uploads\/2022\/04\/Cuernavaca-avanza-01-768x512.jpg 768w, https:\/\/cuernavaca.gob.mx\/wp-content\/uploads\/2022\/04\/Cuernavaca-avanza-01-600x400.jpg 600w, https:\/\/cuernavaca.gob.mx\/wp-content\/uploads\/2022\/04\/Cuernavaca-avanza-01-560x373.jpg 560w, https:\/\/cuernavaca.gob.mx\/wp-content\/uploads\/2022\/04\/Cuernavaca-avanza-01.jpg 1280w\" sizes=\"(max-width: 1024px) 100vw, 1024px\" \/><\/figure>\n\n\n\n<figure class=\"wp-block-image size-large\"><img loading=\"lazy\" width=\"1024\" height=\"682\" data-id=\"9348\"  src=\"https:\/\/cuernavaca.gob.mx\/wp-content\/uploads\/2022\/04\/Cuernavaca-avanza-02-1024x682.jpg\" alt=\"\" class=\"wp-image-9348\" srcset=\"https:\/\/cuernavaca.gob.mx\/wp-content\/uploads\/2022\/04\/Cuernavaca-avanza-02-1024x682.jpg 1024w, https:\/\/cuernavaca.gob.mx\/wp-content\/uploads\/2022\/04\/Cuernavaca-avanza-02-300x200.jpg 300w, https:\/\/cuernavaca.gob.mx\/wp-content\/uploads\/2022\/04\/Cuernavaca-avanza-02-768x512.jpg 768w, https:\/\/cuernavaca.gob.mx\/wp-content\/uploads\/2022\/04\/Cuernavaca-avanza-02-600x400.jpg 600w, https:\/\/cuernavaca.gob.mx\/wp-content\/uploads\/2022\/04\/Cuernavaca-avanza-02-560x373.jpg 560w, https:\/\/cuernavaca.gob.mx\/wp-content\/uploads\/2022\/04\/Cuernavaca-avanza-02.jpg 1280w\" sizes=\"(max-width: 1024px) 100vw, 1024px\" \/><\/figure>\n\n\n\n<figure class=\"wp-block-image size-large\"><img loading=\"lazy\" width=\"1024\" height=\"682\" data-id=\"9347\"  src=\"https:\/\/cuernavaca.gob.mx\/wp-content\/uploads\/2022\/04\/Cuernavaca-avanza-03-1024x682.jpg\" alt=\"\" class=\"wp-image-9347\" srcset=\"https:\/\/cuernavaca.gob.mx\/wp-content\/uploads\/2022\/04\/Cuernavaca-avanza-03-1024x682.jpg 1024w, https:\/\/cuernavaca.gob.mx\/wp-content\/uploads\/2022\/04\/Cuernavaca-avanza-03-300x200.jpg 300w, https:\/\/cuernavaca.gob.mx\/wp-content\/uploads\/2022\/04\/Cuernavaca-avanza-03-768x512.jpg 768w, https:\/\/cuernavaca.gob.mx\/wp-content\/uploads\/2022\/04\/Cuernavaca-avanza-03-600x400.jpg 600w, https:\/\/cuernavaca.gob.mx\/wp-content\/uploads\/2022\/04\/Cuernavaca-avanza-03-560x373.jpg 560w, https:\/\/cuernavaca.gob.mx\/wp-content\/uploads\/2022\/04\/Cuernavaca-avanza-03.jpg 1280w\" sizes=\"(max-width: 1024px) 100vw, 1024px\" \/><\/figure>\n\n\n\n<figure class=\"wp-block-image size-large\"><img loading=\"lazy\" width=\"1024\" height=\"683\" data-id=\"9349\"  src=\"https:\/\/cuernavaca.gob.mx\/wp-content\/uploads\/2022\/04\/Cuernavaca-avanza-04.jpg\" alt=\"\" class=\"wp-image-9349\" srcset=\"https:\/\/cuernavaca.gob.mx\/wp-content\/uploads\/2022\/04\/Cuernavaca-avanza-04.jpg 1024w, https:\/\/cuernavaca.gob.mx\/wp-content\/uploads\/2022\/04\/Cuernavaca-avanza-04-300x200.jpg 300w, https:\/\/cuernavaca.gob.mx\/wp-content\/uploads\/2022\/04\/Cuernavaca-avanza-04-768x512.jpg 768w, https:\/\/cuernavaca.gob.mx\/wp-content\/uploads\/2022\/04\/Cuernavaca-avanza-04-600x400.jpg 600w, https:\/\/cuernavaca.gob.mx\/wp-content\/uploads\/2022\/04\/Cuernavaca-avanza-04-560x374.jpg 560w\" sizes=\"(max-width: 1024px) 100vw, 1024px\" \/><\/figure>\n<\/figure>\n","protected":false},"excerpt":{"rendered":"<p>Jos\u00e9 Luis Uri\u00f3stegui afirm\u00f3 que en estos primeros 100 d\u00edas de gobierno se sientan las bases para una planeaci\u00f3n del municipio En las v\u00edsperas de la presentaci\u00f3n del informe por los primeros 100 d\u00edas del gobierno municipal 2022-2024, el presidente municipal de Cuernavaca, Jos\u00e9 Luis Uri\u00f3stegui Salgado, reconoci\u00f3 que existen a\u00fan varios temas por atender [&hellip;]<\/p>\n","protected":false},"author":1,"featured_media":9348,"comment_status":"closed","ping_status":"closed","sticky":false,"template":"","format":"standard","meta":[],"categories":[20],"tags":[300,200,121,329,120,274],"aioseo_notices":[],"_links":{"self":[{"href":"https:\/\/cuernavaca.gob.mx\/index.php?rest_route=\/wp\/v2\/posts\/9345"}],"collection":[{"href":"https:\/\/cuernavaca.gob.mx\/index.php?rest_route=\/wp\/v2\/posts"}],"about":[{"href":"https:\/\/cuernavaca.gob.mx\/index.php?rest_route=\/wp\/v2\/types\/post"}],"author":[{"embeddable":true,"href":"https:\/\/cuernavaca.gob.mx\/index.php?rest_route=\/wp\/v2\/users\/1"}],"replies":[{"embeddable":true,"href":"https:\/\/cuernavaca.gob.mx\/index.php?rest_route=%2Fwp%2Fv2%2Fcomments&post=9345"}],"version-history":[{"count":2,"href":"https:\/\/cuernavaca.gob.mx\/index.php?rest_route=\/wp\/v2\/posts\/9345\/revisions"}],"predecessor-version":[{"id":9367,"href":"https:\/\/cuernavaca.gob.mx\/index.php?rest_route=\/wp\/v2\/posts\/9345\/revisions\/9367"}],"wp:featuredmedia":[{"embeddable":true,"href":"https:\/\/cuernavaca.gob.mx\/index.php?rest_route=\/wp\/v2\/media\/9348"}],"wp:attachment":[{"href":"https:\/\/cuernavaca.gob.mx\/index.php?rest_route=%2Fwp%2Fv2%2Fmedia&parent=9345"}],"wp:term":[{"taxonomy":"category","embeddable":true,"href":"https:\/\/cuernavaca.gob.mx\/index.php?rest_route=%2Fwp%2Fv2%2Fcategories&post=9345"},{"taxonomy":"post_tag","embeddable":true,"href":"https:\/\/cuernavaca.gob.mx\/index.php?rest_route=%2Fwp%2Fv2%2Ftags&post=9345"}],"curies":[{"name":"wp","href":"https:\/\/api.w.org\/{rel}","templated":true}]}}