{"id":9384,"date":"2022-04-12T14:00:00","date_gmt":"2022-04-12T14:00:00","guid":{"rendered":"http:\/\/cuernavaca.gob.mx\/?p=9384"},"modified":"2025-05-06T11:17:05","modified_gmt":"2025-05-06T17:17:05","slug":"propone-junta-local-catastral-de-cuernavaca-criterios-que-den-certeza-a-los-habitantes-sobre-sus-propiedades","status":"publish","type":"post","link":"https:\/\/cuernavaca.gob.mx\/?p=9384","title":{"rendered":"Propone Junta Local Catastral de Cuernavaca criterios que den certeza a los habitantes sobre sus propiedades"},"content":{"rendered":"\n<p><strong>Se generar\u00e1n acciones que recuperen la confianza ciudadana y den al municipio la certeza para proporcionar los servicios p\u00fablicos<\/strong><\/p>\n\n\n\n<p><strong>La Junta Local Catastral resuelve solicitudes de inconformidad ciudadanas<\/strong><\/p>\n\n\n\n<p>Como parte de la pol\u00edtica que estableci\u00f3 el Gobierno Municipal de Cuernavaca para generar un ordenamiento a profundidad de la ciudad, la Junta Local Catastral aval\u00f3 este martes establecer criterios que permitan a la Direcci\u00f3n de Impuesto Predial y Catastro darles certidumbre a los habitantes de sus propiedades y al ayuntamiento tener un registro transparente de todos los predios.<\/p>\n\n\n\n<p>En el marco de la Cent\u00e9sima Vig\u00e9sima Quinta Sesi\u00f3n Ordinaria de la Junta Local Catastral y tras coincidir que los valores catastrales de tres propiedades expuestas en solicitudes de inconformidad por ciudadanos eran demasiado altos, el presidente municipal de Cuernavaca y presidente del cuerpo colegiado, Jos\u00e9 Luis Uri\u00f3stegui Salgado, se\u00f1al\u00f3 la importancia de efectuar una revisi\u00f3n de los casos que se pongan en conocimiento de la direcci\u00f3n de Catastro que demuestren un exceso en la calificaci\u00f3n tanto del valor del terreno como del valor de la construcci\u00f3n.<\/p>\n\n\n\n<p>Ante representantes de Colegios y Asociaciones de Arquitectos, Ingenieros Civiles, Valuadores, Notarios, Profesionales Inmobiliarios y autoridades municipales, el alcalde refiri\u00f3 que el Ayuntamiento capitalino ha recibido quejas de varios grupos organizados que argumentan los valores catastrales que se les est\u00e1n imponiendo para el pago del predial no corresponden ni siquiera a las tablas de valores que datan del a\u00f1o 2007.<\/p>\n\n\n\n<p>Precis\u00f3 que si bien en pasadas administraciones estas quejas ciudadanas no proced\u00edan, hoy son analizadas y consideradas para generar un criterio que permita a la direcci\u00f3n de Impuesto Predial y Catastro establecer par\u00e1metros sobre los futuros casos a atender, disminuyendo la cantidad de quejas en este tenor al recuperar la confianza ciudadana de que sus predios est\u00e1n debidamente acreditados al valor que les corresponde y al municipio de la certeza para proporcionar los servicios p\u00fablicos en donde est\u00e9n debidamente acreditados.<\/p>\n\n\n\n<p>En este sentido, Hugo Salgado Casta\u00f1eda, representante del Colegio de Notarios A.C. y miembro de la Junta Local Catastral de Cuernavaca, reconoci\u00f3 que del 31 de diciembre de 2021 para atr\u00e1s se not\u00f3 un incremento en los valores catastrales.<\/p>\n\n\n\n<p>Sugiri\u00f3 que mientras el Congreso del Estado autoriza las actualizaciones a las Tablas de Valores Unitarios de Suelo y Construcci\u00f3n de Cuernavaca se sostenga una reuni\u00f3n de trabajo con el Colegio de Valuadores, solicit\u00e1ndoles que con independencia del valor catastral hagan un aval\u00fao acorde al valor comercial del inmueble para que el mismo catastro se vaya actualizando con la naturalidad del movimiento inmobiliario sin que sea una carga para el municipio.<\/p>\n\n\n\n<p>El representante del Colegio de Valuadores de Morelos A.C. e integrante de la Junta Local Catastral, Guadalupe Lucio Ram\u00edrez Brugada, afirm\u00f3 que los valores catastrales en Cuernavaca ser\u00e1n los m\u00e1s apegados a la realidad logrando que la recaudaci\u00f3n sea la adecuada.<\/p>\n\n\n\n<p>En la sesi\u00f3n de la Junta Local Catastral se hizo un reconocimiento al titular de la Notar\u00eda 2 con sede en Cuernavaca, Hugo Salgado Casta\u00f1eda por su 40 aniversario como referente fedatario en la entidad.<\/p>\n\n\n\n<figure class=\"wp-container-2 wp-block-gallery-1 wp-block-gallery has-nested-images columns-default is-cropped\">\n<figure class=\"wp-block-image size-large\"><img loading=\"lazy\" width=\"1024\" height=\"682\" data-id=\"9387\"  src=\"https:\/\/cuernavaca.gob.mx\/wp-content\/uploads\/2022\/04\/Junta-Local-Catastral-01.jpg\" alt=\"\" class=\"wp-image-9387\" srcset=\"https:\/\/cuernavaca.gob.mx\/wp-content\/uploads\/2022\/04\/Junta-Local-Catastral-01.jpg 1024w, https:\/\/cuernavaca.gob.mx\/wp-content\/uploads\/2022\/04\/Junta-Local-Catastral-01-300x200.jpg 300w, https:\/\/cuernavaca.gob.mx\/wp-content\/uploads\/2022\/04\/Junta-Local-Catastral-01-768x512.jpg 768w, https:\/\/cuernavaca.gob.mx\/wp-content\/uploads\/2022\/04\/Junta-Local-Catastral-01-600x400.jpg 600w, https:\/\/cuernavaca.gob.mx\/wp-content\/uploads\/2022\/04\/Junta-Local-Catastral-01-560x373.jpg 560w\" sizes=\"(max-width: 1024px) 100vw, 1024px\" \/><\/figure>\n\n\n\n<figure class=\"wp-block-image size-large\"><img loading=\"lazy\" width=\"1024\" height=\"682\" data-id=\"9389\"  src=\"https:\/\/cuernavaca.gob.mx\/wp-content\/uploads\/2022\/04\/Junta-Local-Catastral-02.jpg\" alt=\"\" class=\"wp-image-9389\" srcset=\"https:\/\/cuernavaca.gob.mx\/wp-content\/uploads\/2022\/04\/Junta-Local-Catastral-02.jpg 1024w, https:\/\/cuernavaca.gob.mx\/wp-content\/uploads\/2022\/04\/Junta-Local-Catastral-02-300x200.jpg 300w, https:\/\/cuernavaca.gob.mx\/wp-content\/uploads\/2022\/04\/Junta-Local-Catastral-02-768x512.jpg 768w, https:\/\/cuernavaca.gob.mx\/wp-content\/uploads\/2022\/04\/Junta-Local-Catastral-02-600x400.jpg 600w, https:\/\/cuernavaca.gob.mx\/wp-content\/uploads\/2022\/04\/Junta-Local-Catastral-02-560x373.jpg 560w\" sizes=\"(max-width: 1024px) 100vw, 1024px\" \/><\/figure>\n\n\n\n<figure class=\"wp-block-image size-large\"><img loading=\"lazy\" width=\"1024\" height=\"682\" data-id=\"9390\"  src=\"https:\/\/cuernavaca.gob.mx\/wp-content\/uploads\/2022\/04\/Junta-Local-Catastral-03.jpg\" alt=\"\" class=\"wp-image-9390\" srcset=\"https:\/\/cuernavaca.gob.mx\/wp-content\/uploads\/2022\/04\/Junta-Local-Catastral-03.jpg 1024w, https:\/\/cuernavaca.gob.mx\/wp-content\/uploads\/2022\/04\/Junta-Local-Catastral-03-300x200.jpg 300w, https:\/\/cuernavaca.gob.mx\/wp-content\/uploads\/2022\/04\/Junta-Local-Catastral-03-768x512.jpg 768w, https:\/\/cuernavaca.gob.mx\/wp-content\/uploads\/2022\/04\/Junta-Local-Catastral-03-600x400.jpg 600w, https:\/\/cuernavaca.gob.mx\/wp-content\/uploads\/2022\/04\/Junta-Local-Catastral-03-560x373.jpg 560w\" sizes=\"(max-width: 1024px) 100vw, 1024px\" \/><\/figure>\n\n\n\n<figure class=\"wp-block-image size-large\"><img loading=\"lazy\" width=\"1024\" height=\"682\" data-id=\"9386\"  src=\"https:\/\/cuernavaca.gob.mx\/wp-content\/uploads\/2022\/04\/Junta-Local-Catastral-04.jpg\" alt=\"\" class=\"wp-image-9386\" srcset=\"https:\/\/cuernavaca.gob.mx\/wp-content\/uploads\/2022\/04\/Junta-Local-Catastral-04.jpg 1024w, https:\/\/cuernavaca.gob.mx\/wp-content\/uploads\/2022\/04\/Junta-Local-Catastral-04-300x200.jpg 300w, https:\/\/cuernavaca.gob.mx\/wp-content\/uploads\/2022\/04\/Junta-Local-Catastral-04-768x512.jpg 768w, https:\/\/cuernavaca.gob.mx\/wp-content\/uploads\/2022\/04\/Junta-Local-Catastral-04-600x400.jpg 600w, https:\/\/cuernavaca.gob.mx\/wp-content\/uploads\/2022\/04\/Junta-Local-Catastral-04-560x373.jpg 560w\" sizes=\"(max-width: 1024px) 100vw, 1024px\" \/><\/figure>\n\n\n\n<figure class=\"wp-block-image size-large\"><img loading=\"lazy\" width=\"1024\" height=\"682\" data-id=\"9388\"  src=\"https:\/\/cuernavaca.gob.mx\/wp-content\/uploads\/2022\/04\/Junta-Local-Catastral-05.jpg\" alt=\"\" class=\"wp-image-9388\" srcset=\"https:\/\/cuernavaca.gob.mx\/wp-content\/uploads\/2022\/04\/Junta-Local-Catastral-05.jpg 1024w, https:\/\/cuernavaca.gob.mx\/wp-content\/uploads\/2022\/04\/Junta-Local-Catastral-05-300x200.jpg 300w, https:\/\/cuernavaca.gob.mx\/wp-content\/uploads\/2022\/04\/Junta-Local-Catastral-05-768x512.jpg 768w, https:\/\/cuernavaca.gob.mx\/wp-content\/uploads\/2022\/04\/Junta-Local-Catastral-05-600x400.jpg 600w, https:\/\/cuernavaca.gob.mx\/wp-content\/uploads\/2022\/04\/Junta-Local-Catastral-05-560x373.jpg 560w\" sizes=\"(max-width: 1024px) 100vw, 1024px\" \/><\/figure>\n\n\n\n<figure class=\"wp-block-image size-large\"><img loading=\"lazy\" width=\"1024\" height=\"682\" data-id=\"9385\"  src=\"https:\/\/cuernavaca.gob.mx\/wp-content\/uploads\/2022\/04\/Junta-Local-Catastral-06.jpg\" alt=\"\" class=\"wp-image-9385\" srcset=\"https:\/\/cuernavaca.gob.mx\/wp-content\/uploads\/2022\/04\/Junta-Local-Catastral-06.jpg 1024w, https:\/\/cuernavaca.gob.mx\/wp-content\/uploads\/2022\/04\/Junta-Local-Catastral-06-300x200.jpg 300w, https:\/\/cuernavaca.gob.mx\/wp-content\/uploads\/2022\/04\/Junta-Local-Catastral-06-768x512.jpg 768w, https:\/\/cuernavaca.gob.mx\/wp-content\/uploads\/2022\/04\/Junta-Local-Catastral-06-600x400.jpg 600w, https:\/\/cuernavaca.gob.mx\/wp-content\/uploads\/2022\/04\/Junta-Local-Catastral-06-560x373.jpg 560w\" sizes=\"(max-width: 1024px) 100vw, 1024px\" \/><\/figure>\n\n\n\n<figure class=\"wp-block-image size-large\"><img loading=\"lazy\" width=\"1024\" height=\"682\" data-id=\"9391\"  src=\"https:\/\/cuernavaca.gob.mx\/wp-content\/uploads\/2022\/04\/Junta-Local-Catastral-07.jpg\" alt=\"\" class=\"wp-image-9391\" srcset=\"https:\/\/cuernavaca.gob.mx\/wp-content\/uploads\/2022\/04\/Junta-Local-Catastral-07.jpg 1024w, https:\/\/cuernavaca.gob.mx\/wp-content\/uploads\/2022\/04\/Junta-Local-Catastral-07-300x200.jpg 300w, https:\/\/cuernavaca.gob.mx\/wp-content\/uploads\/2022\/04\/Junta-Local-Catastral-07-768x512.jpg 768w, https:\/\/cuernavaca.gob.mx\/wp-content\/uploads\/2022\/04\/Junta-Local-Catastral-07-600x400.jpg 600w, https:\/\/cuernavaca.gob.mx\/wp-content\/uploads\/2022\/04\/Junta-Local-Catastral-07-560x373.jpg 560w\" sizes=\"(max-width: 1024px) 100vw, 1024px\" \/><\/figure>\n<\/figure>\n","protected":false},"excerpt":{"rendered":"<p>Se generar\u00e1n acciones que recuperen la confianza ciudadana y den al municipio la certeza para proporcionar los servicios p\u00fablicos La Junta Local Catastral resuelve solicitudes de inconformidad ciudadanas Como parte de la pol\u00edtica que estableci\u00f3 el Gobierno Municipal de Cuernavaca para generar un ordenamiento a profundidad de la ciudad, la Junta Local Catastral aval\u00f3 este [&hellip;]<\/p>\n","protected":false},"author":1,"featured_media":9389,"comment_status":"closed","ping_status":"closed","sticky":false,"template":"","format":"standard","meta":[],"categories":[20],"tags":[349,158,121,350,120,346,348,347],"aioseo_notices":[],"_links":{"self":[{"href":"https:\/\/cuernavaca.gob.mx\/index.php?rest_route=\/wp\/v2\/posts\/9384"}],"collection":[{"href":"https:\/\/cuernavaca.gob.mx\/index.php?rest_route=\/wp\/v2\/posts"}],"about":[{"href":"https:\/\/cuernavaca.gob.mx\/index.php?rest_route=\/wp\/v2\/types\/post"}],"author":[{"embeddable":true,"href":"https:\/\/cuernavaca.gob.mx\/index.php?rest_route=\/wp\/v2\/users\/1"}],"replies":[{"embeddable":true,"href":"https:\/\/cuernavaca.gob.mx\/index.php?rest_route=%2Fwp%2Fv2%2Fcomments&post=9384"}],"version-history":[{"count":2,"href":"https:\/\/cuernavaca.gob.mx\/index.php?rest_route=\/wp\/v2\/posts\/9384\/revisions"}],"predecessor-version":[{"id":9436,"href":"https:\/\/cuernavaca.gob.mx\/index.php?rest_route=\/wp\/v2\/posts\/9384\/revisions\/9436"}],"wp:featuredmedia":[{"embeddable":true,"href":"https:\/\/cuernavaca.gob.mx\/index.php?rest_route=\/wp\/v2\/media\/9389"}],"wp:attachment":[{"href":"https:\/\/cuernavaca.gob.mx\/index.php?rest_route=%2Fwp%2Fv2%2Fmedia&parent=9384"}],"wp:term":[{"taxonomy":"category","embeddable":true,"href":"https:\/\/cuernavaca.gob.mx\/index.php?rest_route=%2Fwp%2Fv2%2Fcategories&post=9384"},{"taxonomy":"post_tag","embeddable":true,"href":"https:\/\/cuernavaca.gob.mx\/index.php?rest_route=%2Fwp%2Fv2%2Ftags&post=9384"}],"curies":[{"name":"wp","href":"https:\/\/api.w.org\/{rel}","templated":true}]}}