{"id":9406,"date":"2022-04-13T10:00:00","date_gmt":"2022-04-13T10:00:00","guid":{"rendered":"http:\/\/cuernavaca.gob.mx\/?p=9406"},"modified":"2025-05-06T11:17:05","modified_gmt":"2025-05-06T17:17:05","slug":"ayuntamiento-de-cuernavaca-y-sedatu-entregan-cancha-de-usos-multiples-en-patios-de-la-estacion","status":"publish","type":"post","link":"https:\/\/cuernavaca.gob.mx\/?p=9406","title":{"rendered":"Ayuntamiento de Cuernavaca y SEDATU entregan cancha de usos m\u00faltiples en patios de la estaci\u00f3n"},"content":{"rendered":"\n<p><strong>La rehabilitaci\u00f3n de la cancha de usos m\u00faltiples forma parte del Programa de Mejoramiento 2021 encabezado por la SEDATU<\/strong><\/p>\n\n\n\n<p><strong>No solo se contar\u00e1n con actividades deportivas, sino tambi\u00e9n culturales, art\u00edsticas, recreativas, sociales y c\u00edvicas<\/strong><\/p>\n\n\n\n<p>En coordinaci\u00f3n con el Gobierno Federal a trav\u00e9s de la Secretar\u00eda de Desarrollo Territorial y Urbano (SEDATU) en Morelos, el Gobierno Municipal de Cuernavaca entreg\u00f3 este mi\u00e9rcoles a vecinos de Patios de la Estaci\u00f3n la cancha de usos m\u00faltiples frente a la antigua Estaci\u00f3n del Ferrocarril, la cual fue renovada como parte del Programa de Mejoramiento 2021 de la SEDATU.<\/p>\n\n\n\n<p>El presidente municipal de Cuernavaca, Jos\u00e9 Luis Uri\u00f3stegui Salgado, junto con Brenda Garc\u00eda Pineda, representante de la Secretar\u00eda de Desarrollo Territorial y Urbano (SEDATU) en Morelos, encabezaron el evento de entrega de posesi\u00f3n donde se inform\u00f3 que el proyecto inici\u00f3 desde hace un a\u00f1o, resultado del convenio que fue firmado con el Gobierno de M\u00e9xico en julio y septiembre del 2021.<\/p>\n\n\n\n<p>Acompa\u00f1ado de liderazgos vecinales y residentes de los Patios de la Estaci\u00f3n, integrantes del Cabildo y del Gabinete municipal, el alcalde expres\u00f3 que este espacio es de los vecinos, a quienes les tocar\u00e1 cuidarlo de la mano del municipio, que los apoyar\u00e1 en todo momento para aprovecharlo, a fin de que ni\u00f1as, ni\u00f1os, adolescentes, j\u00f3venes y adultos, familias completas, lo utilicen para divertirse transform\u00e1ndolo en un punto de reuni\u00f3n para la comunidad.<\/p>\n\n\n\n<p>Anticip\u00f3 que adem\u00e1s de impulsar y promover el deporte, con base en un trabajo transversal van a involucrar a diversas dependencias municipales, como el Instituto de la Mujer, de Cultura y de la Juventud para que estos espacios no solo sirvan para botar una pelota, sino tambi\u00e9n para realizar distintas actividades culturales, art\u00edsticas, recreativas, sociales y c\u00edvicas que ayuden en la reconstrucci\u00f3n del tejido social, proyectando el gusto de pertenecer a la colonia Patios de la Estaci\u00f3n.<\/p>\n\n\n\n<p>El mun\u00edcipe de Cuernavaca inform\u00f3 que, como parte del trabajo coordinado con habitantes de la zona, el ayuntamiento iniciar\u00e1 en pr\u00f3ximos d\u00edas obras de mejoramiento y rehabilitaci\u00f3n en la colonia, as\u00ed como se pondr\u00e1n algunos topes para evitar accidentes.<\/p>\n\n\n\n<p>\u201cQue no sea nada m\u00e1s este el punto de reuni\u00f3n, sino que sea toda la colonia, que vayamos transformando primero la forma en que nosotros vemos nuestra colonia y despu\u00e9s la forma en que la colonia se transforma\u201d, subray\u00f3.<\/p>\n\n\n\n<p>Uri\u00f3stegui Salgado asegur\u00f3 que la administraci\u00f3n municipal estar\u00e1 muy pendiente de supervisar el avance de las obras que SEDATU realiza en la ciudad con el prop\u00f3sito de garantizar que cuando se entreguen est\u00e9n totalmente concluidas.<\/p>\n\n\n\n<p>En tanto, Brenda Garc\u00eda, representante de la Secretar\u00eda de Desarrollo Territorial y Urbano (SEDATU) en Morelos, explic\u00f3 que la rehabilitaci\u00f3n de la cancha de usos m\u00faltiples forma parte del Programa de Mejoramiento Urbano, que tiene como prop\u00f3sito que cada manzana, calle y espacio intervenido sean los pilares que logran que la poblaci\u00f3n se apropie de estos espacios, en este caso de Patios de la Estaci\u00f3n.<\/p>\n\n\n\n<p>Los trabajos del Programa de Mejoramiento 2021 se SEDATU en la colonia Patios de la Estaci\u00f3n consisten en la renovaci\u00f3n del entorno de la Antigua Estaci\u00f3n Ferroviaria, como la cancha de f\u00fatbol, la plaza c\u00edvica, los andadores peatonales y la cancha de usos m\u00faltiples, con una inversi\u00f3n de aproximadamente 75 millones de pesos.<\/p>\n\n\n\n<p>Al hacer un llamado a apropiarse de este espacio, la secretaria de Desarrollo Humano y Participaci\u00f3n Social, Laura Hern\u00e1ndez Cruz, se\u00f1al\u00f3 que la poblaci\u00f3n de Patios de la Estaci\u00f3n firmar\u00eda el acta de entrega de la obra, al ser quienes defender\u00e1n, ocupar\u00e1n y dar\u00e1n vida a la cancha de usos m\u00faltiples.<\/p>\n\n\n\n<p>Resalt\u00f3 que por parte del Gobierno Municipal y la dependencia a su cargo estar\u00e1n apoy\u00e1ndolos y coadyuvando con cada uno de ellos, d\u00e1ndoles las facilidades para que en Cuernavaca nadie se quede atr\u00e1s.<\/p>\n\n\n\n<p>El presidente municipal de Cuernavaca, Jos\u00e9 Luis Uri\u00f3stegui y la representante de la Secretar\u00eda de Desarrollo Territorial y Urbano (SEDATU) en Morelos, Brenda Garc\u00eda, dieron la patada inaugural para dar paso a un partido de f\u00fatbol de demostraci\u00f3n con ni\u00f1as y ni\u00f1os de Patios de la Estaci\u00f3n coordinados por el Instituto del Deporte de la ciudad.<\/p>\n\n\n\n<p>Aunado a ello, se hizo entrega de uniformes y equipo de f\u00fatbol, mientras que los vecinos presentes disfrutaron de un rico desayuno organizado por el municipio.<\/p>\n\n\n\n<p>Cabe mencionar que adem\u00e1s de estas obras, SEDATU est\u00e1 renovando la antigua casa de L\u00e1zaro C\u00e1rdenas en la capital del estado que ser\u00e1 convertida en un centro cultural en que toda la comunidad pueda pasar el rato y acceder a actividades recreativas.<\/p>\n\n\n\n<figure class=\"wp-container-2 wp-block-gallery-1 wp-block-gallery has-nested-images columns-default is-cropped\">\n<figure class=\"wp-block-image size-large\"><img loading=\"lazy\" width=\"1024\" height=\"682\" data-id=\"9408\"  src=\"https:\/\/cuernavaca.gob.mx\/wp-content\/uploads\/2022\/04\/Rehabilitacio\u0301n-de-la-cancha-Estacio\u0301n-01-1024x682.jpg\" alt=\"\" class=\"wp-image-9408\" srcset=\"https:\/\/cuernavaca.gob.mx\/wp-content\/uploads\/2022\/04\/Rehabilitacio\u0301n-de-la-cancha-Estacio\u0301n-01-1024x682.jpg 1024w, https:\/\/cuernavaca.gob.mx\/wp-content\/uploads\/2022\/04\/Rehabilitacio\u0301n-de-la-cancha-Estacio\u0301n-01-300x200.jpg 300w, https:\/\/cuernavaca.gob.mx\/wp-content\/uploads\/2022\/04\/Rehabilitacio\u0301n-de-la-cancha-Estacio\u0301n-01-768x512.jpg 768w, https:\/\/cuernavaca.gob.mx\/wp-content\/uploads\/2022\/04\/Rehabilitacio\u0301n-de-la-cancha-Estacio\u0301n-01-600x400.jpg 600w, https:\/\/cuernavaca.gob.mx\/wp-content\/uploads\/2022\/04\/Rehabilitacio\u0301n-de-la-cancha-Estacio\u0301n-01-560x373.jpg 560w, https:\/\/cuernavaca.gob.mx\/wp-content\/uploads\/2022\/04\/Rehabilitacio\u0301n-de-la-cancha-Estacio\u0301n-01.jpg 1280w\" sizes=\"(max-width: 1024px) 100vw, 1024px\" \/><\/figure>\n\n\n\n<figure class=\"wp-block-image size-large\"><img loading=\"lazy\" width=\"1024\" height=\"682\" data-id=\"9407\"  src=\"https:\/\/cuernavaca.gob.mx\/wp-content\/uploads\/2022\/04\/Rehabilitacio\u0301n-de-la-cancha-Estacio\u0301n-02-1024x682.jpg\" alt=\"\" class=\"wp-image-9407\" srcset=\"https:\/\/cuernavaca.gob.mx\/wp-content\/uploads\/2022\/04\/Rehabilitacio\u0301n-de-la-cancha-Estacio\u0301n-02-1024x682.jpg 1024w, https:\/\/cuernavaca.gob.mx\/wp-content\/uploads\/2022\/04\/Rehabilitacio\u0301n-de-la-cancha-Estacio\u0301n-02-300x200.jpg 300w, https:\/\/cuernavaca.gob.mx\/wp-content\/uploads\/2022\/04\/Rehabilitacio\u0301n-de-la-cancha-Estacio\u0301n-02-768x512.jpg 768w, https:\/\/cuernavaca.gob.mx\/wp-content\/uploads\/2022\/04\/Rehabilitacio\u0301n-de-la-cancha-Estacio\u0301n-02-600x400.jpg 600w, https:\/\/cuernavaca.gob.mx\/wp-content\/uploads\/2022\/04\/Rehabilitacio\u0301n-de-la-cancha-Estacio\u0301n-02-560x373.jpg 560w, https:\/\/cuernavaca.gob.mx\/wp-content\/uploads\/2022\/04\/Rehabilitacio\u0301n-de-la-cancha-Estacio\u0301n-02.jpg 1280w\" sizes=\"(max-width: 1024px) 100vw, 1024px\" \/><\/figure>\n\n\n\n<figure class=\"wp-block-image size-large\"><img loading=\"lazy\" width=\"1024\" height=\"682\" data-id=\"9411\"  src=\"https:\/\/cuernavaca.gob.mx\/wp-content\/uploads\/2022\/04\/Rehabilitacio\u0301n-de-la-cancha-Estacio\u0301n-03-1024x682.jpg\" alt=\"\" class=\"wp-image-9411\" srcset=\"https:\/\/cuernavaca.gob.mx\/wp-content\/uploads\/2022\/04\/Rehabilitacio\u0301n-de-la-cancha-Estacio\u0301n-03-1024x682.jpg 1024w, https:\/\/cuernavaca.gob.mx\/wp-content\/uploads\/2022\/04\/Rehabilitacio\u0301n-de-la-cancha-Estacio\u0301n-03-300x200.jpg 300w, https:\/\/cuernavaca.gob.mx\/wp-content\/uploads\/2022\/04\/Rehabilitacio\u0301n-de-la-cancha-Estacio\u0301n-03-768x512.jpg 768w, https:\/\/cuernavaca.gob.mx\/wp-content\/uploads\/2022\/04\/Rehabilitacio\u0301n-de-la-cancha-Estacio\u0301n-03-600x400.jpg 600w, https:\/\/cuernavaca.gob.mx\/wp-content\/uploads\/2022\/04\/Rehabilitacio\u0301n-de-la-cancha-Estacio\u0301n-03-560x373.jpg 560w, https:\/\/cuernavaca.gob.mx\/wp-content\/uploads\/2022\/04\/Rehabilitacio\u0301n-de-la-cancha-Estacio\u0301n-03.jpg 1280w\" sizes=\"(max-width: 1024px) 100vw, 1024px\" \/><\/figure>\n\n\n\n<figure class=\"wp-block-image size-large\"><img loading=\"lazy\" width=\"1024\" height=\"682\" data-id=\"9409\"  src=\"https:\/\/cuernavaca.gob.mx\/wp-content\/uploads\/2022\/04\/Rehabilitacio\u0301n-de-la-cancha-Estacio\u0301n-04-1024x682.jpg\" alt=\"\" class=\"wp-image-9409\" srcset=\"https:\/\/cuernavaca.gob.mx\/wp-content\/uploads\/2022\/04\/Rehabilitacio\u0301n-de-la-cancha-Estacio\u0301n-04-1024x682.jpg 1024w, https:\/\/cuernavaca.gob.mx\/wp-content\/uploads\/2022\/04\/Rehabilitacio\u0301n-de-la-cancha-Estacio\u0301n-04-300x200.jpg 300w, https:\/\/cuernavaca.gob.mx\/wp-content\/uploads\/2022\/04\/Rehabilitacio\u0301n-de-la-cancha-Estacio\u0301n-04-768x512.jpg 768w, https:\/\/cuernavaca.gob.mx\/wp-content\/uploads\/2022\/04\/Rehabilitacio\u0301n-de-la-cancha-Estacio\u0301n-04-600x400.jpg 600w, https:\/\/cuernavaca.gob.mx\/wp-content\/uploads\/2022\/04\/Rehabilitacio\u0301n-de-la-cancha-Estacio\u0301n-04-560x373.jpg 560w, https:\/\/cuernavaca.gob.mx\/wp-content\/uploads\/2022\/04\/Rehabilitacio\u0301n-de-la-cancha-Estacio\u0301n-04.jpg 1280w\" sizes=\"(max-width: 1024px) 100vw, 1024px\" \/><\/figure>\n\n\n\n<figure class=\"wp-block-image size-large\"><img loading=\"lazy\" width=\"1024\" height=\"682\" data-id=\"9412\"  src=\"https:\/\/cuernavaca.gob.mx\/wp-content\/uploads\/2022\/04\/Rehabilitacio\u0301n-de-la-cancha-Estacio\u0301n-05-1024x682.jpg\" alt=\"\" class=\"wp-image-9412\" srcset=\"https:\/\/cuernavaca.gob.mx\/wp-content\/uploads\/2022\/04\/Rehabilitacio\u0301n-de-la-cancha-Estacio\u0301n-05-1024x682.jpg 1024w, https:\/\/cuernavaca.gob.mx\/wp-content\/uploads\/2022\/04\/Rehabilitacio\u0301n-de-la-cancha-Estacio\u0301n-05-300x200.jpg 300w, https:\/\/cuernavaca.gob.mx\/wp-content\/uploads\/2022\/04\/Rehabilitacio\u0301n-de-la-cancha-Estacio\u0301n-05-768x512.jpg 768w, https:\/\/cuernavaca.gob.mx\/wp-content\/uploads\/2022\/04\/Rehabilitacio\u0301n-de-la-cancha-Estacio\u0301n-05-600x400.jpg 600w, https:\/\/cuernavaca.gob.mx\/wp-content\/uploads\/2022\/04\/Rehabilitacio\u0301n-de-la-cancha-Estacio\u0301n-05-560x373.jpg 560w, https:\/\/cuernavaca.gob.mx\/wp-content\/uploads\/2022\/04\/Rehabilitacio\u0301n-de-la-cancha-Estacio\u0301n-05.jpg 1280w\" sizes=\"(max-width: 1024px) 100vw, 1024px\" \/><\/figure>\n\n\n\n<figure class=\"wp-block-image size-large\"><img loading=\"lazy\" width=\"1024\" height=\"683\" data-id=\"9410\"  src=\"https:\/\/cuernavaca.gob.mx\/wp-content\/uploads\/2022\/04\/Rehabilitacio\u0301n-de-la-cancha-Estacio\u0301n-06-1024x683.jpg\" alt=\"\" class=\"wp-image-9410\" srcset=\"https:\/\/cuernavaca.gob.mx\/wp-content\/uploads\/2022\/04\/Rehabilitacio\u0301n-de-la-cancha-Estacio\u0301n-06-1024x683.jpg 1024w, https:\/\/cuernavaca.gob.mx\/wp-content\/uploads\/2022\/04\/Rehabilitacio\u0301n-de-la-cancha-Estacio\u0301n-06-300x200.jpg 300w, https:\/\/cuernavaca.gob.mx\/wp-content\/uploads\/2022\/04\/Rehabilitacio\u0301n-de-la-cancha-Estacio\u0301n-06-768x512.jpg 768w, https:\/\/cuernavaca.gob.mx\/wp-content\/uploads\/2022\/04\/Rehabilitacio\u0301n-de-la-cancha-Estacio\u0301n-06-1536x1024.jpg 1536w, https:\/\/cuernavaca.gob.mx\/wp-content\/uploads\/2022\/04\/Rehabilitacio\u0301n-de-la-cancha-Estacio\u0301n-06-600x400.jpg 600w, https:\/\/cuernavaca.gob.mx\/wp-content\/uploads\/2022\/04\/Rehabilitacio\u0301n-de-la-cancha-Estacio\u0301n-06-560x373.jpg 560w, https:\/\/cuernavaca.gob.mx\/wp-content\/uploads\/2022\/04\/Rehabilitacio\u0301n-de-la-cancha-Estacio\u0301n-06.jpg 1599w\" sizes=\"(max-width: 1024px) 100vw, 1024px\" \/><\/figure>\n\n\n\n<figure class=\"wp-block-image size-large\"><img loading=\"lazy\" width=\"1024\" height=\"683\" data-id=\"9414\"  src=\"https:\/\/cuernavaca.gob.mx\/wp-content\/uploads\/2022\/04\/Rehabilitacio\u0301n-de-la-cancha-Estacio\u0301n-07-1024x683.jpg\" alt=\"\" class=\"wp-image-9414\" srcset=\"https:\/\/cuernavaca.gob.mx\/wp-content\/uploads\/2022\/04\/Rehabilitacio\u0301n-de-la-cancha-Estacio\u0301n-07-1024x683.jpg 1024w, https:\/\/cuernavaca.gob.mx\/wp-content\/uploads\/2022\/04\/Rehabilitacio\u0301n-de-la-cancha-Estacio\u0301n-07-300x200.jpg 300w, https:\/\/cuernavaca.gob.mx\/wp-content\/uploads\/2022\/04\/Rehabilitacio\u0301n-de-la-cancha-Estacio\u0301n-07-768x512.jpg 768w, https:\/\/cuernavaca.gob.mx\/wp-content\/uploads\/2022\/04\/Rehabilitacio\u0301n-de-la-cancha-Estacio\u0301n-07-1536x1024.jpg 1536w, https:\/\/cuernavaca.gob.mx\/wp-content\/uploads\/2022\/04\/Rehabilitacio\u0301n-de-la-cancha-Estacio\u0301n-07-600x400.jpg 600w, https:\/\/cuernavaca.gob.mx\/wp-content\/uploads\/2022\/04\/Rehabilitacio\u0301n-de-la-cancha-Estacio\u0301n-07-560x373.jpg 560w, https:\/\/cuernavaca.gob.mx\/wp-content\/uploads\/2022\/04\/Rehabilitacio\u0301n-de-la-cancha-Estacio\u0301n-07.jpg 1599w\" sizes=\"(max-width: 1024px) 100vw, 1024px\" \/><\/figure>\n\n\n\n<figure class=\"wp-block-image size-large\"><img loading=\"lazy\" width=\"1024\" height=\"682\" data-id=\"9413\"  src=\"https:\/\/cuernavaca.gob.mx\/wp-content\/uploads\/2022\/04\/Rehabilitacio\u0301n-de-la-cancha-Estacio\u0301n-08-1024x682.jpg\" alt=\"\" class=\"wp-image-9413\" srcset=\"https:\/\/cuernavaca.gob.mx\/wp-content\/uploads\/2022\/04\/Rehabilitacio\u0301n-de-la-cancha-Estacio\u0301n-08-1024x682.jpg 1024w, https:\/\/cuernavaca.gob.mx\/wp-content\/uploads\/2022\/04\/Rehabilitacio\u0301n-de-la-cancha-Estacio\u0301n-08-300x200.jpg 300w, https:\/\/cuernavaca.gob.mx\/wp-content\/uploads\/2022\/04\/Rehabilitacio\u0301n-de-la-cancha-Estacio\u0301n-08-768x512.jpg 768w, https:\/\/cuernavaca.gob.mx\/wp-content\/uploads\/2022\/04\/Rehabilitacio\u0301n-de-la-cancha-Estacio\u0301n-08-600x400.jpg 600w, https:\/\/cuernavaca.gob.mx\/wp-content\/uploads\/2022\/04\/Rehabilitacio\u0301n-de-la-cancha-Estacio\u0301n-08-560x373.jpg 560w, https:\/\/cuernavaca.gob.mx\/wp-content\/uploads\/2022\/04\/Rehabilitacio\u0301n-de-la-cancha-Estacio\u0301n-08.jpg 1280w\" sizes=\"(max-width: 1024px) 100vw, 1024px\" \/><\/figure>\n\n\n\n<figure class=\"wp-block-image size-large\"><img loading=\"lazy\" width=\"1024\" height=\"682\" data-id=\"9418\"  src=\"https:\/\/cuernavaca.gob.mx\/wp-content\/uploads\/2022\/04\/Rehabilitacio\u0301n-de-la-cancha-Estacio\u0301n-09-1024x682.jpg\" alt=\"\" class=\"wp-image-9418\" srcset=\"https:\/\/cuernavaca.gob.mx\/wp-content\/uploads\/2022\/04\/Rehabilitacio\u0301n-de-la-cancha-Estacio\u0301n-09-1024x682.jpg 1024w, https:\/\/cuernavaca.gob.mx\/wp-content\/uploads\/2022\/04\/Rehabilitacio\u0301n-de-la-cancha-Estacio\u0301n-09-300x200.jpg 300w, https:\/\/cuernavaca.gob.mx\/wp-content\/uploads\/2022\/04\/Rehabilitacio\u0301n-de-la-cancha-Estacio\u0301n-09-768x512.jpg 768w, https:\/\/cuernavaca.gob.mx\/wp-content\/uploads\/2022\/04\/Rehabilitacio\u0301n-de-la-cancha-Estacio\u0301n-09-600x400.jpg 600w, https:\/\/cuernavaca.gob.mx\/wp-content\/uploads\/2022\/04\/Rehabilitacio\u0301n-de-la-cancha-Estacio\u0301n-09-560x373.jpg 560w, https:\/\/cuernavaca.gob.mx\/wp-content\/uploads\/2022\/04\/Rehabilitacio\u0301n-de-la-cancha-Estacio\u0301n-09.jpg 1280w\" sizes=\"(max-width: 1024px) 100vw, 1024px\" \/><\/figure>\n\n\n\n<figure class=\"wp-block-image size-large\"><img loading=\"lazy\" width=\"1024\" height=\"682\" data-id=\"9417\"  src=\"https:\/\/cuernavaca.gob.mx\/wp-content\/uploads\/2022\/04\/Rehabilitacio\u0301n-de-la-cancha-Estacio\u0301n-10-1024x682.jpg\" alt=\"\" class=\"wp-image-9417\" srcset=\"https:\/\/cuernavaca.gob.mx\/wp-content\/uploads\/2022\/04\/Rehabilitacio\u0301n-de-la-cancha-Estacio\u0301n-10-1024x682.jpg 1024w, https:\/\/cuernavaca.gob.mx\/wp-content\/uploads\/2022\/04\/Rehabilitacio\u0301n-de-la-cancha-Estacio\u0301n-10-300x200.jpg 300w, https:\/\/cuernavaca.gob.mx\/wp-content\/uploads\/2022\/04\/Rehabilitacio\u0301n-de-la-cancha-Estacio\u0301n-10-768x512.jpg 768w, https:\/\/cuernavaca.gob.mx\/wp-content\/uploads\/2022\/04\/Rehabilitacio\u0301n-de-la-cancha-Estacio\u0301n-10-600x400.jpg 600w, https:\/\/cuernavaca.gob.mx\/wp-content\/uploads\/2022\/04\/Rehabilitacio\u0301n-de-la-cancha-Estacio\u0301n-10-560x373.jpg 560w, https:\/\/cuernavaca.gob.mx\/wp-content\/uploads\/2022\/04\/Rehabilitacio\u0301n-de-la-cancha-Estacio\u0301n-10.jpg 1280w\" sizes=\"(max-width: 1024px) 100vw, 1024px\" \/><\/figure>\n\n\n\n<figure class=\"wp-block-image size-large\"><img loading=\"lazy\" width=\"1024\" height=\"682\" data-id=\"9415\"  src=\"https:\/\/cuernavaca.gob.mx\/wp-content\/uploads\/2022\/04\/Rehabilitacio\u0301n-de-la-cancha-Estacio\u0301n-11-1024x682.jpg\" alt=\"\" class=\"wp-image-9415\" srcset=\"https:\/\/cuernavaca.gob.mx\/wp-content\/uploads\/2022\/04\/Rehabilitacio\u0301n-de-la-cancha-Estacio\u0301n-11-1024x682.jpg 1024w, https:\/\/cuernavaca.gob.mx\/wp-content\/uploads\/2022\/04\/Rehabilitacio\u0301n-de-la-cancha-Estacio\u0301n-11-300x200.jpg 300w, https:\/\/cuernavaca.gob.mx\/wp-content\/uploads\/2022\/04\/Rehabilitacio\u0301n-de-la-cancha-Estacio\u0301n-11-768x512.jpg 768w, https:\/\/cuernavaca.gob.mx\/wp-content\/uploads\/2022\/04\/Rehabilitacio\u0301n-de-la-cancha-Estacio\u0301n-11-600x400.jpg 600w, https:\/\/cuernavaca.gob.mx\/wp-content\/uploads\/2022\/04\/Rehabilitacio\u0301n-de-la-cancha-Estacio\u0301n-11-560x373.jpg 560w, https:\/\/cuernavaca.gob.mx\/wp-content\/uploads\/2022\/04\/Rehabilitacio\u0301n-de-la-cancha-Estacio\u0301n-11.jpg 1280w\" sizes=\"(max-width: 1024px) 100vw, 1024px\" \/><\/figure>\n\n\n\n<figure class=\"wp-block-image size-large\"><img loading=\"lazy\" width=\"1024\" height=\"682\" data-id=\"9416\"  src=\"https:\/\/cuernavaca.gob.mx\/wp-content\/uploads\/2022\/04\/Rehabilitacio\u0301n-de-la-cancha-Estacio\u0301n-12-1024x682.jpg\" alt=\"\" class=\"wp-image-9416\" srcset=\"https:\/\/cuernavaca.gob.mx\/wp-content\/uploads\/2022\/04\/Rehabilitacio\u0301n-de-la-cancha-Estacio\u0301n-12-1024x682.jpg 1024w, https:\/\/cuernavaca.gob.mx\/wp-content\/uploads\/2022\/04\/Rehabilitacio\u0301n-de-la-cancha-Estacio\u0301n-12-300x200.jpg 300w, https:\/\/cuernavaca.gob.mx\/wp-content\/uploads\/2022\/04\/Rehabilitacio\u0301n-de-la-cancha-Estacio\u0301n-12-768x512.jpg 768w, https:\/\/cuernavaca.gob.mx\/wp-content\/uploads\/2022\/04\/Rehabilitacio\u0301n-de-la-cancha-Estacio\u0301n-12-600x400.jpg 600w, https:\/\/cuernavaca.gob.mx\/wp-content\/uploads\/2022\/04\/Rehabilitacio\u0301n-de-la-cancha-Estacio\u0301n-12-560x373.jpg 560w, https:\/\/cuernavaca.gob.mx\/wp-content\/uploads\/2022\/04\/Rehabilitacio\u0301n-de-la-cancha-Estacio\u0301n-12.jpg 1280w\" sizes=\"(max-width: 1024px) 100vw, 1024px\" \/><\/figure>\n\n\n\n<figure class=\"wp-block-image size-large\"><img loading=\"lazy\" width=\"1024\" height=\"682\" data-id=\"9419\"  src=\"https:\/\/cuernavaca.gob.mx\/wp-content\/uploads\/2022\/04\/Rehabilitacio\u0301n-de-la-cancha-Estacio\u0301n-13-1024x682.jpg\" alt=\"\" class=\"wp-image-9419\" srcset=\"https:\/\/cuernavaca.gob.mx\/wp-content\/uploads\/2022\/04\/Rehabilitacio\u0301n-de-la-cancha-Estacio\u0301n-13-1024x682.jpg 1024w, https:\/\/cuernavaca.gob.mx\/wp-content\/uploads\/2022\/04\/Rehabilitacio\u0301n-de-la-cancha-Estacio\u0301n-13-300x200.jpg 300w, https:\/\/cuernavaca.gob.mx\/wp-content\/uploads\/2022\/04\/Rehabilitacio\u0301n-de-la-cancha-Estacio\u0301n-13-768x512.jpg 768w, https:\/\/cuernavaca.gob.mx\/wp-content\/uploads\/2022\/04\/Rehabilitacio\u0301n-de-la-cancha-Estacio\u0301n-13-600x400.jpg 600w, https:\/\/cuernavaca.gob.mx\/wp-content\/uploads\/2022\/04\/Rehabilitacio\u0301n-de-la-cancha-Estacio\u0301n-13-560x373.jpg 560w, https:\/\/cuernavaca.gob.mx\/wp-content\/uploads\/2022\/04\/Rehabilitacio\u0301n-de-la-cancha-Estacio\u0301n-13.jpg 1280w\" sizes=\"(max-width: 1024px) 100vw, 1024px\" \/><\/figure>\n\n\n\n<figure class=\"wp-block-image size-large\"><img loading=\"lazy\" width=\"1024\" height=\"683\" data-id=\"9420\"  src=\"https:\/\/cuernavaca.gob.mx\/wp-content\/uploads\/2022\/04\/Rehabilitacio\u0301n-de-la-cancha-Estacio\u0301n-14-1024x683.jpg\" alt=\"\" class=\"wp-image-9420\" srcset=\"https:\/\/cuernavaca.gob.mx\/wp-content\/uploads\/2022\/04\/Rehabilitacio\u0301n-de-la-cancha-Estacio\u0301n-14-1024x683.jpg 1024w, https:\/\/cuernavaca.gob.mx\/wp-content\/uploads\/2022\/04\/Rehabilitacio\u0301n-de-la-cancha-Estacio\u0301n-14-300x200.jpg 300w, https:\/\/cuernavaca.gob.mx\/wp-content\/uploads\/2022\/04\/Rehabilitacio\u0301n-de-la-cancha-Estacio\u0301n-14-768x512.jpg 768w, https:\/\/cuernavaca.gob.mx\/wp-content\/uploads\/2022\/04\/Rehabilitacio\u0301n-de-la-cancha-Estacio\u0301n-14-1536x1024.jpg 1536w, https:\/\/cuernavaca.gob.mx\/wp-content\/uploads\/2022\/04\/Rehabilitacio\u0301n-de-la-cancha-Estacio\u0301n-14-600x400.jpg 600w, https:\/\/cuernavaca.gob.mx\/wp-content\/uploads\/2022\/04\/Rehabilitacio\u0301n-de-la-cancha-Estacio\u0301n-14-560x373.jpg 560w, https:\/\/cuernavaca.gob.mx\/wp-content\/uploads\/2022\/04\/Rehabilitacio\u0301n-de-la-cancha-Estacio\u0301n-14.jpg 1599w\" sizes=\"(max-width: 1024px) 100vw, 1024px\" \/><\/figure>\n<\/figure>\n","protected":false},"excerpt":{"rendered":"<p>La rehabilitaci\u00f3n de la cancha de usos m\u00faltiples forma parte del Programa de Mejoramiento 2021 encabezado por la SEDATU No solo se contar\u00e1n con actividades deportivas, sino tambi\u00e9n culturales, art\u00edsticas, recreativas, sociales y c\u00edvicas En coordinaci\u00f3n con el Gobierno Federal a trav\u00e9s de la Secretar\u00eda de Desarrollo Territorial y Urbano (SEDATU) en Morelos, el Gobierno [&hellip;]<\/p>\n","protected":false},"author":1,"featured_media":9419,"comment_status":"closed","ping_status":"closed","sticky":false,"template":"","format":"standard","meta":[],"categories":[314,20,18],"tags":[351,158,121,313,235,120],"aioseo_notices":[],"_links":{"self":[{"href":"https:\/\/cuernavaca.gob.mx\/index.php?rest_route=\/wp\/v2\/posts\/9406"}],"collection":[{"href":"https:\/\/cuernavaca.gob.mx\/index.php?rest_route=\/wp\/v2\/posts"}],"about":[{"href":"https:\/\/cuernavaca.gob.mx\/index.php?rest_route=\/wp\/v2\/types\/post"}],"author":[{"embeddable":true,"href":"https:\/\/cuernavaca.gob.mx\/index.php?rest_route=\/wp\/v2\/users\/1"}],"replies":[{"embeddable":true,"href":"https:\/\/cuernavaca.gob.mx\/index.php?rest_route=%2Fwp%2Fv2%2Fcomments&post=9406"}],"version-history":[{"count":2,"href":"https:\/\/cuernavaca.gob.mx\/index.php?rest_route=\/wp\/v2\/posts\/9406\/revisions"}],"predecessor-version":[{"id":9435,"href":"https:\/\/cuernavaca.gob.mx\/index.php?rest_route=\/wp\/v2\/posts\/9406\/revisions\/9435"}],"wp:featuredmedia":[{"embeddable":true,"href":"https:\/\/cuernavaca.gob.mx\/index.php?rest_route=\/wp\/v2\/media\/9419"}],"wp:attachment":[{"href":"https:\/\/cuernavaca.gob.mx\/index.php?rest_route=%2Fwp%2Fv2%2Fmedia&parent=9406"}],"wp:term":[{"taxonomy":"category","embeddable":true,"href":"https:\/\/cuernavaca.gob.mx\/index.php?rest_route=%2Fwp%2Fv2%2Fcategories&post=9406"},{"taxonomy":"post_tag","embeddable":true,"href":"https:\/\/cuernavaca.gob.mx\/index.php?rest_route=%2Fwp%2Fv2%2Ftags&post=9406"}],"curies":[{"name":"wp","href":"https:\/\/api.w.org\/{rel}","templated":true}]}}