{"id":9422,"date":"2022-04-13T12:00:00","date_gmt":"2022-04-13T12:00:00","guid":{"rendered":"http:\/\/cuernavaca.gob.mx\/?p=9422"},"modified":"2025-05-06T11:17:04","modified_gmt":"2025-05-06T17:17:04","slug":"en-cuernavaca-se-mantiene-por-disposicion-oficial-el-uso-obligatorio-de-cubrebocas-como-medida-preventiva-contra-covid-19","status":"publish","type":"post","link":"https:\/\/cuernavaca.gob.mx\/?p=9422","title":{"rendered":"En Cuernavaca se mantiene por disposici\u00f3n oficial el uso obligatorio de cubrebocas como medida preventiva contra COVID 19"},"content":{"rendered":"\n<p><strong>La determinaci\u00f3n est\u00e1 sustentada por los argumentos cient\u00edficos de los integrantes del Comit\u00e9 Municipal de Emergencias Sanitarias<\/strong><\/p>\n\n\n\n<p>Con base en las recomendaciones que las y los cient\u00edficos que forman parte del Comit\u00e9 Municipal de Emergencias Sanitarias (CMES) han emitido a las autoridades del Ayuntamiento de Cuernavaca, el uso de cubrebocas continuar\u00e1 siendo obligatorio y vigente en la capital morelense, incluso, despu\u00e9s de las vacaciones de Semana Santa, pues se\u00f1alaron que \u00e9ste ha demostrado ser la principal medida sanitaria para evitar contagio por el virus SARS-CoV-2 (coronavirus).<\/p>\n\n\n\n<p>De acuerdo con la titular de la Secretar\u00eda de Desarrollo Humano y Participaci\u00f3n Social e integrante del CMES, Laura Hern\u00e1ndez Cruz, aunque el n\u00famero de personas contagiadas, hospitalizadas y fallecidas ha disminuido en la capital, la decisi\u00f3n acerca del uso de cubrebocas ir\u00e1 de la mano con los acuerdos, disposiciones y recomendaciones de las y los investigadores que integran dicho comit\u00e9, quienes son especialistas de primer nivel en el pa\u00eds y el extranjero.<\/p>\n\n\n\n<p>La funcionaria municipal agreg\u00f3 que, a\u00fan durante color verde en el \u201cSem\u00e1foro epidemiol\u00f3gico\u201d, el protocolo de atenci\u00f3n a la emergencia sanitaria establece el uso obligatorio de dicho instrumento de protecci\u00f3n, aunado a la sana distancia y uso de gel antibacterial.<\/p>\n\n\n\n<p>\u201cLa recomendaci\u00f3n para todos los habitantes de Cuernavaca y las personas que visitan la ciudad es continuar usando cubrebocas para evitar contagiarse porque, como han expresado los cient\u00edficos del comit\u00e9, la vacuna protege contra casos graves por COVID, pero no evita contraerlo\u201d, expres\u00f3 Laura Hern\u00e1ndez.<\/p>\n\n\n\n<p>Respecto de la versi\u00f3n de que podr\u00eda ser cancelado el uso obligatorio de cubrebocas, tras las vacaciones de Semana Santa, puntualiz\u00f3 que en su momento los investigadores del CMES analizar\u00e1n las cifras de personas contagiadas, hospitalizadas y fallecidas en la entidad, principalmente en Cuernavaca, para emitir su posicionamiento, basado en evidencia cient\u00edfica, acerca de dicho tema.<\/p>\n\n\n\n<p>Finalmente, reiter\u00f3 que las y los ciudadanos deben de reforzar los h\u00e1bitos sanitarios que se han adquirido durante dos a\u00f1os de pandemia, principalmente el uso obligatorio de cubrebocas, no s\u00f3lo por el peligro que representa contagiarse de CoVID-19, tambi\u00e9n, porque permitir\u00e1 tener mejor salud contra esa y otras enfermedades.<\/p>\n\n\n\n<figure class=\"wp-container-2 wp-block-gallery-1 wp-block-gallery has-nested-images columns-default is-cropped\">\n<figure class=\"wp-block-image size-large\"><img loading=\"lazy\" width=\"1024\" height=\"682\" data-id=\"9425\"  src=\"https:\/\/cuernavaca.gob.mx\/wp-content\/uploads\/2022\/04\/Se-mantiene-uso-de-cubrebocas-01-1024x682.jpg\" alt=\"\" class=\"wp-image-9425\" srcset=\"https:\/\/cuernavaca.gob.mx\/wp-content\/uploads\/2022\/04\/Se-mantiene-uso-de-cubrebocas-01-1024x682.jpg 1024w, https:\/\/cuernavaca.gob.mx\/wp-content\/uploads\/2022\/04\/Se-mantiene-uso-de-cubrebocas-01-300x200.jpg 300w, https:\/\/cuernavaca.gob.mx\/wp-content\/uploads\/2022\/04\/Se-mantiene-uso-de-cubrebocas-01-768x512.jpg 768w, https:\/\/cuernavaca.gob.mx\/wp-content\/uploads\/2022\/04\/Se-mantiene-uso-de-cubrebocas-01-600x400.jpg 600w, https:\/\/cuernavaca.gob.mx\/wp-content\/uploads\/2022\/04\/Se-mantiene-uso-de-cubrebocas-01-560x373.jpg 560w, https:\/\/cuernavaca.gob.mx\/wp-content\/uploads\/2022\/04\/Se-mantiene-uso-de-cubrebocas-01.jpg 1280w\" sizes=\"(max-width: 1024px) 100vw, 1024px\" \/><\/figure>\n\n\n\n<figure class=\"wp-block-image size-large\"><img loading=\"lazy\" width=\"1024\" height=\"682\" data-id=\"9423\"  src=\"https:\/\/cuernavaca.gob.mx\/wp-content\/uploads\/2022\/04\/Se-mantiene-uso-de-cubrebocas-02-1024x682.jpg\" alt=\"\" class=\"wp-image-9423\" srcset=\"https:\/\/cuernavaca.gob.mx\/wp-content\/uploads\/2022\/04\/Se-mantiene-uso-de-cubrebocas-02-1024x682.jpg 1024w, https:\/\/cuernavaca.gob.mx\/wp-content\/uploads\/2022\/04\/Se-mantiene-uso-de-cubrebocas-02-300x200.jpg 300w, https:\/\/cuernavaca.gob.mx\/wp-content\/uploads\/2022\/04\/Se-mantiene-uso-de-cubrebocas-02-768x512.jpg 768w, https:\/\/cuernavaca.gob.mx\/wp-content\/uploads\/2022\/04\/Se-mantiene-uso-de-cubrebocas-02-600x400.jpg 600w, https:\/\/cuernavaca.gob.mx\/wp-content\/uploads\/2022\/04\/Se-mantiene-uso-de-cubrebocas-02-560x373.jpg 560w, https:\/\/cuernavaca.gob.mx\/wp-content\/uploads\/2022\/04\/Se-mantiene-uso-de-cubrebocas-02.jpg 1280w\" sizes=\"(max-width: 1024px) 100vw, 1024px\" \/><\/figure>\n\n\n\n<figure class=\"wp-block-image size-large\"><img loading=\"lazy\" width=\"1024\" height=\"682\" data-id=\"9424\"  src=\"https:\/\/cuernavaca.gob.mx\/wp-content\/uploads\/2022\/04\/Se-mantiene-uso-de-cubrebocas-03-1024x682.jpg\" alt=\"\" class=\"wp-image-9424\" srcset=\"https:\/\/cuernavaca.gob.mx\/wp-content\/uploads\/2022\/04\/Se-mantiene-uso-de-cubrebocas-03-1024x682.jpg 1024w, https:\/\/cuernavaca.gob.mx\/wp-content\/uploads\/2022\/04\/Se-mantiene-uso-de-cubrebocas-03-300x200.jpg 300w, https:\/\/cuernavaca.gob.mx\/wp-content\/uploads\/2022\/04\/Se-mantiene-uso-de-cubrebocas-03-768x512.jpg 768w, https:\/\/cuernavaca.gob.mx\/wp-content\/uploads\/2022\/04\/Se-mantiene-uso-de-cubrebocas-03-600x400.jpg 600w, https:\/\/cuernavaca.gob.mx\/wp-content\/uploads\/2022\/04\/Se-mantiene-uso-de-cubrebocas-03-560x373.jpg 560w, https:\/\/cuernavaca.gob.mx\/wp-content\/uploads\/2022\/04\/Se-mantiene-uso-de-cubrebocas-03.jpg 1280w\" sizes=\"(max-width: 1024px) 100vw, 1024px\" \/><\/figure>\n<\/figure>\n","protected":false},"excerpt":{"rendered":"<p>La determinaci\u00f3n est\u00e1 sustentada por los argumentos cient\u00edficos de los integrantes del Comit\u00e9 Municipal de Emergencias Sanitarias Con base en las recomendaciones que las y los cient\u00edficos que forman parte del Comit\u00e9 Municipal de Emergencias Sanitarias (CMES) han emitido a las autoridades del Ayuntamiento de Cuernavaca, el uso de cubrebocas continuar\u00e1 siendo obligatorio y vigente [&hellip;]<\/p>\n","protected":false},"author":1,"featured_media":9424,"comment_status":"closed","ping_status":"closed","sticky":false,"template":"","format":"standard","meta":[],"categories":[118,20],"tags":[353,167,354,121,352,120,355],"aioseo_notices":[],"_links":{"self":[{"href":"https:\/\/cuernavaca.gob.mx\/index.php?rest_route=\/wp\/v2\/posts\/9422"}],"collection":[{"href":"https:\/\/cuernavaca.gob.mx\/index.php?rest_route=\/wp\/v2\/posts"}],"about":[{"href":"https:\/\/cuernavaca.gob.mx\/index.php?rest_route=\/wp\/v2\/types\/post"}],"author":[{"embeddable":true,"href":"https:\/\/cuernavaca.gob.mx\/index.php?rest_route=\/wp\/v2\/users\/1"}],"replies":[{"embeddable":true,"href":"https:\/\/cuernavaca.gob.mx\/index.php?rest_route=%2Fwp%2Fv2%2Fcomments&post=9422"}],"version-history":[{"count":2,"href":"https:\/\/cuernavaca.gob.mx\/index.php?rest_route=\/wp\/v2\/posts\/9422\/revisions"}],"predecessor-version":[{"id":9434,"href":"https:\/\/cuernavaca.gob.mx\/index.php?rest_route=\/wp\/v2\/posts\/9422\/revisions\/9434"}],"wp:featuredmedia":[{"embeddable":true,"href":"https:\/\/cuernavaca.gob.mx\/index.php?rest_route=\/wp\/v2\/media\/9424"}],"wp:attachment":[{"href":"https:\/\/cuernavaca.gob.mx\/index.php?rest_route=%2Fwp%2Fv2%2Fmedia&parent=9422"}],"wp:term":[{"taxonomy":"category","embeddable":true,"href":"https:\/\/cuernavaca.gob.mx\/index.php?rest_route=%2Fwp%2Fv2%2Fcategories&post=9422"},{"taxonomy":"post_tag","embeddable":true,"href":"https:\/\/cuernavaca.gob.mx\/index.php?rest_route=%2Fwp%2Fv2%2Ftags&post=9422"}],"curies":[{"name":"wp","href":"https:\/\/api.w.org\/{rel}","templated":true}]}}