{"id":9437,"date":"2022-04-22T12:00:00","date_gmt":"2022-04-22T12:00:00","guid":{"rendered":"http:\/\/cuernavaca.gob.mx\/?p=9437"},"modified":"2025-05-06T11:17:29","modified_gmt":"2025-05-06T17:17:29","slug":"firma-ayuntamiento-de-cuernavaca-y-grupo-cetec-convenio-a-favor-de-los-trabajadores-municipales","status":"publish","type":"post","link":"https:\/\/cuernavaca.gob.mx\/?p=9437","title":{"rendered":"Firma ayuntamiento de Cuernavaca y grupo CETEC convenio a favor de los trabajadores municipales"},"content":{"rendered":"\n<p><strong>El convenio incluye el 50 por ciento en inscripci\u00f3n y el 25 por ciento en colegiaturas de manera directa para las diversas ofertas educativas<\/strong><\/p>\n\n\n\n<p>Con el fin de impulsar la capacitaci\u00f3n constante y ofrecer un mejor servicio en la funci\u00f3n p\u00fablica, el Gobierno Municipal de Cuernavaca y Grupo CETEC firmaron un convenio de colaboraci\u00f3n para que los empleados municipales y sus familiares directos reciban descuentos en cada uno de sus servicios, desde bachillerato hasta licenciaturas, carreras t\u00e9cnicas, cursos de idiomas y clases de computaci\u00f3n.<\/p>\n\n\n\n<p>Tras reconocer la labor social que ha ejercido la instituci\u00f3n educativa desde hace algunos a\u00f1os en el estado y la ciudad, el presidente municipal de Cuernavaca, Jos\u00e9 Luis Uri\u00f3stegui Salgado, explic\u00f3 que \u00e9ste convenio de becas y descuentos beneficiar\u00e1 a las y los trabajadores de la administraci\u00f3n municipal, dot\u00e1ndoles de mayor capacitaci\u00f3n, conocimientos y aptitudes para el desempe\u00f1o del trabajo dentro del ayuntamiento, pero tambi\u00e9n en sus propias casas y escuelas, en caso de que sigan estudiando.<\/p>\n\n\n\n<p>\u201cEste convenio le dar\u00e1 a la gente la oportunidad de seguir estudiando otras cosas para fortalecer intelectual y an\u00edmicamente lo que ya tienen\u201d, puntualiz\u00f3.<\/p>\n\n\n\n<p>Al respecto, la s\u00edndica municipal, Ver\u00f3nica Atenco P\u00e9rez, afirm\u00f3 que este tipo de convenios fortalecer\u00e1n la productividad en las actividades del municipio, contando con trabajadoras y trabajadores m\u00e1s capacitados.<\/p>\n\n\n\n<p>El convenio con Grupo CETEC incluye el 50 por ciento en inscripci\u00f3n y el 25 por ciento en colegiaturas de manera directa para las diversas ofertas educativas que imparten desde bachillerato, licenciaturas cursos de idiomas y hasta computaci\u00f3n a trabajadores del ayuntamiento y sus familiares directos; adem\u00e1s de que ofrecer\u00e1n a los elementos policiacos 10 becas de ingl\u00e9s y 10 becas de c\u00f3mputo adicionales.<\/p>\n\n\n\n<p>CETEC brinda estudios en \u00e1reas de c\u00f3mputo, idiomas, preparatoria y licenciaturas, sus diversas materias parten desde mantenimiento de equipo de c\u00f3mputo, reparaci\u00f3n de celulares, estilismo profesional, dise\u00f1o de modas hasta energ\u00edas renovables.<\/p>\n\n\n\n<p>El presidente de Grupo CETEC, Ladislao Huesca Ochoa, celebr\u00f3 con j\u00fabilo que una vez m\u00e1s se tenga la posibilidad de sumar esfuerzos y contribuir en la capacitaci\u00f3n, profesionalizaci\u00f3n, desarrollo y crecimiento particular de los colaboradores del ayuntamiento y hacerlo incluso extensivo a sus familiares directos en las diversas especialidades que ofertan, lo que ha permitido al paso tiempo impulsar y contribuir en el \u00e1mbito acad\u00e9mico de la juventud y los morelenses.<\/p>\n\n\n\n<p>En la firma del convenio estuvieron presentes el director operativo del Grupo Cetec, Hern\u00e1n Huesca Sarabia; la directora de proyectos del Grupo CETEC, Diana Perla Herrera Bravo; el asesor empresarial de Grupo CETEC, Jos\u00e9 Antonio R\u00edos; el secretario del Ayuntamiento, Carlos de la Rosa Segura; y el secretario de Administraci\u00f3n municipal, Israel Y\u00fadico Herrera.<\/p>\n\n\n\n<figure class=\"wp-container-2 wp-block-gallery-1 wp-block-gallery has-nested-images columns-default is-cropped\">\n<figure class=\"wp-block-image size-large\"><img loading=\"lazy\" width=\"1024\" height=\"682\" data-id=\"9445\"  src=\"https:\/\/cuernavaca.gob.mx\/wp-content\/uploads\/2022\/04\/Convenio-CETEC-01.jpg\" alt=\"\" class=\"wp-image-9445\" srcset=\"https:\/\/cuernavaca.gob.mx\/wp-content\/uploads\/2022\/04\/Convenio-CETEC-01.jpg 1024w, https:\/\/cuernavaca.gob.mx\/wp-content\/uploads\/2022\/04\/Convenio-CETEC-01-300x200.jpg 300w, https:\/\/cuernavaca.gob.mx\/wp-content\/uploads\/2022\/04\/Convenio-CETEC-01-768x512.jpg 768w, https:\/\/cuernavaca.gob.mx\/wp-content\/uploads\/2022\/04\/Convenio-CETEC-01-600x400.jpg 600w, https:\/\/cuernavaca.gob.mx\/wp-content\/uploads\/2022\/04\/Convenio-CETEC-01-560x373.jpg 560w\" sizes=\"(max-width: 1024px) 100vw, 1024px\" \/><\/figure>\n\n\n\n<figure class=\"wp-block-image size-large\"><img loading=\"lazy\" width=\"1024\" height=\"683\" data-id=\"9446\"  src=\"https:\/\/cuernavaca.gob.mx\/wp-content\/uploads\/2022\/04\/Convenio-CETEC-02.jpg\" alt=\"\" class=\"wp-image-9446\" srcset=\"https:\/\/cuernavaca.gob.mx\/wp-content\/uploads\/2022\/04\/Convenio-CETEC-02.jpg 1024w, https:\/\/cuernavaca.gob.mx\/wp-content\/uploads\/2022\/04\/Convenio-CETEC-02-300x200.jpg 300w, https:\/\/cuernavaca.gob.mx\/wp-content\/uploads\/2022\/04\/Convenio-CETEC-02-768x512.jpg 768w, https:\/\/cuernavaca.gob.mx\/wp-content\/uploads\/2022\/04\/Convenio-CETEC-02-600x400.jpg 600w, https:\/\/cuernavaca.gob.mx\/wp-content\/uploads\/2022\/04\/Convenio-CETEC-02-560x374.jpg 560w\" sizes=\"(max-width: 1024px) 100vw, 1024px\" \/><\/figure>\n\n\n\n<figure class=\"wp-block-image size-large\"><img loading=\"lazy\" width=\"1024\" height=\"682\" data-id=\"9447\"  src=\"https:\/\/cuernavaca.gob.mx\/wp-content\/uploads\/2022\/04\/Convenio-CETEC-03.jpg\" alt=\"\" class=\"wp-image-9447\" srcset=\"https:\/\/cuernavaca.gob.mx\/wp-content\/uploads\/2022\/04\/Convenio-CETEC-03.jpg 1024w, https:\/\/cuernavaca.gob.mx\/wp-content\/uploads\/2022\/04\/Convenio-CETEC-03-300x200.jpg 300w, https:\/\/cuernavaca.gob.mx\/wp-content\/uploads\/2022\/04\/Convenio-CETEC-03-768x512.jpg 768w, https:\/\/cuernavaca.gob.mx\/wp-content\/uploads\/2022\/04\/Convenio-CETEC-03-600x400.jpg 600w, https:\/\/cuernavaca.gob.mx\/wp-content\/uploads\/2022\/04\/Convenio-CETEC-03-560x373.jpg 560w\" sizes=\"(max-width: 1024px) 100vw, 1024px\" \/><\/figure>\n\n\n\n<figure class=\"wp-block-image size-large\"><img loading=\"lazy\" width=\"1024\" height=\"682\" data-id=\"9444\"  src=\"https:\/\/cuernavaca.gob.mx\/wp-content\/uploads\/2022\/04\/Convenio-CETEC-04.jpg\" alt=\"\" class=\"wp-image-9444\" srcset=\"https:\/\/cuernavaca.gob.mx\/wp-content\/uploads\/2022\/04\/Convenio-CETEC-04.jpg 1024w, https:\/\/cuernavaca.gob.mx\/wp-content\/uploads\/2022\/04\/Convenio-CETEC-04-300x200.jpg 300w, https:\/\/cuernavaca.gob.mx\/wp-content\/uploads\/2022\/04\/Convenio-CETEC-04-768x512.jpg 768w, https:\/\/cuernavaca.gob.mx\/wp-content\/uploads\/2022\/04\/Convenio-CETEC-04-600x400.jpg 600w, https:\/\/cuernavaca.gob.mx\/wp-content\/uploads\/2022\/04\/Convenio-CETEC-04-560x373.jpg 560w\" sizes=\"(max-width: 1024px) 100vw, 1024px\" \/><\/figure>\n\n\n\n<figure class=\"wp-block-image size-large\"><img loading=\"lazy\" width=\"1024\" height=\"682\" data-id=\"9448\"  src=\"https:\/\/cuernavaca.gob.mx\/wp-content\/uploads\/2022\/04\/Convenio-CETEC-05.jpg\" alt=\"\" class=\"wp-image-9448\" srcset=\"https:\/\/cuernavaca.gob.mx\/wp-content\/uploads\/2022\/04\/Convenio-CETEC-05.jpg 1024w, https:\/\/cuernavaca.gob.mx\/wp-content\/uploads\/2022\/04\/Convenio-CETEC-05-300x200.jpg 300w, https:\/\/cuernavaca.gob.mx\/wp-content\/uploads\/2022\/04\/Convenio-CETEC-05-768x512.jpg 768w, https:\/\/cuernavaca.gob.mx\/wp-content\/uploads\/2022\/04\/Convenio-CETEC-05-600x400.jpg 600w, https:\/\/cuernavaca.gob.mx\/wp-content\/uploads\/2022\/04\/Convenio-CETEC-05-560x373.jpg 560w\" sizes=\"(max-width: 1024px) 100vw, 1024px\" \/><\/figure>\n\n\n\n<figure class=\"wp-block-image size-large\"><img loading=\"lazy\" width=\"1024\" height=\"682\" data-id=\"9449\"  src=\"https:\/\/cuernavaca.gob.mx\/wp-content\/uploads\/2022\/04\/Convenio-CETEC-06.jpg\" alt=\"\" class=\"wp-image-9449\" srcset=\"https:\/\/cuernavaca.gob.mx\/wp-content\/uploads\/2022\/04\/Convenio-CETEC-06.jpg 1024w, https:\/\/cuernavaca.gob.mx\/wp-content\/uploads\/2022\/04\/Convenio-CETEC-06-300x200.jpg 300w, https:\/\/cuernavaca.gob.mx\/wp-content\/uploads\/2022\/04\/Convenio-CETEC-06-768x512.jpg 768w, https:\/\/cuernavaca.gob.mx\/wp-content\/uploads\/2022\/04\/Convenio-CETEC-06-600x400.jpg 600w, https:\/\/cuernavaca.gob.mx\/wp-content\/uploads\/2022\/04\/Convenio-CETEC-06-560x373.jpg 560w\" sizes=\"(max-width: 1024px) 100vw, 1024px\" \/><\/figure>\n<\/figure>\n","protected":false},"excerpt":{"rendered":"<p>El convenio incluye el 50 por ciento en inscripci\u00f3n y el 25 por ciento en colegiaturas de manera directa para las diversas ofertas educativas Con el fin de impulsar la capacitaci\u00f3n constante y ofrecer un mejor servicio en la funci\u00f3n p\u00fablica, el Gobierno Municipal de Cuernavaca y Grupo CETEC firmaron un convenio de colaboraci\u00f3n para [&hellip;]<\/p>\n","protected":false},"author":1,"featured_media":9449,"comment_status":"closed","ping_status":"closed","sticky":false,"template":"","format":"standard","meta":[],"categories":[20],"tags":[200,362,121,227,364,215,120,161],"aioseo_notices":[],"_links":{"self":[{"href":"https:\/\/cuernavaca.gob.mx\/index.php?rest_route=\/wp\/v2\/posts\/9437"}],"collection":[{"href":"https:\/\/cuernavaca.gob.mx\/index.php?rest_route=\/wp\/v2\/posts"}],"about":[{"href":"https:\/\/cuernavaca.gob.mx\/index.php?rest_route=\/wp\/v2\/types\/post"}],"author":[{"embeddable":true,"href":"https:\/\/cuernavaca.gob.mx\/index.php?rest_route=\/wp\/v2\/users\/1"}],"replies":[{"embeddable":true,"href":"https:\/\/cuernavaca.gob.mx\/index.php?rest_route=%2Fwp%2Fv2%2Fcomments&post=9437"}],"version-history":[{"count":3,"href":"https:\/\/cuernavaca.gob.mx\/index.php?rest_route=\/wp\/v2\/posts\/9437\/revisions"}],"predecessor-version":[{"id":9450,"href":"https:\/\/cuernavaca.gob.mx\/index.php?rest_route=\/wp\/v2\/posts\/9437\/revisions\/9450"}],"wp:featuredmedia":[{"embeddable":true,"href":"https:\/\/cuernavaca.gob.mx\/index.php?rest_route=\/wp\/v2\/media\/9449"}],"wp:attachment":[{"href":"https:\/\/cuernavaca.gob.mx\/index.php?rest_route=%2Fwp%2Fv2%2Fmedia&parent=9437"}],"wp:term":[{"taxonomy":"category","embeddable":true,"href":"https:\/\/cuernavaca.gob.mx\/index.php?rest_route=%2Fwp%2Fv2%2Fcategories&post=9437"},{"taxonomy":"post_tag","embeddable":true,"href":"https:\/\/cuernavaca.gob.mx\/index.php?rest_route=%2Fwp%2Fv2%2Ftags&post=9437"}],"curies":[{"name":"wp","href":"https:\/\/api.w.org\/{rel}","templated":true}]}}