{"id":9451,"date":"2022-04-14T12:00:00","date_gmt":"2022-04-14T12:00:00","guid":{"rendered":"http:\/\/cuernavaca.gob.mx\/?p=9451"},"modified":"2025-05-06T11:17:04","modified_gmt":"2025-05-06T17:17:04","slug":"en-los-primeros-100-dias-de-administracion-cuernavaca-renace","status":"publish","type":"post","link":"https:\/\/cuernavaca.gob.mx\/?p=9451","title":{"rendered":"En los primeros 100 d\u00edas de administraci\u00f3n, Cuernavaca Renace"},"content":{"rendered":"\n<p><strong>Jos\u00e9 Luis Uri\u00f3stegui Salgado, present\u00f3 un informe sobre las actividades y acciones que se han logrado en este periodo<\/strong><\/p>\n\n\n\n<p><strong>Porque la presidencia municipal tambi\u00e9n trabaja, reitera<\/strong><\/p>\n\n\n\n<p>Como un ejercicio democr\u00e1tico y de informaci\u00f3n hacia la poblaci\u00f3n cuernavacense, el presidente municipal de Cuernavaca, Jos\u00e9 Luis Uri\u00f3stegui Salgado, rindi\u00f3 este jueves un informe de actividades y resultados a 100 d\u00edas de tomar las riendas de la capital del estado, &#8220;porque la presidencia municipal tambi\u00e9n trabaja&#8221;.<\/p>\n\n\n\n<p>En su mensaje, el alcalde dio a conocer los resultados obtenidos desde el 01 de enero de 2022 cuando dio inicio su administraci\u00f3n, destacando grandes avances en tan solo tres meses, como la propuesta de asumir directa y plenamente el mando de la polic\u00eda, realizando actividades tendientes a fortalecer la corporaci\u00f3n, implementando estrategias y operativos de prevenci\u00f3n que gradualmente mejoren la prevenci\u00f3n del delito mediante la disuasi\u00f3n, inhibici\u00f3n y sanci\u00f3n.<\/p>\n\n\n\n<p>Refiri\u00f3 que entre los apoyos que ha obtenido la actual administraci\u00f3n municipal se encuentra el otorgado por la Oficina Coordinadora de Riesgos Asegurados (OCRA), por conducto de su director general, Mario Crosswell Arenas, quien aport\u00f3 un veh\u00edculo con radares lectores que porta una base de datos de autom\u00f3viles reportados como robados en todo el pa\u00eds, lo que ha posicionado a Cuernavaca en el primer lugar a nivel nacional en la recuperaci\u00f3n de veh\u00edculos robados, espec\u00edficamente m\u00e1s de 80.<\/p>\n\n\n\n<p>Como parte de una planeaci\u00f3n integral del desarrollo del ayuntamiento y del propio municipio y su poblaci\u00f3n, destac\u00f3 que el Cabildo de Cuernavaca aprob\u00f3 el Reglamento de la Administraci\u00f3n P\u00fablica en el que se incorporaron nuevas unidades administrativas que dan profundidad y proyecci\u00f3n a largo plazo del desarrollo municipal.<\/p>\n\n\n\n<p>En este sentido, indic\u00f3 el Instituto Municipal de Planeaci\u00f3n, la Fiscal\u00eda Ambiental, la Direcci\u00f3n de Capacitaci\u00f3n, la Jefatura de Departamento de Diversidad Sexual, las Contralor\u00edas Internas de cada dependencia y el traslado de la Unidad de Transparencia a la Contralor\u00eda Municipal mejoran la participaci\u00f3n en el cuidado del medio ambiente, la preparaci\u00f3n de los servidores p\u00fablicos y sus colaboradores, la prevenci\u00f3n de conductas indebidas o il\u00edcitas, as\u00ed como el respeto a los derechos humanos de inclusi\u00f3n.<\/p>\n\n\n\n<p>Ante representantes del Poder Ejecutivo y Judicial, presidentes de partidos pol\u00edticos y organizaciones civiles e instituciones educativas, el mun\u00edcipe Jos\u00e9 Luis Uri\u00f3stegui, se\u00f1al\u00f3 que la actual administraci\u00f3n ha elaborado ya el Plan Municipal de Desarrollo, mismo que fue aprobado por el cuerpo edilicio y que sienta las bases de desarrollo para una planeaci\u00f3n a largo plazo como las grandes ciudades del pa\u00eds, que han demostrado que tiene qu\u00e9 hacerse y dan resultados.<\/p>\n\n\n\n<p>Con la participaci\u00f3n de servidores p\u00fablicos y representantes de Colegios de Profesionales y Notarios, el Gobierno de Cuernavaca integr\u00f3 la Junta Local Catastral que ten\u00eda m\u00e1s de cinco a\u00f1os de no convocarse y que estableci\u00f3 junto con la Direcci\u00f3n de Catastro e Impuesto Predial la creaci\u00f3n de 47 nuevas regiones catastrales incorporando zonas urbanizadas que no estaban contempladas y separando zonas con potencial econ\u00f3mico m\u00e1s alto a las de menor capacidad econ\u00f3mica.<\/p>\n\n\n\n<p>Aunado a ello y ante la necesidad de que la ciudad crezca progresiva e integralmente, el edil explic\u00f3 que se elabor\u00f3 el an\u00e1lisis y validaci\u00f3n de la actualizaci\u00f3n a las Tablas de Valores de Construcci\u00f3n y Predial, mismas que fueron aprobadas por el Cabildo y que no representan un incremento en el Impuesto Predial.<\/p>\n\n\n\n<p>&#8220;De lo recaudado por el impuesto Predial, la gente de cada zona catastral podr\u00e1 participar y decidir en qu\u00e9 obras y servicios son prioridad en su comunidad&#8221;, afirm\u00f3.<\/p>\n\n\n\n<p>Dando muestra de la transparencia y cumplimiento de la ley, Uri\u00f3stegui Salgado, destac\u00f3 que todas las sesiones de Cabildo se han efectuado de manera abierta y transmiti\u00e9ndose por internet a toda la poblaci\u00f3n, quienes tienen la libertad y el acceso de conocer los puntos de acuerdo y debates aprobados por el cuerpo edilicio.<\/p>\n\n\n\n<p>Con el prop\u00f3sito de implementar un programa de regularizaci\u00f3n de la tenencia de la tierra en n\u00facleos agrarios urbanizados que permita a los posesionarios de predios y construcciones obtener un contrato o escritura p\u00fablica inscrita en el Registro P\u00fablico de la Propiedad y se les otorgue certeza jur\u00eddica, el Ayuntamiento de Cuernavaca instaur\u00f3 una mesa de trabajo con los titulares del Instituto Nacional de Suelo Sustentable en Morelos, de la Procuradur\u00eda Agraria en Morelos, la representaci\u00f3n en Morelos de la Secretar\u00eda de Desarrollo Agrario, Territorial y Urbano; la Consejer\u00eda Jur\u00eddica del Gobierno del Estado, la Secretar\u00eda de Gobierno del Estado, la Consejer\u00eda Jur\u00eddica del municipio y la presidencia municipal.<\/p>\n\n\n\n<p>En tan solo 100 d\u00edas, el Gobierno Municipal estableci\u00f3 un grupo de trabajo interinstitucional para dar continuidad a los trabajos iniciados hace 10 a\u00f1os que permitan obtener la Declaratoria de Centro Hist\u00f3rico de Cuernavaca por parte del presidente de la Rep\u00fablica conformado por los directores del Instituto de Antropolog\u00eda e Historia en Morelos, la Facultad de Arquitectura y Turismo de la Universidad Aut\u00f3noma del Estado de Morelos (UAEM), el director de Catastro e Impuesto Predial y el presidente municipal.<\/p>\n\n\n\n<p>Uri\u00f3stegui Salgado precis\u00f3 que durante este lapso se han instalado diversos Consejos, Comit\u00e9s y subcomit\u00e9s que cuentan con la participaci\u00f3n ciudadana y coadyuvan con la administraci\u00f3n municipal a dar rumbo claro a las decisiones m\u00e1s trascendentes que afectan el desarrollo de la ciudad y a sus habitantes, entre los que destacan: el Consejo de la Cultura y las Artes, el Consejo Municipal de Seguridad P\u00fablica, el Comit\u00e9 Municipal para Prevenir, Atender, Sancionar y Erradicar la Violencia contra las Mujeres (PASEMUN), el subcomit\u00e9 de Obra P\u00fablica y se encuentra en proceso la integraci\u00f3n del Consejo de Cronistas.<\/p>\n\n\n\n<p>Al adherirse en este trienio a la presidencia municipal, exclam\u00f3 que el Instituto de la Mujer trabaja en la promoci\u00f3n de pol\u00edticas con perspectiva de g\u00e9nero, impulsando un trabajo transversal e integral en la prevenci\u00f3n y atenci\u00f3n de la violencia de g\u00e9nero, as\u00ed como con colectivas y organizaciones de la sociedad civil y se conform\u00f3 el grupo de Alerta de Violencia de G\u00e9nero (AVG), creando protocolos de atenci\u00f3n interna y de referencia para evitar la revictimizaci\u00f3n.<\/p>\n\n\n\n<p>El Instituto de la Mujer trabaja en la visibilizaci\u00f3n y alcances de la AVG, tema prioritario para la administraci\u00f3n, por lo que se vinculan programas de empoderamiento y resiliencia activa, creando a la par el \u00e1rea de masculinidades para trabajar con los hombres y ni\u00f1os.<\/p>\n\n\n\n<p>La actual administraci\u00f3n de Cuernavaca ha implementado l\u00edneas estrat\u00e9gicas transversales de prevenci\u00f3n del delito, por lo que la Secretar\u00eda de Protecci\u00f3n y Auxilio Ciudadano (SEPRAC), el Instituto de la Mujer y el Secretariado Ejecutivo del Consejo Municipal de Seguridad P\u00fablica coordinan esfuerzos para ejecutar programas y acciones que disminuyan de manera gradual la violencia de g\u00e9nero, los feminicidios y todo tipo de il\u00edcitos.<\/p>\n\n\n\n<p>El alcalde Jos\u00e9 Luis Uri\u00f3stegui Salgado detall\u00f3 que en coordinaci\u00f3n con los enlaces de todas las \u00e1reas del ayuntamiento se da respuesta a las preguntas; sugerencias y quejas ciudadanas que se hacen a trav\u00e9s de las redes sociales del Gobierno Municipal, que ha tenido alcances en las publicaciones de 700 mil usuarios, aumentando durante este periodo un 550 por ciento.<\/p>\n\n\n\n<p>La presidencia municipal ha acudido a 120 reuniones de trabajo con integrantes del Cabildo, Gabinete, con los Consejos, Comit\u00e9s y Comisiones Municipales, as\u00ed como con servidores p\u00fablicos de otros \u00f3rdenes de gobierno.<\/p>\n\n\n\n<p>Como una menci\u00f3n especial, el municipio de Cuernavaca se ha integrado en la Asociaci\u00f3n Civil denominada &#8220;Ciudades Capitales&#8221; que actualmente se constituye por 22 alcaldes y alcaldesas de ese n\u00famero de capitales de entidades federativas, cuyo objetivo primordial es compartir conocimientos, experiencias, pr\u00e1cticas, programas y capacitaci\u00f3n que disminuya la curva de aprendizaje y la erogaci\u00f3n en la adquisici\u00f3n de tecnolog\u00eda.<\/p>\n\n\n\n<p>Fomentando el intercambio de experiencias, fortalecimiento de pol\u00edticas p\u00fablicas humanistas y el fortalecimiento de gobiernos exitosos, el alcalde Jos\u00e9 Luis Uri\u00f3stegui, fue designado como vicepresidente nacional de la Asociaci\u00f3n Nacional de Alcaldes (ANAC).<\/p>\n\n\n\n<p>En 100 d\u00edas en Cuernavaca se han desarrollado diversas actividades que est\u00e1n a la vista de la poblaci\u00f3n, desde obras de bacheo, limpieza de v\u00edas p\u00fablicas, rescate de espacios p\u00fablicos como parques y jardines, m\u00f3dulos de seguridad, poda de \u00e1rboles, reparaci\u00f3n de fugas de agua potable, entre otros, generando una mayor presencia policial en el territorio municipal, participando en actividades comunitarias y se ha logrado recuperar la confianza de muchas personas que hoy est\u00e1n participando en apoyo del ayuntamiento aportando recursos econ\u00f3micos para la reparaci\u00f3n de patrullas, donaci\u00f3n de drones, bicicletas, computadoras, impresoras, escritorios, entre muchos m\u00e1s.<\/p>\n\n\n\n<p>Avivando el sentido de comunidad y corresponsabilidad, en solo tres meses se ha logrado una mayor recaudaci\u00f3n del impuesto predial y servicios municipales con relaci\u00f3n al a\u00f1o anterior.<\/p>\n\n\n\n<p>&#8220;El compromiso que une al Cabildo es lograr que Cuernavaca renazca y que cada acci\u00f3n y pol\u00edtica p\u00fablica incida en el mejoramiento de la calidad de vida de las personas&#8221;, concluy\u00f3 el presidente municipal de Cuernavaca no sin antes agradecer a todos los presentes por su apoyo y confianza en el Gobierno de la ciudad.<\/p>\n\n\n\n<figure class=\"wp-container-2 wp-block-gallery-1 wp-block-gallery has-nested-images columns-default is-cropped\">\n<figure class=\"wp-block-image size-large\"><img loading=\"lazy\" width=\"1024\" height=\"682\" data-id=\"9452\"  src=\"https:\/\/cuernavaca.gob.mx\/wp-content\/uploads\/2022\/04\/100-di\u0301as-en-Cuernavaca-01-1024x682.jpg\" alt=\"\" class=\"wp-image-9452\" srcset=\"https:\/\/cuernavaca.gob.mx\/wp-content\/uploads\/2022\/04\/100-di\u0301as-en-Cuernavaca-01-1024x682.jpg 1024w, https:\/\/cuernavaca.gob.mx\/wp-content\/uploads\/2022\/04\/100-di\u0301as-en-Cuernavaca-01-300x200.jpg 300w, https:\/\/cuernavaca.gob.mx\/wp-content\/uploads\/2022\/04\/100-di\u0301as-en-Cuernavaca-01-768x512.jpg 768w, https:\/\/cuernavaca.gob.mx\/wp-content\/uploads\/2022\/04\/100-di\u0301as-en-Cuernavaca-01-600x400.jpg 600w, https:\/\/cuernavaca.gob.mx\/wp-content\/uploads\/2022\/04\/100-di\u0301as-en-Cuernavaca-01-560x373.jpg 560w, https:\/\/cuernavaca.gob.mx\/wp-content\/uploads\/2022\/04\/100-di\u0301as-en-Cuernavaca-01.jpg 1280w\" sizes=\"(max-width: 1024px) 100vw, 1024px\" \/><\/figure>\n\n\n\n<figure class=\"wp-block-image size-large\"><img loading=\"lazy\" width=\"1024\" height=\"682\" data-id=\"9453\"  src=\"https:\/\/cuernavaca.gob.mx\/wp-content\/uploads\/2022\/04\/100-di\u0301as-en-Cuernavaca-02-1024x682.jpg\" alt=\"\" class=\"wp-image-9453\" srcset=\"https:\/\/cuernavaca.gob.mx\/wp-content\/uploads\/2022\/04\/100-di\u0301as-en-Cuernavaca-02-1024x682.jpg 1024w, https:\/\/cuernavaca.gob.mx\/wp-content\/uploads\/2022\/04\/100-di\u0301as-en-Cuernavaca-02-300x200.jpg 300w, https:\/\/cuernavaca.gob.mx\/wp-content\/uploads\/2022\/04\/100-di\u0301as-en-Cuernavaca-02-768x512.jpg 768w, https:\/\/cuernavaca.gob.mx\/wp-content\/uploads\/2022\/04\/100-di\u0301as-en-Cuernavaca-02-600x400.jpg 600w, https:\/\/cuernavaca.gob.mx\/wp-content\/uploads\/2022\/04\/100-di\u0301as-en-Cuernavaca-02-560x373.jpg 560w, https:\/\/cuernavaca.gob.mx\/wp-content\/uploads\/2022\/04\/100-di\u0301as-en-Cuernavaca-02.jpg 1280w\" sizes=\"(max-width: 1024px) 100vw, 1024px\" \/><\/figure>\n\n\n\n<figure class=\"wp-block-image size-large\"><img loading=\"lazy\" width=\"1024\" height=\"683\" data-id=\"9454\"  src=\"https:\/\/cuernavaca.gob.mx\/wp-content\/uploads\/2022\/04\/100-di\u0301as-en-Cuernavaca-03-1024x683.jpg\" alt=\"\" class=\"wp-image-9454\" srcset=\"https:\/\/cuernavaca.gob.mx\/wp-content\/uploads\/2022\/04\/100-di\u0301as-en-Cuernavaca-03-1024x683.jpg 1024w, https:\/\/cuernavaca.gob.mx\/wp-content\/uploads\/2022\/04\/100-di\u0301as-en-Cuernavaca-03-300x200.jpg 300w, https:\/\/cuernavaca.gob.mx\/wp-content\/uploads\/2022\/04\/100-di\u0301as-en-Cuernavaca-03-768x512.jpg 768w, https:\/\/cuernavaca.gob.mx\/wp-content\/uploads\/2022\/04\/100-di\u0301as-en-Cuernavaca-03-600x400.jpg 600w, https:\/\/cuernavaca.gob.mx\/wp-content\/uploads\/2022\/04\/100-di\u0301as-en-Cuernavaca-03-560x374.jpg 560w, https:\/\/cuernavaca.gob.mx\/wp-content\/uploads\/2022\/04\/100-di\u0301as-en-Cuernavaca-03.jpg 1280w\" sizes=\"(max-width: 1024px) 100vw, 1024px\" \/><\/figure>\n\n\n\n<figure class=\"wp-block-image size-large\"><img loading=\"lazy\" width=\"1024\" height=\"682\" data-id=\"9457\"  src=\"https:\/\/cuernavaca.gob.mx\/wp-content\/uploads\/2022\/04\/100-di\u0301as-en-Cuernavaca-04-1024x682.jpg\" alt=\"\" class=\"wp-image-9457\" srcset=\"https:\/\/cuernavaca.gob.mx\/wp-content\/uploads\/2022\/04\/100-di\u0301as-en-Cuernavaca-04-1024x682.jpg 1024w, https:\/\/cuernavaca.gob.mx\/wp-content\/uploads\/2022\/04\/100-di\u0301as-en-Cuernavaca-04-300x200.jpg 300w, https:\/\/cuernavaca.gob.mx\/wp-content\/uploads\/2022\/04\/100-di\u0301as-en-Cuernavaca-04-768x512.jpg 768w, https:\/\/cuernavaca.gob.mx\/wp-content\/uploads\/2022\/04\/100-di\u0301as-en-Cuernavaca-04-600x400.jpg 600w, https:\/\/cuernavaca.gob.mx\/wp-content\/uploads\/2022\/04\/100-di\u0301as-en-Cuernavaca-04-560x373.jpg 560w, https:\/\/cuernavaca.gob.mx\/wp-content\/uploads\/2022\/04\/100-di\u0301as-en-Cuernavaca-04.jpg 1280w\" sizes=\"(max-width: 1024px) 100vw, 1024px\" \/><\/figure>\n\n\n\n<figure class=\"wp-block-image size-large\"><img loading=\"lazy\" width=\"1024\" height=\"683\" data-id=\"9456\"  src=\"https:\/\/cuernavaca.gob.mx\/wp-content\/uploads\/2022\/04\/100-di\u0301as-en-Cuernavaca-05-1024x683.jpg\" alt=\"\" class=\"wp-image-9456\" srcset=\"https:\/\/cuernavaca.gob.mx\/wp-content\/uploads\/2022\/04\/100-di\u0301as-en-Cuernavaca-05-1024x683.jpg 1024w, https:\/\/cuernavaca.gob.mx\/wp-content\/uploads\/2022\/04\/100-di\u0301as-en-Cuernavaca-05-300x200.jpg 300w, https:\/\/cuernavaca.gob.mx\/wp-content\/uploads\/2022\/04\/100-di\u0301as-en-Cuernavaca-05-768x512.jpg 768w, https:\/\/cuernavaca.gob.mx\/wp-content\/uploads\/2022\/04\/100-di\u0301as-en-Cuernavaca-05-600x400.jpg 600w, https:\/\/cuernavaca.gob.mx\/wp-content\/uploads\/2022\/04\/100-di\u0301as-en-Cuernavaca-05-560x374.jpg 560w, https:\/\/cuernavaca.gob.mx\/wp-content\/uploads\/2022\/04\/100-di\u0301as-en-Cuernavaca-05.jpg 1280w\" sizes=\"(max-width: 1024px) 100vw, 1024px\" \/><\/figure>\n\n\n\n<figure class=\"wp-block-image size-large\"><img loading=\"lazy\" width=\"1024\" height=\"683\" data-id=\"9455\"  src=\"https:\/\/cuernavaca.gob.mx\/wp-content\/uploads\/2022\/04\/100-di\u0301as-en-Cuernavaca-06-1024x683.jpg\" alt=\"\" class=\"wp-image-9455\" srcset=\"https:\/\/cuernavaca.gob.mx\/wp-content\/uploads\/2022\/04\/100-di\u0301as-en-Cuernavaca-06-1024x683.jpg 1024w, https:\/\/cuernavaca.gob.mx\/wp-content\/uploads\/2022\/04\/100-di\u0301as-en-Cuernavaca-06-300x200.jpg 300w, https:\/\/cuernavaca.gob.mx\/wp-content\/uploads\/2022\/04\/100-di\u0301as-en-Cuernavaca-06-768x512.jpg 768w, https:\/\/cuernavaca.gob.mx\/wp-content\/uploads\/2022\/04\/100-di\u0301as-en-Cuernavaca-06-600x400.jpg 600w, https:\/\/cuernavaca.gob.mx\/wp-content\/uploads\/2022\/04\/100-di\u0301as-en-Cuernavaca-06-560x374.jpg 560w, https:\/\/cuernavaca.gob.mx\/wp-content\/uploads\/2022\/04\/100-di\u0301as-en-Cuernavaca-06.jpg 1280w\" sizes=\"(max-width: 1024px) 100vw, 1024px\" \/><\/figure>\n\n\n\n<figure class=\"wp-block-image size-large\"><img loading=\"lazy\" width=\"1024\" height=\"683\" data-id=\"9461\"  src=\"https:\/\/cuernavaca.gob.mx\/wp-content\/uploads\/2022\/04\/100-di\u0301as-en-Cuernavaca-07-1024x683.jpg\" alt=\"\" class=\"wp-image-9461\" srcset=\"https:\/\/cuernavaca.gob.mx\/wp-content\/uploads\/2022\/04\/100-di\u0301as-en-Cuernavaca-07-1024x683.jpg 1024w, https:\/\/cuernavaca.gob.mx\/wp-content\/uploads\/2022\/04\/100-di\u0301as-en-Cuernavaca-07-300x200.jpg 300w, https:\/\/cuernavaca.gob.mx\/wp-content\/uploads\/2022\/04\/100-di\u0301as-en-Cuernavaca-07-768x512.jpg 768w, https:\/\/cuernavaca.gob.mx\/wp-content\/uploads\/2022\/04\/100-di\u0301as-en-Cuernavaca-07-600x400.jpg 600w, https:\/\/cuernavaca.gob.mx\/wp-content\/uploads\/2022\/04\/100-di\u0301as-en-Cuernavaca-07-560x374.jpg 560w, https:\/\/cuernavaca.gob.mx\/wp-content\/uploads\/2022\/04\/100-di\u0301as-en-Cuernavaca-07.jpg 1280w\" sizes=\"(max-width: 1024px) 100vw, 1024px\" \/><\/figure>\n\n\n\n<figure class=\"wp-block-image size-large\"><img loading=\"lazy\" width=\"1024\" height=\"682\" data-id=\"9462\"  src=\"https:\/\/cuernavaca.gob.mx\/wp-content\/uploads\/2022\/04\/100-di\u0301as-en-Cuernavaca-08-1024x682.jpg\" alt=\"\" class=\"wp-image-9462\" srcset=\"https:\/\/cuernavaca.gob.mx\/wp-content\/uploads\/2022\/04\/100-di\u0301as-en-Cuernavaca-08-1024x682.jpg 1024w, https:\/\/cuernavaca.gob.mx\/wp-content\/uploads\/2022\/04\/100-di\u0301as-en-Cuernavaca-08-300x200.jpg 300w, https:\/\/cuernavaca.gob.mx\/wp-content\/uploads\/2022\/04\/100-di\u0301as-en-Cuernavaca-08-768x512.jpg 768w, https:\/\/cuernavaca.gob.mx\/wp-content\/uploads\/2022\/04\/100-di\u0301as-en-Cuernavaca-08-600x400.jpg 600w, https:\/\/cuernavaca.gob.mx\/wp-content\/uploads\/2022\/04\/100-di\u0301as-en-Cuernavaca-08-560x373.jpg 560w, https:\/\/cuernavaca.gob.mx\/wp-content\/uploads\/2022\/04\/100-di\u0301as-en-Cuernavaca-08.jpg 1280w\" sizes=\"(max-width: 1024px) 100vw, 1024px\" \/><\/figure>\n\n\n\n<figure class=\"wp-block-image size-large\"><img loading=\"lazy\" width=\"1024\" height=\"683\" data-id=\"9460\"  src=\"https:\/\/cuernavaca.gob.mx\/wp-content\/uploads\/2022\/04\/100-di\u0301as-en-Cuernavaca-09-1024x683.jpg\" alt=\"\" class=\"wp-image-9460\" srcset=\"https:\/\/cuernavaca.gob.mx\/wp-content\/uploads\/2022\/04\/100-di\u0301as-en-Cuernavaca-09-1024x683.jpg 1024w, https:\/\/cuernavaca.gob.mx\/wp-content\/uploads\/2022\/04\/100-di\u0301as-en-Cuernavaca-09-300x200.jpg 300w, https:\/\/cuernavaca.gob.mx\/wp-content\/uploads\/2022\/04\/100-di\u0301as-en-Cuernavaca-09-768x512.jpg 768w, https:\/\/cuernavaca.gob.mx\/wp-content\/uploads\/2022\/04\/100-di\u0301as-en-Cuernavaca-09-600x400.jpg 600w, https:\/\/cuernavaca.gob.mx\/wp-content\/uploads\/2022\/04\/100-di\u0301as-en-Cuernavaca-09-560x374.jpg 560w, https:\/\/cuernavaca.gob.mx\/wp-content\/uploads\/2022\/04\/100-di\u0301as-en-Cuernavaca-09.jpg 1280w\" sizes=\"(max-width: 1024px) 100vw, 1024px\" \/><\/figure>\n\n\n\n<figure class=\"wp-block-image size-large\"><img loading=\"lazy\" width=\"1024\" height=\"682\" data-id=\"9458\"  src=\"https:\/\/cuernavaca.gob.mx\/wp-content\/uploads\/2022\/04\/100-di\u0301as-en-Cuernavaca-10.jpg\" alt=\"\" class=\"wp-image-9458\" srcset=\"https:\/\/cuernavaca.gob.mx\/wp-content\/uploads\/2022\/04\/100-di\u0301as-en-Cuernavaca-10.jpg 1024w, https:\/\/cuernavaca.gob.mx\/wp-content\/uploads\/2022\/04\/100-di\u0301as-en-Cuernavaca-10-300x200.jpg 300w, https:\/\/cuernavaca.gob.mx\/wp-content\/uploads\/2022\/04\/100-di\u0301as-en-Cuernavaca-10-768x512.jpg 768w, https:\/\/cuernavaca.gob.mx\/wp-content\/uploads\/2022\/04\/100-di\u0301as-en-Cuernavaca-10-600x400.jpg 600w, https:\/\/cuernavaca.gob.mx\/wp-content\/uploads\/2022\/04\/100-di\u0301as-en-Cuernavaca-10-560x373.jpg 560w\" sizes=\"(max-width: 1024px) 100vw, 1024px\" \/><\/figure>\n\n\n\n<figure class=\"wp-block-image size-large\"><img loading=\"lazy\" width=\"1024\" height=\"682\" data-id=\"9459\"  src=\"https:\/\/cuernavaca.gob.mx\/wp-content\/uploads\/2022\/04\/100-di\u0301as-en-Cuernavaca-11-1024x682.jpg\" alt=\"\" class=\"wp-image-9459\" srcset=\"https:\/\/cuernavaca.gob.mx\/wp-content\/uploads\/2022\/04\/100-di\u0301as-en-Cuernavaca-11-1024x682.jpg 1024w, https:\/\/cuernavaca.gob.mx\/wp-content\/uploads\/2022\/04\/100-di\u0301as-en-Cuernavaca-11-300x200.jpg 300w, https:\/\/cuernavaca.gob.mx\/wp-content\/uploads\/2022\/04\/100-di\u0301as-en-Cuernavaca-11-768x512.jpg 768w, https:\/\/cuernavaca.gob.mx\/wp-content\/uploads\/2022\/04\/100-di\u0301as-en-Cuernavaca-11-600x400.jpg 600w, https:\/\/cuernavaca.gob.mx\/wp-content\/uploads\/2022\/04\/100-di\u0301as-en-Cuernavaca-11-560x373.jpg 560w, https:\/\/cuernavaca.gob.mx\/wp-content\/uploads\/2022\/04\/100-di\u0301as-en-Cuernavaca-11.jpg 1280w\" sizes=\"(max-width: 1024px) 100vw, 1024px\" \/><\/figure>\n\n\n\n<figure class=\"wp-block-image size-large\"><img loading=\"lazy\" width=\"1024\" height=\"683\" data-id=\"9463\"  src=\"https:\/\/cuernavaca.gob.mx\/wp-content\/uploads\/2022\/04\/100-di\u0301as-en-Cuernavaca-12-1024x683.jpg\" alt=\"\" class=\"wp-image-9463\" srcset=\"https:\/\/cuernavaca.gob.mx\/wp-content\/uploads\/2022\/04\/100-di\u0301as-en-Cuernavaca-12-1024x683.jpg 1024w, https:\/\/cuernavaca.gob.mx\/wp-content\/uploads\/2022\/04\/100-di\u0301as-en-Cuernavaca-12-300x200.jpg 300w, https:\/\/cuernavaca.gob.mx\/wp-content\/uploads\/2022\/04\/100-di\u0301as-en-Cuernavaca-12-768x512.jpg 768w, https:\/\/cuernavaca.gob.mx\/wp-content\/uploads\/2022\/04\/100-di\u0301as-en-Cuernavaca-12-600x400.jpg 600w, https:\/\/cuernavaca.gob.mx\/wp-content\/uploads\/2022\/04\/100-di\u0301as-en-Cuernavaca-12-560x374.jpg 560w, https:\/\/cuernavaca.gob.mx\/wp-content\/uploads\/2022\/04\/100-di\u0301as-en-Cuernavaca-12.jpg 1280w\" sizes=\"(max-width: 1024px) 100vw, 1024px\" \/><\/figure>\n\n\n\n<figure class=\"wp-block-image size-large\"><img loading=\"lazy\" width=\"1024\" height=\"683\" data-id=\"9464\"  src=\"https:\/\/cuernavaca.gob.mx\/wp-content\/uploads\/2022\/04\/100-di\u0301as-en-Cuernavaca-13-1024x683.jpg\" alt=\"\" class=\"wp-image-9464\" srcset=\"https:\/\/cuernavaca.gob.mx\/wp-content\/uploads\/2022\/04\/100-di\u0301as-en-Cuernavaca-13-1024x683.jpg 1024w, https:\/\/cuernavaca.gob.mx\/wp-content\/uploads\/2022\/04\/100-di\u0301as-en-Cuernavaca-13-300x200.jpg 300w, https:\/\/cuernavaca.gob.mx\/wp-content\/uploads\/2022\/04\/100-di\u0301as-en-Cuernavaca-13-768x512.jpg 768w, https:\/\/cuernavaca.gob.mx\/wp-content\/uploads\/2022\/04\/100-di\u0301as-en-Cuernavaca-13-600x400.jpg 600w, https:\/\/cuernavaca.gob.mx\/wp-content\/uploads\/2022\/04\/100-di\u0301as-en-Cuernavaca-13-560x374.jpg 560w, https:\/\/cuernavaca.gob.mx\/wp-content\/uploads\/2022\/04\/100-di\u0301as-en-Cuernavaca-13.jpg 1280w\" sizes=\"(max-width: 1024px) 100vw, 1024px\" \/><\/figure>\n\n\n\n<figure class=\"wp-block-image size-large\"><img loading=\"lazy\" width=\"1024\" height=\"682\" data-id=\"9466\"  src=\"https:\/\/cuernavaca.gob.mx\/wp-content\/uploads\/2022\/04\/100-di\u0301as-en-Cuernavaca-14-1024x682.jpg\" alt=\"\" class=\"wp-image-9466\" srcset=\"https:\/\/cuernavaca.gob.mx\/wp-content\/uploads\/2022\/04\/100-di\u0301as-en-Cuernavaca-14-1024x682.jpg 1024w, https:\/\/cuernavaca.gob.mx\/wp-content\/uploads\/2022\/04\/100-di\u0301as-en-Cuernavaca-14-300x200.jpg 300w, https:\/\/cuernavaca.gob.mx\/wp-content\/uploads\/2022\/04\/100-di\u0301as-en-Cuernavaca-14-768x512.jpg 768w, https:\/\/cuernavaca.gob.mx\/wp-content\/uploads\/2022\/04\/100-di\u0301as-en-Cuernavaca-14-600x400.jpg 600w, https:\/\/cuernavaca.gob.mx\/wp-content\/uploads\/2022\/04\/100-di\u0301as-en-Cuernavaca-14-560x373.jpg 560w, https:\/\/cuernavaca.gob.mx\/wp-content\/uploads\/2022\/04\/100-di\u0301as-en-Cuernavaca-14.jpg 1280w\" sizes=\"(max-width: 1024px) 100vw, 1024px\" \/><\/figure>\n\n\n\n<figure class=\"wp-block-image size-large\"><img loading=\"lazy\" width=\"1024\" height=\"682\" data-id=\"9465\"  src=\"https:\/\/cuernavaca.gob.mx\/wp-content\/uploads\/2022\/04\/100-di\u0301as-en-Cuernavaca-15-1024x682.jpg\" alt=\"\" class=\"wp-image-9465\" srcset=\"https:\/\/cuernavaca.gob.mx\/wp-content\/uploads\/2022\/04\/100-di\u0301as-en-Cuernavaca-15-1024x682.jpg 1024w, https:\/\/cuernavaca.gob.mx\/wp-content\/uploads\/2022\/04\/100-di\u0301as-en-Cuernavaca-15-300x200.jpg 300w, https:\/\/cuernavaca.gob.mx\/wp-content\/uploads\/2022\/04\/100-di\u0301as-en-Cuernavaca-15-768x512.jpg 768w, https:\/\/cuernavaca.gob.mx\/wp-content\/uploads\/2022\/04\/100-di\u0301as-en-Cuernavaca-15-600x400.jpg 600w, https:\/\/cuernavaca.gob.mx\/wp-content\/uploads\/2022\/04\/100-di\u0301as-en-Cuernavaca-15-560x373.jpg 560w, https:\/\/cuernavaca.gob.mx\/wp-content\/uploads\/2022\/04\/100-di\u0301as-en-Cuernavaca-15.jpg 1280w\" sizes=\"(max-width: 1024px) 100vw, 1024px\" \/><\/figure>\n<\/figure>\n","protected":false},"excerpt":{"rendered":"<p>Jos\u00e9 Luis Uri\u00f3stegui Salgado, present\u00f3 un informe sobre las actividades y acciones que se han logrado en este periodo Porque la presidencia municipal tambi\u00e9n trabaja, reitera Como un ejercicio democr\u00e1tico y de informaci\u00f3n hacia la poblaci\u00f3n cuernavacense, el presidente municipal de Cuernavaca, Jos\u00e9 Luis Uri\u00f3stegui Salgado, rindi\u00f3 este jueves un informe de actividades y resultados [&hellip;]<\/p>\n","protected":false},"author":1,"featured_media":9460,"comment_status":"closed","ping_status":"closed","sticky":false,"template":"","format":"standard","meta":[],"categories":[20],"tags":[300,368,158,121,132,120,370,369],"aioseo_notices":[],"_links":{"self":[{"href":"https:\/\/cuernavaca.gob.mx\/index.php?rest_route=\/wp\/v2\/posts\/9451"}],"collection":[{"href":"https:\/\/cuernavaca.gob.mx\/index.php?rest_route=\/wp\/v2\/posts"}],"about":[{"href":"https:\/\/cuernavaca.gob.mx\/index.php?rest_route=\/wp\/v2\/types\/post"}],"author":[{"embeddable":true,"href":"https:\/\/cuernavaca.gob.mx\/index.php?rest_route=\/wp\/v2\/users\/1"}],"replies":[{"embeddable":true,"href":"https:\/\/cuernavaca.gob.mx\/index.php?rest_route=%2Fwp%2Fv2%2Fcomments&post=9451"}],"version-history":[{"count":2,"href":"https:\/\/cuernavaca.gob.mx\/index.php?rest_route=\/wp\/v2\/posts\/9451\/revisions"}],"predecessor-version":[{"id":9484,"href":"https:\/\/cuernavaca.gob.mx\/index.php?rest_route=\/wp\/v2\/posts\/9451\/revisions\/9484"}],"wp:featuredmedia":[{"embeddable":true,"href":"https:\/\/cuernavaca.gob.mx\/index.php?rest_route=\/wp\/v2\/media\/9460"}],"wp:attachment":[{"href":"https:\/\/cuernavaca.gob.mx\/index.php?rest_route=%2Fwp%2Fv2%2Fmedia&parent=9451"}],"wp:term":[{"taxonomy":"category","embeddable":true,"href":"https:\/\/cuernavaca.gob.mx\/index.php?rest_route=%2Fwp%2Fv2%2Fcategories&post=9451"},{"taxonomy":"post_tag","embeddable":true,"href":"https:\/\/cuernavaca.gob.mx\/index.php?rest_route=%2Fwp%2Fv2%2Ftags&post=9451"}],"curies":[{"name":"wp","href":"https:\/\/api.w.org\/{rel}","templated":true}]}}