{"id":9609,"date":"2022-04-08T12:00:33","date_gmt":"2022-04-08T12:00:33","guid":{"rendered":"http:\/\/cuernavaca.gob.mx\/?p=9609"},"modified":"2025-05-06T11:17:07","modified_gmt":"2025-05-06T17:17:07","slug":"la-feria-de-la-flor-cuernavaca-2022-abre-sus-puertas","status":"publish","type":"post","link":"https:\/\/cuernavaca.gob.mx\/?p=9609","title":{"rendered":"La Feria de la Flor, Cuernavaca 2022 abre sus puertas"},"content":{"rendered":"\n<p><strong>Con la presencia del Gobernador y Gabinete, autoridades municipales dan la bienvenida a los visitantes locales y nacionales<\/strong><\/p>\n\n\n\n<p>Con la presencia de aproximadamente 200 comerciantes, artesanos y productores cuernavacenses y de otros municipios, fue inaugurada este viernes la Feria de la Flor, Cuernavaca 2022, importante iniciativa para detonar no s\u00f3lo el sector dedicado al turismo, sino tambi\u00e9n los sectores comercial y productivo, que se estima genere una derrama econ\u00f3mica cercana a los 10 millones de pesos para el municipio.<\/p>\n\n\n\n<p>En un ambiente de j\u00fabilo, acompa\u00f1ados por diputadas y diputados locales, miembros del gabinete estatal y municipal, as\u00ed como regidoras y regidores de Cuernavaca, el presidente municipal de Cuernavaca y el gobernador de Morelos hicieron el corte del list\u00f3n invitando a los morelenses y visitantes a acercarse y conocer todas las actividades, productos y espect\u00e1culos que ofrece la Feria de la Flor, Cuernavaca 2022.<\/p>\n\n\n\n<p>A nombre del Cabildo, el presidente municipal de Cuernavaca agradeci\u00f3 la presencia del mandatario estatal y el apoyo brindado desde la entrega de recursos materiales hasta el entusiasmo con el que compartieron el arranque de la feria.<\/p>\n\n\n\n<p>Destac\u00f3 que como parte del trabajo coordinado con el Poder Ejecutivo, en todo momento el programa de Seguridad P\u00fablica encabezado por el Gobierno Municipal va a acompa\u00f1ar todas las actividades a desarrollarse por las vacaciones de Semana Santa.<\/p>\n\n\n\n<p>Al uso de la palabra, el gobernador reconoci\u00f3 la importancia de este tipo de iniciativas que ayudar\u00e1n a la reactivaci\u00f3n econ\u00f3mica del estado, pero sobre todo generar\u00e1 mayores ingresos a las familias morelenses y claro, cuernavacenses, en especial a dos a\u00f1os de la pandemia de Covid-19.<\/p>\n\n\n\n<p>El jefe del Ejecutivo estatal manifest\u00f3 sus buenos deseos al Gobierno de Cuernavaca y a los comerciantes, productores y artesanos que estar\u00e1n ofreciendo sus art\u00edculos del 08 al 17 de abril en la Feria de la Flor, Cuernavaca 2022, la feria de todos.<\/p>\n\n\n\n<p>Encabezados por el secretario de Desarrollo Econ\u00f3mico y Turismo de Cuernavaca, las autoridades municipales y estatales recorrieron cada uno de los pabellones que cobijan la feria, escuchando de los mismos expositores su alegr\u00eda porque este evento, que por muchos a\u00f1os se suspendi\u00f3, se realice en un espacio c\u00e9ntrico y recibiendo el apoyo al cien por ciento de la administraci\u00f3n p\u00fablica municipal.<\/p>\n\n\n\n<p>La Feria de la Flor, Cuernavaca 2022 busca explotar el sector primario de la capital del estado que est\u00e1 representado por los sistemas productos, quienes tienen una importante participaci\u00f3n, as\u00ed como los 12 pueblos originarios de la ciudad.<\/p>\n\n\n\n<p>Los mercados perif\u00e9ricos no se quedan atr\u00e1s y estar\u00e1n a cargo de una exposici\u00f3n de muestra gastron\u00f3mica con productos locales y del estado, mientras que artesanos con productos elaborados por ellos mismos ser\u00e1n potenciados.<\/p>\n\n\n\n<p>Impulsando una feria incluyente y sustentable, se adapt\u00f3 un pabell\u00f3n de f\u00e1cil acceso para el ingreso al recinto ferial y no habr\u00e1 venta de pirater\u00eda ni de bebidas alcoh\u00f3licas.<\/p>\n\n\n\n<p>Este mismo viernes el Teatro de Pueblo abrir\u00e1 sus puertas con la Aut\u00e9ntica Santanera de Gildardo Zarate M\u00e9ndez contando con la participaci\u00f3n especial de Sarah Salgado, quienes a las 19 horas har\u00e1n bailar y cantar a todos los presentes.<\/p>\n\n\n\n<p>La Feria de la Flor, Cuernavaca 2022 es la muestra de una sinergia institucional entre dependencias del Ayuntamiento de Cuernavaca, las cuales estar\u00e1n a cargo de diversas actividades de participaci\u00f3n ciudadana, como concursos de talentos locales, talleres para ni\u00f1os y ni\u00f1as de composteo, huertos y hortalizas, cultura del agua por parte del Sistema de Agua Potable y Alcantarillado de Cuernavaca (SAPAC) y algunos otros talleres liderados por el Sistema DIF Municipal.<\/p>\n\n\n\n<p>En Cuernavaca han renacido las bugambilias y con ello la Feria de la Flor, Cuernavaca 2022, evento que tiene un costo de entrada de $25.00 pesos, la entrada al Teatro del Pueblo ser\u00e1 gratuita (con el mismo boleto general). En el recinto se contar\u00e1 con estacionamiento y el horario del evento es de 13:00 a 22:00 horas.<\/p>\n\n\n\n<p>Las personas interesadas en obtener m\u00e1s informaci\u00f3n sobre los espect\u00e1culos musicales o alguna otra actividad de la Feria de la Flor, Cuernavaca 2022 pueden ingresar a la p\u00e1gina y redes sociales oficiales del Gobierno de Cuernavaca y las diferentes secretar\u00edas del municipio.<\/p>\n\n\n\n<figure class=\"wp-container-2 wp-block-gallery-1 wp-block-gallery has-nested-images columns-default is-cropped\">\n<figure class=\"wp-block-image size-large\"><img loading=\"lazy\" width=\"1024\" height=\"683\" data-id=\"9611\"  src=\"https:\/\/cuernavaca.gob.mx\/wp-content\/uploads\/2022\/04\/Inauguracio\u0301n-Feria-de-la-Flor-01.jpg\" alt=\"\" class=\"wp-image-9611\" srcset=\"https:\/\/cuernavaca.gob.mx\/wp-content\/uploads\/2022\/04\/Inauguracio\u0301n-Feria-de-la-Flor-01.jpg 1024w, https:\/\/cuernavaca.gob.mx\/wp-content\/uploads\/2022\/04\/Inauguracio\u0301n-Feria-de-la-Flor-01-300x200.jpg 300w, https:\/\/cuernavaca.gob.mx\/wp-content\/uploads\/2022\/04\/Inauguracio\u0301n-Feria-de-la-Flor-01-768x512.jpg 768w, https:\/\/cuernavaca.gob.mx\/wp-content\/uploads\/2022\/04\/Inauguracio\u0301n-Feria-de-la-Flor-01-600x400.jpg 600w, https:\/\/cuernavaca.gob.mx\/wp-content\/uploads\/2022\/04\/Inauguracio\u0301n-Feria-de-la-Flor-01-560x374.jpg 560w\" sizes=\"(max-width: 1024px) 100vw, 1024px\" \/><\/figure>\n\n\n\n<figure class=\"wp-block-image size-large\"><img loading=\"lazy\" width=\"1024\" height=\"683\" data-id=\"9613\"  src=\"https:\/\/cuernavaca.gob.mx\/wp-content\/uploads\/2022\/04\/Inauguracio\u0301n-Feria-de-la-Flor-02.jpg\" alt=\"\" class=\"wp-image-9613\" srcset=\"https:\/\/cuernavaca.gob.mx\/wp-content\/uploads\/2022\/04\/Inauguracio\u0301n-Feria-de-la-Flor-02.jpg 1024w, https:\/\/cuernavaca.gob.mx\/wp-content\/uploads\/2022\/04\/Inauguracio\u0301n-Feria-de-la-Flor-02-300x200.jpg 300w, https:\/\/cuernavaca.gob.mx\/wp-content\/uploads\/2022\/04\/Inauguracio\u0301n-Feria-de-la-Flor-02-768x512.jpg 768w, https:\/\/cuernavaca.gob.mx\/wp-content\/uploads\/2022\/04\/Inauguracio\u0301n-Feria-de-la-Flor-02-600x400.jpg 600w, https:\/\/cuernavaca.gob.mx\/wp-content\/uploads\/2022\/04\/Inauguracio\u0301n-Feria-de-la-Flor-02-560x374.jpg 560w\" sizes=\"(max-width: 1024px) 100vw, 1024px\" \/><\/figure>\n\n\n\n<figure class=\"wp-block-image size-large\"><img loading=\"lazy\" width=\"683\" height=\"1024\" data-id=\"9610\"  src=\"https:\/\/cuernavaca.gob.mx\/wp-content\/uploads\/2022\/04\/Inauguracio\u0301n-Feria-de-la-Flor-03.jpg\" alt=\"\" class=\"wp-image-9610\" srcset=\"https:\/\/cuernavaca.gob.mx\/wp-content\/uploads\/2022\/04\/Inauguracio\u0301n-Feria-de-la-Flor-03.jpg 683w, https:\/\/cuernavaca.gob.mx\/wp-content\/uploads\/2022\/04\/Inauguracio\u0301n-Feria-de-la-Flor-03-200x300.jpg 200w, https:\/\/cuernavaca.gob.mx\/wp-content\/uploads\/2022\/04\/Inauguracio\u0301n-Feria-de-la-Flor-03-400x600.jpg 400w, https:\/\/cuernavaca.gob.mx\/wp-content\/uploads\/2022\/04\/Inauguracio\u0301n-Feria-de-la-Flor-03-374x560.jpg 374w\" sizes=\"(max-width: 683px) 100vw, 683px\" \/><\/figure>\n\n\n\n<figure class=\"wp-block-image size-large\"><img loading=\"lazy\" width=\"1024\" height=\"683\" data-id=\"9612\"  src=\"https:\/\/cuernavaca.gob.mx\/wp-content\/uploads\/2022\/04\/Inauguracio\u0301n-Feria-de-la-Flor-04.jpg\" alt=\"\" class=\"wp-image-9612\" srcset=\"https:\/\/cuernavaca.gob.mx\/wp-content\/uploads\/2022\/04\/Inauguracio\u0301n-Feria-de-la-Flor-04.jpg 1024w, https:\/\/cuernavaca.gob.mx\/wp-content\/uploads\/2022\/04\/Inauguracio\u0301n-Feria-de-la-Flor-04-300x200.jpg 300w, https:\/\/cuernavaca.gob.mx\/wp-content\/uploads\/2022\/04\/Inauguracio\u0301n-Feria-de-la-Flor-04-768x512.jpg 768w, https:\/\/cuernavaca.gob.mx\/wp-content\/uploads\/2022\/04\/Inauguracio\u0301n-Feria-de-la-Flor-04-600x400.jpg 600w, https:\/\/cuernavaca.gob.mx\/wp-content\/uploads\/2022\/04\/Inauguracio\u0301n-Feria-de-la-Flor-04-560x374.jpg 560w\" sizes=\"(max-width: 1024px) 100vw, 1024px\" \/><\/figure>\n\n\n\n<figure class=\"wp-block-image size-large\"><img loading=\"lazy\" width=\"1024\" height=\"682\" data-id=\"9614\"  src=\"https:\/\/cuernavaca.gob.mx\/wp-content\/uploads\/2022\/04\/Inauguracio\u0301n-Feria-de-la-Flor-05.jpg\" alt=\"\" class=\"wp-image-9614\" srcset=\"https:\/\/cuernavaca.gob.mx\/wp-content\/uploads\/2022\/04\/Inauguracio\u0301n-Feria-de-la-Flor-05.jpg 1024w, https:\/\/cuernavaca.gob.mx\/wp-content\/uploads\/2022\/04\/Inauguracio\u0301n-Feria-de-la-Flor-05-300x200.jpg 300w, https:\/\/cuernavaca.gob.mx\/wp-content\/uploads\/2022\/04\/Inauguracio\u0301n-Feria-de-la-Flor-05-768x512.jpg 768w, https:\/\/cuernavaca.gob.mx\/wp-content\/uploads\/2022\/04\/Inauguracio\u0301n-Feria-de-la-Flor-05-600x400.jpg 600w, https:\/\/cuernavaca.gob.mx\/wp-content\/uploads\/2022\/04\/Inauguracio\u0301n-Feria-de-la-Flor-05-560x373.jpg 560w\" sizes=\"(max-width: 1024px) 100vw, 1024px\" \/><\/figure>\n\n\n\n<figure class=\"wp-block-image size-large\"><img loading=\"lazy\" width=\"1024\" height=\"682\" data-id=\"9615\"  src=\"https:\/\/cuernavaca.gob.mx\/wp-content\/uploads\/2022\/04\/Inauguracio\u0301n-Feria-de-la-Flor-06-1024x682.jpg\" alt=\"\" class=\"wp-image-9615\" srcset=\"https:\/\/cuernavaca.gob.mx\/wp-content\/uploads\/2022\/04\/Inauguracio\u0301n-Feria-de-la-Flor-06-1024x682.jpg 1024w, https:\/\/cuernavaca.gob.mx\/wp-content\/uploads\/2022\/04\/Inauguracio\u0301n-Feria-de-la-Flor-06-300x200.jpg 300w, https:\/\/cuernavaca.gob.mx\/wp-content\/uploads\/2022\/04\/Inauguracio\u0301n-Feria-de-la-Flor-06-768x512.jpg 768w, https:\/\/cuernavaca.gob.mx\/wp-content\/uploads\/2022\/04\/Inauguracio\u0301n-Feria-de-la-Flor-06-600x400.jpg 600w, https:\/\/cuernavaca.gob.mx\/wp-content\/uploads\/2022\/04\/Inauguracio\u0301n-Feria-de-la-Flor-06-560x373.jpg 560w, https:\/\/cuernavaca.gob.mx\/wp-content\/uploads\/2022\/04\/Inauguracio\u0301n-Feria-de-la-Flor-06.jpg 1280w\" sizes=\"(max-width: 1024px) 100vw, 1024px\" \/><\/figure>\n\n\n\n<figure class=\"wp-block-image size-large\"><img loading=\"lazy\" width=\"1024\" height=\"682\" data-id=\"9616\"  src=\"https:\/\/cuernavaca.gob.mx\/wp-content\/uploads\/2022\/04\/Inauguracio\u0301n-Feria-de-la-Flor-07-1024x682.jpg\" alt=\"\" class=\"wp-image-9616\" srcset=\"https:\/\/cuernavaca.gob.mx\/wp-content\/uploads\/2022\/04\/Inauguracio\u0301n-Feria-de-la-Flor-07-1024x682.jpg 1024w, https:\/\/cuernavaca.gob.mx\/wp-content\/uploads\/2022\/04\/Inauguracio\u0301n-Feria-de-la-Flor-07-300x200.jpg 300w, https:\/\/cuernavaca.gob.mx\/wp-content\/uploads\/2022\/04\/Inauguracio\u0301n-Feria-de-la-Flor-07-768x512.jpg 768w, https:\/\/cuernavaca.gob.mx\/wp-content\/uploads\/2022\/04\/Inauguracio\u0301n-Feria-de-la-Flor-07-600x400.jpg 600w, https:\/\/cuernavaca.gob.mx\/wp-content\/uploads\/2022\/04\/Inauguracio\u0301n-Feria-de-la-Flor-07-560x373.jpg 560w, https:\/\/cuernavaca.gob.mx\/wp-content\/uploads\/2022\/04\/Inauguracio\u0301n-Feria-de-la-Flor-07.jpg 1280w\" sizes=\"(max-width: 1024px) 100vw, 1024px\" \/><\/figure>\n<\/figure>\n","protected":false},"excerpt":{"rendered":"<p>Con la presencia del Gobernador y Gabinete, autoridades municipales dan la bienvenida a los visitantes locales y nacionales Con la presencia de aproximadamente 200 comerciantes, artesanos y productores cuernavacenses y de otros municipios, fue inaugurada este viernes la Feria de la Flor, Cuernavaca 2022, importante iniciativa para detonar no s\u00f3lo el sector dedicado al turismo, [&hellip;]<\/p>\n","protected":false},"author":1,"featured_media":9612,"comment_status":"closed","ping_status":"closed","sticky":false,"template":"","format":"standard","meta":[],"categories":[20,21],"tags":[158,149,121,120,133,411],"aioseo_notices":[],"_links":{"self":[{"href":"https:\/\/cuernavaca.gob.mx\/index.php?rest_route=\/wp\/v2\/posts\/9609"}],"collection":[{"href":"https:\/\/cuernavaca.gob.mx\/index.php?rest_route=\/wp\/v2\/posts"}],"about":[{"href":"https:\/\/cuernavaca.gob.mx\/index.php?rest_route=\/wp\/v2\/types\/post"}],"author":[{"embeddable":true,"href":"https:\/\/cuernavaca.gob.mx\/index.php?rest_route=\/wp\/v2\/users\/1"}],"replies":[{"embeddable":true,"href":"https:\/\/cuernavaca.gob.mx\/index.php?rest_route=%2Fwp%2Fv2%2Fcomments&post=9609"}],"version-history":[{"count":2,"href":"https:\/\/cuernavaca.gob.mx\/index.php?rest_route=\/wp\/v2\/posts\/9609\/revisions"}],"predecessor-version":[{"id":9628,"href":"https:\/\/cuernavaca.gob.mx\/index.php?rest_route=\/wp\/v2\/posts\/9609\/revisions\/9628"}],"wp:featuredmedia":[{"embeddable":true,"href":"https:\/\/cuernavaca.gob.mx\/index.php?rest_route=\/wp\/v2\/media\/9612"}],"wp:attachment":[{"href":"https:\/\/cuernavaca.gob.mx\/index.php?rest_route=%2Fwp%2Fv2%2Fmedia&parent=9609"}],"wp:term":[{"taxonomy":"category","embeddable":true,"href":"https:\/\/cuernavaca.gob.mx\/index.php?rest_route=%2Fwp%2Fv2%2Fcategories&post=9609"},{"taxonomy":"post_tag","embeddable":true,"href":"https:\/\/cuernavaca.gob.mx\/index.php?rest_route=%2Fwp%2Fv2%2Ftags&post=9609"}],"curies":[{"name":"wp","href":"https:\/\/api.w.org\/{rel}","templated":true}]}}