{"id":9703,"date":"2022-04-03T10:00:00","date_gmt":"2022-04-03T10:00:00","guid":{"rendered":"http:\/\/cuernavaca.gob.mx\/?p=9703"},"modified":"2025-05-06T11:16:44","modified_gmt":"2025-05-06T17:16:44","slug":"gobierno-municipal-recibe-respaldo-de-la-federacion-fidel-velazquez-sanchez-de-la-ctm","status":"publish","type":"post","link":"https:\/\/cuernavaca.gob.mx\/?p=9703","title":{"rendered":"Gobierno municipal recibe respaldo de la federaci\u00f3n \u201cFidel Vel\u00e1zquez S\u00e1nchez\u201d de la CTM"},"content":{"rendered":"\n<p><strong>Con un trabajo con corresponsabilidad se generan lazos con m\u00e1s de 50 organizaciones sindicales<\/strong><\/p>\n\n\n\n<p>Con la encomienda de que Cuernavaca renazca de la mano de todos sus habitantes, el presidente municipal sostuvo una reuni\u00f3n de acercamiento con integrantes de la Federaci\u00f3n &#8220;Fidel Vel\u00e1zquez S\u00e1nchez&#8221; de la Confederaci\u00f3n de Trabajadores de M\u00e9xico (CTM), quienes le expresaron su inter\u00e9s por colaborar con el Gobierno Municipal en tareas de prevenci\u00f3n, combate a la corrupci\u00f3n, ordenamiento del comercio ambulante, as\u00ed como generar condiciones para atraer m\u00e1s inversiones, recuperar espacios p\u00fablicos y restaurar la imagen urbana y tur\u00edstica del municipio.<\/p>\n\n\n\n<p>Acompa\u00f1ado por los titulares de las Secretar\u00edas del Ayuntamiento, de Protecci\u00f3n y Auxilio Ciudadano (SEPRAC), de Desarrollo Econ\u00f3mico y Turismo, y de Desarrollo Urbano y Obras P\u00fablicas, el alcalde, capitalino agradeci\u00f3 la invitaci\u00f3n e inter\u00e9s de las m\u00e1s de 50 organizaciones sindicales que integran esta Federaci\u00f3n para sumarse a las actividades que emprende y proyecta el Ayuntamiento.<\/p>\n\n\n\n<p>Detall\u00f3 que si bien la ciudad cuenta con varias d\u00e9cadas de atraso en infraestructura y servicios p\u00fablicos que no van a poder resolver en su totalidad en tres a\u00f1os, tienen que sentar las bases para que lo que hoy se haga sea funcional y \u00fatil para las siguientes administraciones, aspirando a tener una ciudad limpia, transitable y segura, donde todos puedan salir a cualquier hora y tener la certeza de que podr\u00e1n regresar a sus hogares con menos riesgos.<\/p>\n\n\n\n<p>Expres\u00f3 que la actual administraci\u00f3n municipal pretende ser austera y eficaz, generando un escenario integral de todas las responsabilidades que se han sumado en los \u00faltimos a\u00f1os a los gobiernos municipales, estableciendo pol\u00edticas transversales encaminadas a brindar bienestar, las cuales se reflejar\u00e1n en el Plan Municipal de Desarrollo que incluir\u00e1 una pol\u00edtica criminol\u00f3gica \u00fanica en el estado y municipio, marcando puntos importantes sobre la prevenci\u00f3n integral del delito y actividades de la administraci\u00f3n p\u00fablica que son justamente transversales.<\/p>\n\n\n\n<p>Dentro de la reuni\u00f3n convocada por la Federaci\u00f3n &#8220;Fidel Vel\u00e1zquez S\u00e1nchez&#8221; de la CTM, su dirigente Vianey N\u00e1jera V\u00e1zquez, reconoci\u00f3 la disposici\u00f3n del actual Ayuntamiento de Cuernavaca por escucharlos y abrirles las puertas del municipio, lo que por 12 a\u00f1os no hab\u00edan podido lograr.<\/p>\n\n\n\n<p>Destac\u00f3 que buscan sumarse en acciones que erradiquen la corrupci\u00f3n, promuevan el consumo local, la inversi\u00f3n y den la oportunidad a empresas locales de ejecutar obras p\u00fablicas en la ciudad, generando empleos entre los mismos habitantes.<\/p>\n\n\n\n<p>Al rendir un informe breve sobre las actividades que realiza su dependencia, la secretaria de Protecci\u00f3n y Auxilio Ciudadano, puntualiz\u00f3 que para el Gobierno Municipal la prevenci\u00f3n es prioritaria, pero obtenerla es un trabajo de corresponsabilidad entre toda la poblaci\u00f3n, quienes deben contribuir en las acciones de soluci\u00f3n a los problemas que los aquejan, comenzando desde el hogar.<\/p>\n\n\n\n<p>El secretario del Ayuntamiento, mencion\u00f3 las actividades de reordenamiento del comercio informal que han llevado a cabo en el primer cuadro de la ciudad, la revisi\u00f3n de la documentaci\u00f3n al comercio establecido y las inspecciones en los tianguis del municipio, que est\u00e1n efectuando con el apoyo de los l\u00edderes comerciantes.<\/p>\n\n\n\n<p>A los integrantes de la Federaci\u00f3n &#8220;Fidel Vel\u00e1zquez S\u00e1nchez&#8221; de la CTM les solicit\u00f3 mantener una comunicaci\u00f3n permanente, al avalar que son ellos, la ciudadan\u00eda, el pulso y el term\u00f3metro de lo que le duele a Cuernavaca desde los servicios p\u00fablicos hasta vialidades y seguridad.<\/p>\n\n\n\n<p>Finalmente, el secretario de Desarrollo Urbano y Obras P\u00fablicas de Cuernavaca, indic\u00f3 que adem\u00e1s de optimizar los tiempos en la operaci\u00f3n de licencias y tr\u00e1mites cumpliendo con la transparencia y evitando actos de corrupci\u00f3n, han iniciado un programa de mantenimiento y reparaci\u00f3n de vialidades nombrado \u201cVialidades Seguras\u201d, para el cual se asign\u00f3 una inversi\u00f3n de 60 millones de pesos para el primer cuatrimestre del a\u00f1o, monto que no se hab\u00eda destinado en pasadas administraciones.<\/p>\n\n\n\n<p>Adicionalmente, refiri\u00f3 estar\u00e1n realizando obra p\u00fablica a trav\u00e9s del Fondo de Aportaciones para la Infraestructura Social (FAIS) con una asignaci\u00f3n de 70 millones de pesos, lo que traer\u00e1 consigo que durante todo el 2022 en Cuernavaca se estar\u00e1 realizando un programa intenso de obra p\u00fablica en zonas de atenci\u00f3n prioritaria.<\/p>\n\n\n\n<p>Tras escuchar las peticiones y sugerencias de los agremiados a la Federaci\u00f3n &#8220;Fidel Vel\u00e1zquez S\u00e1nchez&#8221; de la Confederaci\u00f3n de Trabajadores de M\u00e9xico (CTM), el presidente municipal asever\u00f3 que estar\u00e1 revisando cada una de ellas con las \u00e1reas correspondientes, no sin antes reiterar el llamado a la corresponsabilidad y el trabajo en conjunto para lograr que Cuernavaca renazca, d\u00e1ndole oportunidad a todos de ser escuchados y atendidos, en especial aquellos que desean que la ciudad mejore.<\/p>\n\n\n\n<figure class=\"wp-container-2 wp-block-gallery-1 wp-block-gallery has-nested-images columns-default is-cropped\">\n<figure class=\"wp-block-image size-large\"><img loading=\"lazy\" width=\"1024\" height=\"576\" data-id=\"9706\"  src=\"https:\/\/cuernavaca.gob.mx\/wp-content\/uploads\/2022\/04\/Colaboracio\u0301n-CTM-01-1024x576.jpg\" alt=\"\" class=\"wp-image-9706\" srcset=\"https:\/\/cuernavaca.gob.mx\/wp-content\/uploads\/2022\/04\/Colaboracio\u0301n-CTM-01-1024x576.jpg 1024w, https:\/\/cuernavaca.gob.mx\/wp-content\/uploads\/2022\/04\/Colaboracio\u0301n-CTM-01-300x169.jpg 300w, https:\/\/cuernavaca.gob.mx\/wp-content\/uploads\/2022\/04\/Colaboracio\u0301n-CTM-01-768x432.jpg 768w, https:\/\/cuernavaca.gob.mx\/wp-content\/uploads\/2022\/04\/Colaboracio\u0301n-CTM-01-600x338.jpg 600w, https:\/\/cuernavaca.gob.mx\/wp-content\/uploads\/2022\/04\/Colaboracio\u0301n-CTM-01-560x315.jpg 560w, https:\/\/cuernavaca.gob.mx\/wp-content\/uploads\/2022\/04\/Colaboracio\u0301n-CTM-01.jpg 1280w\" sizes=\"(max-width: 1024px) 100vw, 1024px\" \/><\/figure>\n\n\n\n<figure class=\"wp-block-image size-large\"><img loading=\"lazy\" width=\"1024\" height=\"576\" data-id=\"9709\"  src=\"https:\/\/cuernavaca.gob.mx\/wp-content\/uploads\/2022\/04\/Colaboracio\u0301n-CTM-02-1024x576.jpg\" alt=\"\" class=\"wp-image-9709\" srcset=\"https:\/\/cuernavaca.gob.mx\/wp-content\/uploads\/2022\/04\/Colaboracio\u0301n-CTM-02-1024x576.jpg 1024w, https:\/\/cuernavaca.gob.mx\/wp-content\/uploads\/2022\/04\/Colaboracio\u0301n-CTM-02-300x169.jpg 300w, https:\/\/cuernavaca.gob.mx\/wp-content\/uploads\/2022\/04\/Colaboracio\u0301n-CTM-02-768x432.jpg 768w, https:\/\/cuernavaca.gob.mx\/wp-content\/uploads\/2022\/04\/Colaboracio\u0301n-CTM-02-600x338.jpg 600w, https:\/\/cuernavaca.gob.mx\/wp-content\/uploads\/2022\/04\/Colaboracio\u0301n-CTM-02-560x315.jpg 560w, https:\/\/cuernavaca.gob.mx\/wp-content\/uploads\/2022\/04\/Colaboracio\u0301n-CTM-02.jpg 1280w\" sizes=\"(max-width: 1024px) 100vw, 1024px\" \/><\/figure>\n\n\n\n<figure class=\"wp-block-image size-large\"><img loading=\"lazy\" width=\"1024\" height=\"576\" data-id=\"9704\"  src=\"https:\/\/cuernavaca.gob.mx\/wp-content\/uploads\/2022\/04\/Colaboracio\u0301n-CTM-03-1024x576.jpg\" alt=\"\" class=\"wp-image-9704\" srcset=\"https:\/\/cuernavaca.gob.mx\/wp-content\/uploads\/2022\/04\/Colaboracio\u0301n-CTM-03-1024x576.jpg 1024w, https:\/\/cuernavaca.gob.mx\/wp-content\/uploads\/2022\/04\/Colaboracio\u0301n-CTM-03-300x169.jpg 300w, https:\/\/cuernavaca.gob.mx\/wp-content\/uploads\/2022\/04\/Colaboracio\u0301n-CTM-03-768x432.jpg 768w, https:\/\/cuernavaca.gob.mx\/wp-content\/uploads\/2022\/04\/Colaboracio\u0301n-CTM-03-600x338.jpg 600w, https:\/\/cuernavaca.gob.mx\/wp-content\/uploads\/2022\/04\/Colaboracio\u0301n-CTM-03-560x315.jpg 560w, https:\/\/cuernavaca.gob.mx\/wp-content\/uploads\/2022\/04\/Colaboracio\u0301n-CTM-03.jpg 1280w\" sizes=\"(max-width: 1024px) 100vw, 1024px\" \/><\/figure>\n\n\n\n<figure class=\"wp-block-image size-large\"><img loading=\"lazy\" width=\"1024\" height=\"576\" data-id=\"9708\"  src=\"https:\/\/cuernavaca.gob.mx\/wp-content\/uploads\/2022\/04\/Colaboracio\u0301n-CTM-04-1024x576.jpg\" alt=\"\" class=\"wp-image-9708\" srcset=\"https:\/\/cuernavaca.gob.mx\/wp-content\/uploads\/2022\/04\/Colaboracio\u0301n-CTM-04-1024x576.jpg 1024w, https:\/\/cuernavaca.gob.mx\/wp-content\/uploads\/2022\/04\/Colaboracio\u0301n-CTM-04-300x169.jpg 300w, https:\/\/cuernavaca.gob.mx\/wp-content\/uploads\/2022\/04\/Colaboracio\u0301n-CTM-04-768x432.jpg 768w, https:\/\/cuernavaca.gob.mx\/wp-content\/uploads\/2022\/04\/Colaboracio\u0301n-CTM-04-600x338.jpg 600w, https:\/\/cuernavaca.gob.mx\/wp-content\/uploads\/2022\/04\/Colaboracio\u0301n-CTM-04-560x315.jpg 560w, https:\/\/cuernavaca.gob.mx\/wp-content\/uploads\/2022\/04\/Colaboracio\u0301n-CTM-04.jpg 1280w\" sizes=\"(max-width: 1024px) 100vw, 1024px\" \/><\/figure>\n\n\n\n<figure class=\"wp-block-image size-large\"><img loading=\"lazy\" width=\"1024\" height=\"576\" data-id=\"9705\"  src=\"https:\/\/cuernavaca.gob.mx\/wp-content\/uploads\/2022\/04\/Colaboracio\u0301n-CTM-05-1024x576.jpg\" alt=\"\" class=\"wp-image-9705\" srcset=\"https:\/\/cuernavaca.gob.mx\/wp-content\/uploads\/2022\/04\/Colaboracio\u0301n-CTM-05-1024x576.jpg 1024w, https:\/\/cuernavaca.gob.mx\/wp-content\/uploads\/2022\/04\/Colaboracio\u0301n-CTM-05-300x169.jpg 300w, https:\/\/cuernavaca.gob.mx\/wp-content\/uploads\/2022\/04\/Colaboracio\u0301n-CTM-05-768x432.jpg 768w, https:\/\/cuernavaca.gob.mx\/wp-content\/uploads\/2022\/04\/Colaboracio\u0301n-CTM-05-600x338.jpg 600w, https:\/\/cuernavaca.gob.mx\/wp-content\/uploads\/2022\/04\/Colaboracio\u0301n-CTM-05-560x315.jpg 560w, https:\/\/cuernavaca.gob.mx\/wp-content\/uploads\/2022\/04\/Colaboracio\u0301n-CTM-05.jpg 1280w\" sizes=\"(max-width: 1024px) 100vw, 1024px\" \/><\/figure>\n\n\n\n<figure class=\"wp-block-image size-large\"><img loading=\"lazy\" width=\"1024\" height=\"576\" data-id=\"9707\"  src=\"https:\/\/cuernavaca.gob.mx\/wp-content\/uploads\/2022\/04\/Colaboracio\u0301n-CTM-06-1024x576.jpg\" alt=\"\" class=\"wp-image-9707\" srcset=\"https:\/\/cuernavaca.gob.mx\/wp-content\/uploads\/2022\/04\/Colaboracio\u0301n-CTM-06-1024x576.jpg 1024w, https:\/\/cuernavaca.gob.mx\/wp-content\/uploads\/2022\/04\/Colaboracio\u0301n-CTM-06-300x169.jpg 300w, https:\/\/cuernavaca.gob.mx\/wp-content\/uploads\/2022\/04\/Colaboracio\u0301n-CTM-06-768x432.jpg 768w, https:\/\/cuernavaca.gob.mx\/wp-content\/uploads\/2022\/04\/Colaboracio\u0301n-CTM-06-600x338.jpg 600w, https:\/\/cuernavaca.gob.mx\/wp-content\/uploads\/2022\/04\/Colaboracio\u0301n-CTM-06-560x315.jpg 560w, https:\/\/cuernavaca.gob.mx\/wp-content\/uploads\/2022\/04\/Colaboracio\u0301n-CTM-06.jpg 1280w\" sizes=\"(max-width: 1024px) 100vw, 1024px\" \/><\/figure>\n\n\n\n<figure class=\"wp-block-image size-large\"><img loading=\"lazy\" width=\"1024\" height=\"576\" data-id=\"9710\"  src=\"https:\/\/cuernavaca.gob.mx\/wp-content\/uploads\/2022\/04\/Colaboracio\u0301n-CTM-07-1024x576.jpg\" alt=\"\" class=\"wp-image-9710\" srcset=\"https:\/\/cuernavaca.gob.mx\/wp-content\/uploads\/2022\/04\/Colaboracio\u0301n-CTM-07-1024x576.jpg 1024w, https:\/\/cuernavaca.gob.mx\/wp-content\/uploads\/2022\/04\/Colaboracio\u0301n-CTM-07-300x169.jpg 300w, https:\/\/cuernavaca.gob.mx\/wp-content\/uploads\/2022\/04\/Colaboracio\u0301n-CTM-07-768x432.jpg 768w, https:\/\/cuernavaca.gob.mx\/wp-content\/uploads\/2022\/04\/Colaboracio\u0301n-CTM-07-600x338.jpg 600w, https:\/\/cuernavaca.gob.mx\/wp-content\/uploads\/2022\/04\/Colaboracio\u0301n-CTM-07-560x315.jpg 560w, https:\/\/cuernavaca.gob.mx\/wp-content\/uploads\/2022\/04\/Colaboracio\u0301n-CTM-07.jpg 1280w\" sizes=\"(max-width: 1024px) 100vw, 1024px\" \/><\/figure>\n\n\n\n<figure class=\"wp-block-image size-large\"><img loading=\"lazy\" width=\"1024\" height=\"576\" data-id=\"9713\"  src=\"https:\/\/cuernavaca.gob.mx\/wp-content\/uploads\/2022\/04\/Colaboracio\u0301n-CTM-08-1024x576.jpg\" alt=\"\" class=\"wp-image-9713\" srcset=\"https:\/\/cuernavaca.gob.mx\/wp-content\/uploads\/2022\/04\/Colaboracio\u0301n-CTM-08-1024x576.jpg 1024w, https:\/\/cuernavaca.gob.mx\/wp-content\/uploads\/2022\/04\/Colaboracio\u0301n-CTM-08-300x169.jpg 300w, https:\/\/cuernavaca.gob.mx\/wp-content\/uploads\/2022\/04\/Colaboracio\u0301n-CTM-08-768x432.jpg 768w, https:\/\/cuernavaca.gob.mx\/wp-content\/uploads\/2022\/04\/Colaboracio\u0301n-CTM-08-600x338.jpg 600w, https:\/\/cuernavaca.gob.mx\/wp-content\/uploads\/2022\/04\/Colaboracio\u0301n-CTM-08-560x315.jpg 560w, https:\/\/cuernavaca.gob.mx\/wp-content\/uploads\/2022\/04\/Colaboracio\u0301n-CTM-08.jpg 1280w\" sizes=\"(max-width: 1024px) 100vw, 1024px\" \/><\/figure>\n\n\n\n<figure class=\"wp-block-image size-large\"><img loading=\"lazy\" width=\"1024\" height=\"576\" data-id=\"9711\"  src=\"https:\/\/cuernavaca.gob.mx\/wp-content\/uploads\/2022\/04\/Colaboracio\u0301n-CTM-09-1024x576.jpg\" alt=\"\" class=\"wp-image-9711\" srcset=\"https:\/\/cuernavaca.gob.mx\/wp-content\/uploads\/2022\/04\/Colaboracio\u0301n-CTM-09-1024x576.jpg 1024w, https:\/\/cuernavaca.gob.mx\/wp-content\/uploads\/2022\/04\/Colaboracio\u0301n-CTM-09-300x169.jpg 300w, https:\/\/cuernavaca.gob.mx\/wp-content\/uploads\/2022\/04\/Colaboracio\u0301n-CTM-09-768x432.jpg 768w, https:\/\/cuernavaca.gob.mx\/wp-content\/uploads\/2022\/04\/Colaboracio\u0301n-CTM-09-600x338.jpg 600w, https:\/\/cuernavaca.gob.mx\/wp-content\/uploads\/2022\/04\/Colaboracio\u0301n-CTM-09-560x315.jpg 560w, https:\/\/cuernavaca.gob.mx\/wp-content\/uploads\/2022\/04\/Colaboracio\u0301n-CTM-09.jpg 1280w\" sizes=\"(max-width: 1024px) 100vw, 1024px\" \/><\/figure>\n\n\n\n<figure class=\"wp-block-image size-large\"><img loading=\"lazy\" width=\"1024\" height=\"576\" data-id=\"9712\"  src=\"https:\/\/cuernavaca.gob.mx\/wp-content\/uploads\/2022\/04\/Colaboracio\u0301n-CTM-10-1024x576.jpg\" alt=\"\" class=\"wp-image-9712\" srcset=\"https:\/\/cuernavaca.gob.mx\/wp-content\/uploads\/2022\/04\/Colaboracio\u0301n-CTM-10-1024x576.jpg 1024w, https:\/\/cuernavaca.gob.mx\/wp-content\/uploads\/2022\/04\/Colaboracio\u0301n-CTM-10-300x169.jpg 300w, https:\/\/cuernavaca.gob.mx\/wp-content\/uploads\/2022\/04\/Colaboracio\u0301n-CTM-10-768x432.jpg 768w, https:\/\/cuernavaca.gob.mx\/wp-content\/uploads\/2022\/04\/Colaboracio\u0301n-CTM-10-600x338.jpg 600w, https:\/\/cuernavaca.gob.mx\/wp-content\/uploads\/2022\/04\/Colaboracio\u0301n-CTM-10-560x315.jpg 560w, https:\/\/cuernavaca.gob.mx\/wp-content\/uploads\/2022\/04\/Colaboracio\u0301n-CTM-10.jpg 1280w\" sizes=\"(max-width: 1024px) 100vw, 1024px\" \/><\/figure>\n<\/figure>\n","protected":false},"excerpt":{"rendered":"<p>Con un trabajo con corresponsabilidad se generan lazos con m\u00e1s de 50 organizaciones sindicales Con la encomienda de que Cuernavaca renazca de la mano de todos sus habitantes, el presidente municipal sostuvo una reuni\u00f3n de acercamiento con integrantes de la Federaci\u00f3n &#8220;Fidel Vel\u00e1zquez S\u00e1nchez&#8221; de la Confederaci\u00f3n de Trabajadores de M\u00e9xico (CTM), quienes le expresaron [&hellip;]<\/p>\n","protected":false},"author":1,"featured_media":9713,"comment_status":"closed","ping_status":"closed","sticky":false,"template":"","format":"standard","meta":[],"categories":[20],"tags":[457,455,121,459,458,456,120],"aioseo_notices":[],"_links":{"self":[{"href":"https:\/\/cuernavaca.gob.mx\/index.php?rest_route=\/wp\/v2\/posts\/9703"}],"collection":[{"href":"https:\/\/cuernavaca.gob.mx\/index.php?rest_route=\/wp\/v2\/posts"}],"about":[{"href":"https:\/\/cuernavaca.gob.mx\/index.php?rest_route=\/wp\/v2\/types\/post"}],"author":[{"embeddable":true,"href":"https:\/\/cuernavaca.gob.mx\/index.php?rest_route=\/wp\/v2\/users\/1"}],"replies":[{"embeddable":true,"href":"https:\/\/cuernavaca.gob.mx\/index.php?rest_route=%2Fwp%2Fv2%2Fcomments&post=9703"}],"version-history":[{"count":2,"href":"https:\/\/cuernavaca.gob.mx\/index.php?rest_route=\/wp\/v2\/posts\/9703\/revisions"}],"predecessor-version":[{"id":9818,"href":"https:\/\/cuernavaca.gob.mx\/index.php?rest_route=\/wp\/v2\/posts\/9703\/revisions\/9818"}],"wp:featuredmedia":[{"embeddable":true,"href":"https:\/\/cuernavaca.gob.mx\/index.php?rest_route=\/wp\/v2\/media\/9713"}],"wp:attachment":[{"href":"https:\/\/cuernavaca.gob.mx\/index.php?rest_route=%2Fwp%2Fv2%2Fmedia&parent=9703"}],"wp:term":[{"taxonomy":"category","embeddable":true,"href":"https:\/\/cuernavaca.gob.mx\/index.php?rest_route=%2Fwp%2Fv2%2Fcategories&post=9703"},{"taxonomy":"post_tag","embeddable":true,"href":"https:\/\/cuernavaca.gob.mx\/index.php?rest_route=%2Fwp%2Fv2%2Ftags&post=9703"}],"curies":[{"name":"wp","href":"https:\/\/api.w.org\/{rel}","templated":true}]}}