{"id":9715,"date":"2022-04-03T12:00:00","date_gmt":"2022-04-03T12:00:00","guid":{"rendered":"http:\/\/cuernavaca.gob.mx\/?p=9715"},"modified":"2025-05-06T11:16:44","modified_gmt":"2025-05-06T17:16:44","slug":"promueve-el-ayuntamiento-autoempleo-en-colonias-de-cuernavaca","status":"publish","type":"post","link":"https:\/\/cuernavaca.gob.mx\/?p=9715","title":{"rendered":"Promueve el ayuntamiento autoempleo en colonias de Cuernavaca"},"content":{"rendered":"\n<p><strong>La comuna impulsa agenda de talleres de capacitaci\u00f3n de oficios para la reactivaci\u00f3n econ\u00f3mica de familias<\/strong><\/p>\n\n\n\n<p>Alrededor de 30 personas de diferentes colonias de Cuernavaca participaron en el primer curso de capacitaci\u00f3n emanado de la colaboraci\u00f3n sostenida entre el gobierno municipal, a trav\u00e9s de la Direcci\u00f3n de Fomento Empresarial y al Empleo, y la organizaci\u00f3n \u201cProyectos Emprendedores para el Autoempleo en M\u00e9xico\u201d.<\/p>\n\n\n\n<p>En esta actividad, realizada en el parque Tlaltenango, el grupo conformado por mujeres y hombres de distintas edades aprendieron la t\u00e9cnica para elaborar gelatinas artesanales, las cuales se caracterizan por tener colores vivos y dise\u00f1os espec\u00edficos que emulan hojas y p\u00e9talos de flores.<\/p>\n\n\n\n<p>Autoridades de la Direcci\u00f3n de Fomento Empresarial y al Empleo informaron que esta acci\u00f3n forma parte de la agenda planteada por el Ayuntamiento de Cuernavaca para este rubro, que tiene previsto impartir unos 20 talleres durante los pr\u00f3ximos meses del a\u00f1o, entre los que se destacan la elaboraci\u00f3n de otros productos comestibles; manejo de herramientas digitales; salud y belleza, entre otras disciplinas.<\/p>\n\n\n\n<p>Informaron que adem\u00e1s de los talleres de capacitaci\u00f3n de oficios, se tienen previstos distintas actividades dirigidas a la poblaci\u00f3n cuernavacense, tales como convenciones, conferencias y cursos en l\u00ednea, foros para la administraci\u00f3n de finanzas personales, incluso capacitaci\u00f3n de fortalecimiento a empresas.<\/p>\n\n\n\n<p>Las personas interesadas en inscribirse a estos cursos deber\u00e1n estar pendientes a las convocatorias que se emitan a trav\u00e9s de las redes sociales oficiales del Gobierno municipal y de la Secretar\u00eda de Desarrollo Econ\u00f3mico y Turismo; tambi\u00e9n podr\u00e1n recibir informaci\u00f3n detallada en la Direcci\u00f3n de Fomento Empresarial y al Empleo, ubicada en la sede Papagayo del Ayuntamiento de Cuernavaca.<\/p>\n\n\n\n<p>Referente al curso de gelatinas artesanales o tambi\u00e9n conocida como 3D, los participantes asistieron con los insumos necesarios para aprender la t\u00e9cnica adecuada para su elaboraci\u00f3n mostrada por el chef Javier Jim\u00e9nez, quien capacit\u00f3 sobre las herramientas y tipos moldes, as\u00ed como los productos que deben utilizarse, para lograr obtener un producto comestible colorido con formas florales como girasoles, rosas y lirios.<\/p>\n\n\n\n<figure class=\"wp-container-2 wp-block-gallery-1 wp-block-gallery has-nested-images columns-default is-cropped\">\n<figure class=\"wp-block-image size-large\"><img loading=\"lazy\" width=\"1024\" height=\"683\" data-id=\"9717\"  src=\"https:\/\/cuernavaca.gob.mx\/wp-content\/uploads\/2022\/04\/Fomento-autoempleo-01.jpg\" alt=\"\" class=\"wp-image-9717\" srcset=\"https:\/\/cuernavaca.gob.mx\/wp-content\/uploads\/2022\/04\/Fomento-autoempleo-01.jpg 1024w, https:\/\/cuernavaca.gob.mx\/wp-content\/uploads\/2022\/04\/Fomento-autoempleo-01-300x200.jpg 300w, https:\/\/cuernavaca.gob.mx\/wp-content\/uploads\/2022\/04\/Fomento-autoempleo-01-768x512.jpg 768w, https:\/\/cuernavaca.gob.mx\/wp-content\/uploads\/2022\/04\/Fomento-autoempleo-01-600x400.jpg 600w, https:\/\/cuernavaca.gob.mx\/wp-content\/uploads\/2022\/04\/Fomento-autoempleo-01-560x374.jpg 560w\" sizes=\"(max-width: 1024px) 100vw, 1024px\" \/><\/figure>\n\n\n\n<figure class=\"wp-block-image size-large\"><img loading=\"lazy\" width=\"1024\" height=\"683\" data-id=\"9716\"  src=\"https:\/\/cuernavaca.gob.mx\/wp-content\/uploads\/2022\/04\/Fomento-autoempleo-02.jpg\" alt=\"\" class=\"wp-image-9716\" srcset=\"https:\/\/cuernavaca.gob.mx\/wp-content\/uploads\/2022\/04\/Fomento-autoempleo-02.jpg 1024w, https:\/\/cuernavaca.gob.mx\/wp-content\/uploads\/2022\/04\/Fomento-autoempleo-02-300x200.jpg 300w, https:\/\/cuernavaca.gob.mx\/wp-content\/uploads\/2022\/04\/Fomento-autoempleo-02-768x512.jpg 768w, https:\/\/cuernavaca.gob.mx\/wp-content\/uploads\/2022\/04\/Fomento-autoempleo-02-600x400.jpg 600w, https:\/\/cuernavaca.gob.mx\/wp-content\/uploads\/2022\/04\/Fomento-autoempleo-02-560x374.jpg 560w\" sizes=\"(max-width: 1024px) 100vw, 1024px\" \/><\/figure>\n\n\n\n<figure class=\"wp-block-image size-large\"><img loading=\"lazy\" width=\"1024\" height=\"683\" data-id=\"9721\"  src=\"https:\/\/cuernavaca.gob.mx\/wp-content\/uploads\/2022\/04\/Fomento-autoempleo-03.jpg\" alt=\"\" class=\"wp-image-9721\" srcset=\"https:\/\/cuernavaca.gob.mx\/wp-content\/uploads\/2022\/04\/Fomento-autoempleo-03.jpg 1024w, https:\/\/cuernavaca.gob.mx\/wp-content\/uploads\/2022\/04\/Fomento-autoempleo-03-300x200.jpg 300w, https:\/\/cuernavaca.gob.mx\/wp-content\/uploads\/2022\/04\/Fomento-autoempleo-03-768x512.jpg 768w, https:\/\/cuernavaca.gob.mx\/wp-content\/uploads\/2022\/04\/Fomento-autoempleo-03-600x400.jpg 600w, https:\/\/cuernavaca.gob.mx\/wp-content\/uploads\/2022\/04\/Fomento-autoempleo-03-560x374.jpg 560w\" sizes=\"(max-width: 1024px) 100vw, 1024px\" \/><\/figure>\n\n\n\n<figure class=\"wp-block-image size-large\"><img loading=\"lazy\" width=\"1024\" height=\"683\" data-id=\"9718\"  src=\"https:\/\/cuernavaca.gob.mx\/wp-content\/uploads\/2022\/04\/Fomento-autoempleo-04.jpg\" alt=\"\" class=\"wp-image-9718\" srcset=\"https:\/\/cuernavaca.gob.mx\/wp-content\/uploads\/2022\/04\/Fomento-autoempleo-04.jpg 1024w, https:\/\/cuernavaca.gob.mx\/wp-content\/uploads\/2022\/04\/Fomento-autoempleo-04-300x200.jpg 300w, https:\/\/cuernavaca.gob.mx\/wp-content\/uploads\/2022\/04\/Fomento-autoempleo-04-768x512.jpg 768w, https:\/\/cuernavaca.gob.mx\/wp-content\/uploads\/2022\/04\/Fomento-autoempleo-04-600x400.jpg 600w, https:\/\/cuernavaca.gob.mx\/wp-content\/uploads\/2022\/04\/Fomento-autoempleo-04-560x374.jpg 560w\" sizes=\"(max-width: 1024px) 100vw, 1024px\" \/><\/figure>\n\n\n\n<figure class=\"wp-block-image size-large\"><img loading=\"lazy\" width=\"1024\" height=\"683\" data-id=\"9720\"  src=\"https:\/\/cuernavaca.gob.mx\/wp-content\/uploads\/2022\/04\/Fomento-autoempleo-05.jpg\" alt=\"\" class=\"wp-image-9720\" srcset=\"https:\/\/cuernavaca.gob.mx\/wp-content\/uploads\/2022\/04\/Fomento-autoempleo-05.jpg 1024w, https:\/\/cuernavaca.gob.mx\/wp-content\/uploads\/2022\/04\/Fomento-autoempleo-05-300x200.jpg 300w, https:\/\/cuernavaca.gob.mx\/wp-content\/uploads\/2022\/04\/Fomento-autoempleo-05-768x512.jpg 768w, https:\/\/cuernavaca.gob.mx\/wp-content\/uploads\/2022\/04\/Fomento-autoempleo-05-600x400.jpg 600w, https:\/\/cuernavaca.gob.mx\/wp-content\/uploads\/2022\/04\/Fomento-autoempleo-05-560x374.jpg 560w\" sizes=\"(max-width: 1024px) 100vw, 1024px\" \/><\/figure>\n\n\n\n<figure class=\"wp-block-image size-large\"><img loading=\"lazy\" width=\"1024\" height=\"683\" data-id=\"9719\"  src=\"https:\/\/cuernavaca.gob.mx\/wp-content\/uploads\/2022\/04\/Fomento-autoempleo-06.jpg\" alt=\"\" class=\"wp-image-9719\" srcset=\"https:\/\/cuernavaca.gob.mx\/wp-content\/uploads\/2022\/04\/Fomento-autoempleo-06.jpg 1024w, https:\/\/cuernavaca.gob.mx\/wp-content\/uploads\/2022\/04\/Fomento-autoempleo-06-300x200.jpg 300w, https:\/\/cuernavaca.gob.mx\/wp-content\/uploads\/2022\/04\/Fomento-autoempleo-06-768x512.jpg 768w, https:\/\/cuernavaca.gob.mx\/wp-content\/uploads\/2022\/04\/Fomento-autoempleo-06-600x400.jpg 600w, https:\/\/cuernavaca.gob.mx\/wp-content\/uploads\/2022\/04\/Fomento-autoempleo-06-560x374.jpg 560w\" sizes=\"(max-width: 1024px) 100vw, 1024px\" \/><\/figure>\n<\/figure>\n","protected":false},"excerpt":{"rendered":"<p>La comuna impulsa agenda de talleres de capacitaci\u00f3n de oficios para la reactivaci\u00f3n econ\u00f3mica de familias Alrededor de 30 personas de diferentes colonias de Cuernavaca participaron en el primer curso de capacitaci\u00f3n emanado de la colaboraci\u00f3n sostenida entre el gobierno municipal, a trav\u00e9s de la Direcci\u00f3n de Fomento Empresarial y al Empleo, y la organizaci\u00f3n [&hellip;]<\/p>\n","protected":false},"author":1,"featured_media":9717,"comment_status":"closed","ping_status":"closed","sticky":false,"template":"","format":"standard","meta":[],"categories":[20],"tags":[332,121,375,460,461,120],"aioseo_notices":[],"_links":{"self":[{"href":"https:\/\/cuernavaca.gob.mx\/index.php?rest_route=\/wp\/v2\/posts\/9715"}],"collection":[{"href":"https:\/\/cuernavaca.gob.mx\/index.php?rest_route=\/wp\/v2\/posts"}],"about":[{"href":"https:\/\/cuernavaca.gob.mx\/index.php?rest_route=\/wp\/v2\/types\/post"}],"author":[{"embeddable":true,"href":"https:\/\/cuernavaca.gob.mx\/index.php?rest_route=\/wp\/v2\/users\/1"}],"replies":[{"embeddable":true,"href":"https:\/\/cuernavaca.gob.mx\/index.php?rest_route=%2Fwp%2Fv2%2Fcomments&post=9715"}],"version-history":[{"count":2,"href":"https:\/\/cuernavaca.gob.mx\/index.php?rest_route=\/wp\/v2\/posts\/9715\/revisions"}],"predecessor-version":[{"id":9817,"href":"https:\/\/cuernavaca.gob.mx\/index.php?rest_route=\/wp\/v2\/posts\/9715\/revisions\/9817"}],"wp:featuredmedia":[{"embeddable":true,"href":"https:\/\/cuernavaca.gob.mx\/index.php?rest_route=\/wp\/v2\/media\/9717"}],"wp:attachment":[{"href":"https:\/\/cuernavaca.gob.mx\/index.php?rest_route=%2Fwp%2Fv2%2Fmedia&parent=9715"}],"wp:term":[{"taxonomy":"category","embeddable":true,"href":"https:\/\/cuernavaca.gob.mx\/index.php?rest_route=%2Fwp%2Fv2%2Fcategories&post=9715"},{"taxonomy":"post_tag","embeddable":true,"href":"https:\/\/cuernavaca.gob.mx\/index.php?rest_route=%2Fwp%2Fv2%2Ftags&post=9715"}],"curies":[{"name":"wp","href":"https:\/\/api.w.org\/{rel}","templated":true}]}}