{"id":9744,"date":"2022-04-04T14:00:00","date_gmt":"2022-04-04T14:00:00","guid":{"rendered":"http:\/\/cuernavaca.gob.mx\/?p=9744"},"modified":"2025-05-06T11:16:43","modified_gmt":"2025-05-06T17:16:43","slug":"coordina-ayuntamiento-de-cuernavaca-trabajo-institucional-entre-delegados-y-ayudantes-municipales-recien-electos","status":"publish","type":"post","link":"https:\/\/cuernavaca.gob.mx\/?p=9744","title":{"rendered":"Coordina ayuntamiento de Cuernavaca trabajo institucional entre Delegados y Ayudantes municipales reci\u00e9n electos"},"content":{"rendered":"\n<p><strong>La Secretar\u00eda del Ayuntamiento pidi\u00f3 a las nuevas autoridades auxiliares mantener una cercan\u00eda con la poblaci\u00f3n<\/strong><\/p>\n\n\n\n<p>Con la encomienda de mantener un trabajo coordinado, el Ayuntamiento de Cuernavaca sostuvo una reuni\u00f3n informativa con delegados y ayudantes municipales, donde se les explicaron las responsabilidades que tienen de acuerdo a la Ley Org\u00e1nica Municipal con la intenci\u00f3n de coadyuvar esfuerzos en beneficio de la poblaci\u00f3n cuernavacense.<\/p>\n\n\n\n<p>Tras la toma de protesta como ayudantes municipales, el Gobierno de la ciudad a trav\u00e9s de la Secretar\u00eda del Ayuntamiento les hizo entrega de un documento donde se establecen las facultades e impedimentos que tienen, a fin de evitar confusiones sobre lo que deben y pueden hacer y hasta d\u00f3nde llegan las limitantes de su cargo.<\/p>\n\n\n\n<p>En este primer encuentro participaron los ocho delegados municipales y siete titulares de las Ayudant\u00edas Municipales, a quienes el secretario del Ayuntamiento les manifest\u00f3 que la actual administraci\u00f3n municipal se debe caracterizar por mantener una cercan\u00eda con la gente y el transitar de su mano para poder solventar la vinculaci\u00f3n de la administraci\u00f3n con la ciudadan\u00eda, objetivo que tienen sus nombramientos.<\/p>\n\n\n\n<p>No obstante, les reiter\u00f3 que cuentan con el respaldo y apoyo de la administraci\u00f3n p\u00fablica municipal, la cual les impartir\u00e1 cursos de capacitaci\u00f3n, sostendr\u00e1n reuniones y pl\u00e1ticas peri\u00f3dicas conforme lo establece la normatividad, coadyuvando y conjuntando los esfuerzos para apoyar en las necesidades o problem\u00e1ticas que existan en sus demarcaciones.<\/p>\n\n\n\n<p>Las y los delegados y ayudantes municipales expresaron su disposici\u00f3n por trabajar en conjunto con el Gobierno de Cuernavaca, atendiendo las peticiones de sus comunidades, buscando siempre el desarrollo y bienestar de sus familias, por medio del trabajo coordinado.<\/p>\n\n\n\n<p>En el marco de la reuni\u00f3n las autoridades auxiliares recibieron una pl\u00e1tica con autoridades del Servicio Nacional del Empleo (SNE) en el estado y de \u201cJ\u00f3venes Construyendo el Futuro.<\/p>\n\n\n\n<p>Finalmente, el secretario del Ayuntamiento los conmin\u00f3 a cumplir con las atribuciones, responsabilidades y obligaciones que tienen como autoridades auxiliares en funci\u00f3n de ser autoridades vinculantes, teniendo en claro cu\u00e1les son las limitantes que tiene su cargo.<\/p>\n\n\n\n<p>Estuvieron presentes los ayudantes de San Miguel Acapantzingo, Amatitl\u00e1n, San Lorenzo Chamilpa, Chipitl\u00e1n, San Juan Chapultepec, San Ant\u00f3n y Tetela del Monte, as\u00ed como los titulares de la Delegaci\u00f3n Emiliano Zapata Salazar, Delegaci\u00f3n Benito Ju\u00e1rez Garc\u00eda, Delegaci\u00f3n Plutarco El\u00edas Calles, Delegaci\u00f3n L\u00e1zaro C\u00e1rdenas del Rio, Delegaci\u00f3n Antonio Barona Rojas, Delegaci\u00f3n Mariano Matamoros, Delegaci\u00f3n Vicente Guerrero Salda\u00f1a y en la Delegaci\u00f3n Miguel Hidalgo y Costilla.<\/p>\n\n\n\n<figure class=\"wp-container-2 wp-block-gallery-1 wp-block-gallery has-nested-images columns-default is-cropped\">\n<figure class=\"wp-block-image size-large\"><img loading=\"lazy\" width=\"1024\" height=\"682\" data-id=\"9745\"  src=\"https:\/\/cuernavaca.gob.mx\/wp-content\/uploads\/2022\/04\/Reunio\u0301n-delegados-y-ayudantes-01.jpg\" alt=\"\" class=\"wp-image-9745\" srcset=\"https:\/\/cuernavaca.gob.mx\/wp-content\/uploads\/2022\/04\/Reunio\u0301n-delegados-y-ayudantes-01.jpg 1024w, https:\/\/cuernavaca.gob.mx\/wp-content\/uploads\/2022\/04\/Reunio\u0301n-delegados-y-ayudantes-01-300x200.jpg 300w, https:\/\/cuernavaca.gob.mx\/wp-content\/uploads\/2022\/04\/Reunio\u0301n-delegados-y-ayudantes-01-768x512.jpg 768w, https:\/\/cuernavaca.gob.mx\/wp-content\/uploads\/2022\/04\/Reunio\u0301n-delegados-y-ayudantes-01-600x400.jpg 600w, https:\/\/cuernavaca.gob.mx\/wp-content\/uploads\/2022\/04\/Reunio\u0301n-delegados-y-ayudantes-01-560x373.jpg 560w\" sizes=\"(max-width: 1024px) 100vw, 1024px\" \/><\/figure>\n\n\n\n<figure class=\"wp-block-image size-large\"><img loading=\"lazy\" width=\"1024\" height=\"576\" data-id=\"9746\"  src=\"https:\/\/cuernavaca.gob.mx\/wp-content\/uploads\/2022\/04\/Reunio\u0301n-delegados-y-ayudantes-02.jpg\" alt=\"\" class=\"wp-image-9746\" srcset=\"https:\/\/cuernavaca.gob.mx\/wp-content\/uploads\/2022\/04\/Reunio\u0301n-delegados-y-ayudantes-02.jpg 1024w, https:\/\/cuernavaca.gob.mx\/wp-content\/uploads\/2022\/04\/Reunio\u0301n-delegados-y-ayudantes-02-300x169.jpg 300w, https:\/\/cuernavaca.gob.mx\/wp-content\/uploads\/2022\/04\/Reunio\u0301n-delegados-y-ayudantes-02-768x432.jpg 768w, https:\/\/cuernavaca.gob.mx\/wp-content\/uploads\/2022\/04\/Reunio\u0301n-delegados-y-ayudantes-02-600x338.jpg 600w, https:\/\/cuernavaca.gob.mx\/wp-content\/uploads\/2022\/04\/Reunio\u0301n-delegados-y-ayudantes-02-560x315.jpg 560w\" sizes=\"(max-width: 1024px) 100vw, 1024px\" \/><\/figure>\n\n\n\n<figure class=\"wp-block-image size-large\"><img loading=\"lazy\" width=\"1024\" height=\"682\" data-id=\"9750\"  src=\"https:\/\/cuernavaca.gob.mx\/wp-content\/uploads\/2022\/04\/Reunio\u0301n-delegados-y-ayudantes-03.jpg\" alt=\"\" class=\"wp-image-9750\" srcset=\"https:\/\/cuernavaca.gob.mx\/wp-content\/uploads\/2022\/04\/Reunio\u0301n-delegados-y-ayudantes-03.jpg 1024w, https:\/\/cuernavaca.gob.mx\/wp-content\/uploads\/2022\/04\/Reunio\u0301n-delegados-y-ayudantes-03-300x200.jpg 300w, https:\/\/cuernavaca.gob.mx\/wp-content\/uploads\/2022\/04\/Reunio\u0301n-delegados-y-ayudantes-03-768x512.jpg 768w, https:\/\/cuernavaca.gob.mx\/wp-content\/uploads\/2022\/04\/Reunio\u0301n-delegados-y-ayudantes-03-600x400.jpg 600w, https:\/\/cuernavaca.gob.mx\/wp-content\/uploads\/2022\/04\/Reunio\u0301n-delegados-y-ayudantes-03-560x373.jpg 560w\" sizes=\"(max-width: 1024px) 100vw, 1024px\" \/><\/figure>\n\n\n\n<figure class=\"wp-block-image size-large\"><img loading=\"lazy\" width=\"1024\" height=\"682\" data-id=\"9747\"  src=\"https:\/\/cuernavaca.gob.mx\/wp-content\/uploads\/2022\/04\/Reunio\u0301n-delegados-y-ayudantes-04.jpg\" alt=\"\" class=\"wp-image-9747\" srcset=\"https:\/\/cuernavaca.gob.mx\/wp-content\/uploads\/2022\/04\/Reunio\u0301n-delegados-y-ayudantes-04.jpg 1024w, https:\/\/cuernavaca.gob.mx\/wp-content\/uploads\/2022\/04\/Reunio\u0301n-delegados-y-ayudantes-04-300x200.jpg 300w, https:\/\/cuernavaca.gob.mx\/wp-content\/uploads\/2022\/04\/Reunio\u0301n-delegados-y-ayudantes-04-768x512.jpg 768w, https:\/\/cuernavaca.gob.mx\/wp-content\/uploads\/2022\/04\/Reunio\u0301n-delegados-y-ayudantes-04-600x400.jpg 600w, https:\/\/cuernavaca.gob.mx\/wp-content\/uploads\/2022\/04\/Reunio\u0301n-delegados-y-ayudantes-04-560x373.jpg 560w\" sizes=\"(max-width: 1024px) 100vw, 1024px\" \/><\/figure>\n\n\n\n<figure class=\"wp-block-image size-large\"><img loading=\"lazy\" width=\"1024\" height=\"682\" data-id=\"9748\"  src=\"https:\/\/cuernavaca.gob.mx\/wp-content\/uploads\/2022\/04\/Reunio\u0301n-delegados-y-ayudantes-05.jpg\" alt=\"\" class=\"wp-image-9748\" srcset=\"https:\/\/cuernavaca.gob.mx\/wp-content\/uploads\/2022\/04\/Reunio\u0301n-delegados-y-ayudantes-05.jpg 1024w, https:\/\/cuernavaca.gob.mx\/wp-content\/uploads\/2022\/04\/Reunio\u0301n-delegados-y-ayudantes-05-300x200.jpg 300w, https:\/\/cuernavaca.gob.mx\/wp-content\/uploads\/2022\/04\/Reunio\u0301n-delegados-y-ayudantes-05-768x512.jpg 768w, https:\/\/cuernavaca.gob.mx\/wp-content\/uploads\/2022\/04\/Reunio\u0301n-delegados-y-ayudantes-05-600x400.jpg 600w, https:\/\/cuernavaca.gob.mx\/wp-content\/uploads\/2022\/04\/Reunio\u0301n-delegados-y-ayudantes-05-560x373.jpg 560w\" sizes=\"(max-width: 1024px) 100vw, 1024px\" \/><\/figure>\n\n\n\n<figure class=\"wp-block-image size-large\"><img loading=\"lazy\" width=\"1024\" height=\"682\" data-id=\"9749\"  src=\"https:\/\/cuernavaca.gob.mx\/wp-content\/uploads\/2022\/04\/Reunio\u0301n-delegados-y-ayudantes-06.jpg\" alt=\"\" class=\"wp-image-9749\" srcset=\"https:\/\/cuernavaca.gob.mx\/wp-content\/uploads\/2022\/04\/Reunio\u0301n-delegados-y-ayudantes-06.jpg 1024w, https:\/\/cuernavaca.gob.mx\/wp-content\/uploads\/2022\/04\/Reunio\u0301n-delegados-y-ayudantes-06-300x200.jpg 300w, https:\/\/cuernavaca.gob.mx\/wp-content\/uploads\/2022\/04\/Reunio\u0301n-delegados-y-ayudantes-06-768x512.jpg 768w, https:\/\/cuernavaca.gob.mx\/wp-content\/uploads\/2022\/04\/Reunio\u0301n-delegados-y-ayudantes-06-600x400.jpg 600w, https:\/\/cuernavaca.gob.mx\/wp-content\/uploads\/2022\/04\/Reunio\u0301n-delegados-y-ayudantes-06-560x373.jpg 560w\" sizes=\"(max-width: 1024px) 100vw, 1024px\" \/><\/figure>\n<\/figure>\n","protected":false},"excerpt":{"rendered":"<p>La Secretar\u00eda del Ayuntamiento pidi\u00f3 a las nuevas autoridades auxiliares mantener una cercan\u00eda con la poblaci\u00f3n Con la encomienda de mantener un trabajo coordinado, el Ayuntamiento de Cuernavaca sostuvo una reuni\u00f3n informativa con delegados y ayudantes municipales, donde se les explicaron las responsabilidades que tienen de acuerdo a la Ley Org\u00e1nica Municipal con la intenci\u00f3n [&hellip;]<\/p>\n","protected":false},"author":1,"featured_media":9745,"comment_status":"closed","ping_status":"closed","sticky":false,"template":"","format":"standard","meta":[],"categories":[20],"tags":[436,158,121,473,120,474,327,372],"aioseo_notices":[],"_links":{"self":[{"href":"https:\/\/cuernavaca.gob.mx\/index.php?rest_route=\/wp\/v2\/posts\/9744"}],"collection":[{"href":"https:\/\/cuernavaca.gob.mx\/index.php?rest_route=\/wp\/v2\/posts"}],"about":[{"href":"https:\/\/cuernavaca.gob.mx\/index.php?rest_route=\/wp\/v2\/types\/post"}],"author":[{"embeddable":true,"href":"https:\/\/cuernavaca.gob.mx\/index.php?rest_route=\/wp\/v2\/users\/1"}],"replies":[{"embeddable":true,"href":"https:\/\/cuernavaca.gob.mx\/index.php?rest_route=%2Fwp%2Fv2%2Fcomments&post=9744"}],"version-history":[{"count":2,"href":"https:\/\/cuernavaca.gob.mx\/index.php?rest_route=\/wp\/v2\/posts\/9744\/revisions"}],"predecessor-version":[{"id":9814,"href":"https:\/\/cuernavaca.gob.mx\/index.php?rest_route=\/wp\/v2\/posts\/9744\/revisions\/9814"}],"wp:featuredmedia":[{"embeddable":true,"href":"https:\/\/cuernavaca.gob.mx\/index.php?rest_route=\/wp\/v2\/media\/9745"}],"wp:attachment":[{"href":"https:\/\/cuernavaca.gob.mx\/index.php?rest_route=%2Fwp%2Fv2%2Fmedia&parent=9744"}],"wp:term":[{"taxonomy":"category","embeddable":true,"href":"https:\/\/cuernavaca.gob.mx\/index.php?rest_route=%2Fwp%2Fv2%2Fcategories&post=9744"},{"taxonomy":"post_tag","embeddable":true,"href":"https:\/\/cuernavaca.gob.mx\/index.php?rest_route=%2Fwp%2Fv2%2Ftags&post=9744"}],"curies":[{"name":"wp","href":"https:\/\/api.w.org\/{rel}","templated":true}]}}