{"id":9769,"date":"2022-04-05T14:00:00","date_gmt":"2022-04-05T14:00:00","guid":{"rendered":"http:\/\/cuernavaca.gob.mx\/?p=9769"},"modified":"2025-05-06T11:16:42","modified_gmt":"2025-05-06T17:16:42","slug":"en-cuernavaca-no-habra-incremento-en-impuestos-reitero-el-presidente-municipal","status":"publish","type":"post","link":"https:\/\/cuernavaca.gob.mx\/?p=9769","title":{"rendered":"En Cuernavaca no habr\u00e1 incremento en impuestos, reiter\u00f3 el Presidente Municipal"},"content":{"rendered":"\n<p><strong>El alcalde capitalino asever\u00f3 que el Plan de Recatastraci\u00f3n que incluye actualizaciones a las Tablas de Valores, no repercutir\u00e1 en el costo del predial<\/strong><\/p>\n\n\n\n<p><strong>Pidi\u00f3 a la poblaci\u00f3n no dejarse enga\u00f1ar por la desinformaci\u00f3n<\/strong><\/p>\n\n\n\n<p>Ante dudas y confusiones que se han generado en los \u00faltimos d\u00edas sobre un supuesto aumento en grav\u00e1menes, el presidente municipal de Cuernavaca reiter\u00f3 que el programa de actualizaci\u00f3n de las Tablas de Valores Unitarios de Suelo y Construcci\u00f3n, que se est\u00e1 analizando en el seno del Cabildo, no pretende incrementar carga recaudatoria a los contribuyentes del impuesto predial.<\/p>\n\n\n\n<p>Frente a medios de comunicaci\u00f3n, llev\u00f3 a cabo una aclaraci\u00f3n puntual sobre la propuesta de modificaci\u00f3n que se incluye con base en el Plan de Recatastraci\u00f3n que impulsa la administraci\u00f3n p\u00fablica municipal, que indic\u00f3, tiene como \u00fanico objeto configurar de forma homog\u00e9nea las regiones en las que se divide la ciudad; que cada regi\u00f3n se integre por colonias con estatus socioecon\u00f3mico similar, sin repercutir en el costo del predial.<\/p>\n\n\n\n<p>La actualizaci\u00f3n a las Tablas de Valores Unitarios de Suelo y Construcci\u00f3n pretende dar certeza jur\u00eddica al Gobierno de Cuernavaca sobre la tenencia de la tierra, as\u00ed como incrementar la plusval\u00eda de los inmuebles que se encuentran en rezago debido a que la anterior data del a\u00f1o 2007, siendo a su vez necesario contar con regiones debidamente homologadas y acordes a las 47 regiones catastrales nuevas autorizadas por el cuerpo edilicio que no se hab\u00edan podido modificar desde el a\u00f1o 2003.<\/p>\n\n\n\n<p>Los Colegios de Notarios, Valuadores, Ingenieros y Arquitectos, as\u00ed como la Asociaci\u00f3n Mexicana de Profesionales Inmobiliarios a trav\u00e9s de la Junta Local Catastral, han validado el Plan de Recatastraci\u00f3n de Cuernavaca y la actualizaci\u00f3n a las Tablas de Valores Unitarios de Suelo y Construcci\u00f3n.<\/p>\n\n\n\n<p>El alcalde adelant\u00f3 que se someter\u00e1 a votaci\u00f3n del Cabildo las nuevas tablas de valores, que tendr\u00e1n que ser remitidas al Congreso del estado para su revisi\u00f3n, y en caso de aprobadas, ser\u00edan publicadas en el peri\u00f3dico oficial \u201cTierra y Libertad\u201d para que entren en vigor a partir del 01 de enero de 2023.<\/p>\n\n\n\n<p>Por la importancia del tema, el Cabildo de Cuernavaca ha sostenido reuniones en diferentes ocasiones para consensuar, resolver y atender dudas, misma din\u00e1mica sostenida con representantes del sector privado y organizaciones de la sociedad civil a fin de que existan coincidencias, garantizando a la poblaci\u00f3n que estas acciones les beneficiar\u00e1n.<\/p>\n\n\n\n<p>Finalmente, el presidente municipal hizo un llamado a la poblaci\u00f3n a mantenerse informados y no dejarse enga\u00f1ar por personas que se aprovechan del caos para incitar a no cumplir con su responsabilidad, subrayando que el pago del predial es una obligaci\u00f3n constitucional que de no pagarse solo contribuye al atraso del municipio.<\/p>\n\n\n\n<figure class=\"wp-container-2 wp-block-gallery-1 wp-block-gallery has-nested-images columns-default is-cropped\">\n<figure class=\"wp-block-image size-large\"><img loading=\"lazy\" width=\"1024\" height=\"682\" data-id=\"9771\"  src=\"https:\/\/cuernavaca.gob.mx\/wp-content\/uploads\/2022\/04\/No-incremento-en-impuestos-01-1024x682.jpg\" alt=\"\" class=\"wp-image-9771\" srcset=\"https:\/\/cuernavaca.gob.mx\/wp-content\/uploads\/2022\/04\/No-incremento-en-impuestos-01-1024x682.jpg 1024w, https:\/\/cuernavaca.gob.mx\/wp-content\/uploads\/2022\/04\/No-incremento-en-impuestos-01-300x200.jpg 300w, https:\/\/cuernavaca.gob.mx\/wp-content\/uploads\/2022\/04\/No-incremento-en-impuestos-01-768x512.jpg 768w, https:\/\/cuernavaca.gob.mx\/wp-content\/uploads\/2022\/04\/No-incremento-en-impuestos-01-600x400.jpg 600w, https:\/\/cuernavaca.gob.mx\/wp-content\/uploads\/2022\/04\/No-incremento-en-impuestos-01-560x373.jpg 560w, https:\/\/cuernavaca.gob.mx\/wp-content\/uploads\/2022\/04\/No-incremento-en-impuestos-01.jpg 1280w\" sizes=\"(max-width: 1024px) 100vw, 1024px\" \/><\/figure>\n\n\n\n<figure class=\"wp-block-image size-large\"><img loading=\"lazy\" width=\"1024\" height=\"682\" data-id=\"9770\"  src=\"https:\/\/cuernavaca.gob.mx\/wp-content\/uploads\/2022\/04\/No-incremento-en-impuestos-02-1024x682.jpg\" alt=\"\" class=\"wp-image-9770\" srcset=\"https:\/\/cuernavaca.gob.mx\/wp-content\/uploads\/2022\/04\/No-incremento-en-impuestos-02-1024x682.jpg 1024w, https:\/\/cuernavaca.gob.mx\/wp-content\/uploads\/2022\/04\/No-incremento-en-impuestos-02-300x200.jpg 300w, https:\/\/cuernavaca.gob.mx\/wp-content\/uploads\/2022\/04\/No-incremento-en-impuestos-02-768x512.jpg 768w, https:\/\/cuernavaca.gob.mx\/wp-content\/uploads\/2022\/04\/No-incremento-en-impuestos-02-600x400.jpg 600w, https:\/\/cuernavaca.gob.mx\/wp-content\/uploads\/2022\/04\/No-incremento-en-impuestos-02-560x373.jpg 560w, https:\/\/cuernavaca.gob.mx\/wp-content\/uploads\/2022\/04\/No-incremento-en-impuestos-02.jpg 1280w\" sizes=\"(max-width: 1024px) 100vw, 1024px\" \/><\/figure>\n<\/figure>\n","protected":false},"excerpt":{"rendered":"<p>El alcalde capitalino asever\u00f3 que el Plan de Recatastraci\u00f3n que incluye actualizaciones a las Tablas de Valores, no repercutir\u00e1 en el costo del predial Pidi\u00f3 a la poblaci\u00f3n no dejarse enga\u00f1ar por la desinformaci\u00f3n Ante dudas y confusiones que se han generado en los \u00faltimos d\u00edas sobre un supuesto aumento en grav\u00e1menes, el presidente municipal [&hellip;]<\/p>\n","protected":false},"author":1,"featured_media":9770,"comment_status":"closed","ping_status":"closed","sticky":false,"template":"","format":"standard","meta":[],"categories":[20],"tags":[349,121,487,120,486,348,484,347],"aioseo_notices":[],"_links":{"self":[{"href":"https:\/\/cuernavaca.gob.mx\/index.php?rest_route=\/wp\/v2\/posts\/9769"}],"collection":[{"href":"https:\/\/cuernavaca.gob.mx\/index.php?rest_route=\/wp\/v2\/posts"}],"about":[{"href":"https:\/\/cuernavaca.gob.mx\/index.php?rest_route=\/wp\/v2\/types\/post"}],"author":[{"embeddable":true,"href":"https:\/\/cuernavaca.gob.mx\/index.php?rest_route=\/wp\/v2\/users\/1"}],"replies":[{"embeddable":true,"href":"https:\/\/cuernavaca.gob.mx\/index.php?rest_route=%2Fwp%2Fv2%2Fcomments&post=9769"}],"version-history":[{"count":2,"href":"https:\/\/cuernavaca.gob.mx\/index.php?rest_route=\/wp\/v2\/posts\/9769\/revisions"}],"predecessor-version":[{"id":9809,"href":"https:\/\/cuernavaca.gob.mx\/index.php?rest_route=\/wp\/v2\/posts\/9769\/revisions\/9809"}],"wp:featuredmedia":[{"embeddable":true,"href":"https:\/\/cuernavaca.gob.mx\/index.php?rest_route=\/wp\/v2\/media\/9770"}],"wp:attachment":[{"href":"https:\/\/cuernavaca.gob.mx\/index.php?rest_route=%2Fwp%2Fv2%2Fmedia&parent=9769"}],"wp:term":[{"taxonomy":"category","embeddable":true,"href":"https:\/\/cuernavaca.gob.mx\/index.php?rest_route=%2Fwp%2Fv2%2Fcategories&post=9769"},{"taxonomy":"post_tag","embeddable":true,"href":"https:\/\/cuernavaca.gob.mx\/index.php?rest_route=%2Fwp%2Fv2%2Ftags&post=9769"}],"curies":[{"name":"wp","href":"https:\/\/api.w.org\/{rel}","templated":true}]}}