{"id":9773,"date":"2022-04-05T16:00:00","date_gmt":"2022-04-05T16:00:00","guid":{"rendered":"http:\/\/cuernavaca.gob.mx\/?p=9773"},"modified":"2025-05-06T11:16:42","modified_gmt":"2025-05-06T17:16:42","slug":"gobierno-municipal-invita-a-comerciantes-productores-y-artesanos-a-participar-en-la-feria-de-la-flor-cuernavaca-2022","status":"publish","type":"post","link":"https:\/\/cuernavaca.gob.mx\/?p=9773","title":{"rendered":"Gobierno municipal invita a comerciantes, productores y artesanos a participar en la Feria de la Flor, Cuernavaca 2022"},"content":{"rendered":"\n<p><strong>A\u00fan hay disposici\u00f3n de stands y espacios para participar como expositores del 08 al 17 de abril<\/strong><\/p>\n\n\n\n<p><strong>Las personas interesadas deben acercarse a la Direcci\u00f3n General de Turismo de Cuernavaca, ubicada en avenida Morelos #278, colonia Centro<\/strong><\/p>\n\n\n\n<p>La realizaci\u00f3n de la Feria de la Flor, Cuernavaca 2022 tiene el objetivo primordial de reactivar la econom\u00eda de las familias cuernavacenses, por lo cual el Gobierno Municipal est\u00e1 invitando a comerciantes, productores y artesanos locales y de la regi\u00f3n a exponer sus productos en este magno evento que, del 08 al 17 de abril, ser\u00e1 un escaparate que refleje la identidad de la ciudad a trav\u00e9s de la cultura, el arte, su artesan\u00eda, gastronom\u00eda, su sector agr\u00edcola y folclor.<\/p>\n\n\n\n<p>La Feria de la Flor, Cuernavaca 2022 contar\u00e1 con dos zonas comerciales con capacidad para 46 y 40 stands, respectivamente; adem\u00e1s se dividir\u00e1 en zonas gastron\u00f3mica, artesanal y al aire libre, en \u00e9sta \u00faltima se est\u00e1 impulsando la participaci\u00f3n de food trucks.<\/p>\n\n\n\n<p>El secretario de Desarrollo Econ\u00f3mico y Turismo de Cuernavaca, asever\u00f3 que desde el anuncio de la feria el inter\u00e9s de la ciudadan\u00eda por participar ha estado a la orden del d\u00eda, no solo como personas f\u00edsicas, sino tambi\u00e9n morales, acerc\u00e1ndose al Ayuntamiento para conocer los precios e informaci\u00f3n sobre c\u00f3mo poner un stand o participar como expositor.<\/p>\n\n\n\n<p>Detall\u00f3 que el \u00fanico requisito que deben presentar es comprobar que el origen de lo que se va a vender o exponer sea l\u00edcito, siendo la feria un ambiente abierto para la comercializaci\u00f3n, demostraci\u00f3n y exposici\u00f3n de productos, en un ambiente de sana convivencia y que fomente la unidad entre los habitantes y visitantes de Cuernavaca.<\/p>\n\n\n\n<p>Los precios para poner un stand oscilan entre los mil hasta los siete mil pesos, dependiendo el tama\u00f1o, la zona y el giro, recursos que ser\u00e1n destinados \u00edntegramente al municipio en beneficio de la misma poblaci\u00f3n.<\/p>\n\n\n\n<p>El Gobierno de Cuernavaca tiene programada una afluencia de dos mil visitantes por d\u00eda, con un aforo estimado de 40 mil asistentes durante los 10 d\u00edas de apertura con boleto pagado con un costo de $25.00 pesos, donde podr\u00e1n disfrutar de diferentes talleres de participaci\u00f3n ciudadana, juegos mec\u00e1nicos y espect\u00e1culos de talla nacional e internacional con artistas y grupos de renombre que son garant\u00eda de calidad.<\/p>\n\n\n\n<p>Las personas interesadas en sumarse a la Feria de la Flor, Cuernavaca 2022 deben acercarse a la Direcci\u00f3n General de Turismo de Cuernavaca, ubicada en avenida Morelos #278, colonia Centro o llamar a los tel\u00e9fonos 777 312 7081 y 777 170 5538. El horario de atenci\u00f3n es de 08:00 a 16:00 horas de lunes a viernes.<\/p>\n\n\n\n<p>No pierdas la oportunidad de ser parte del renacer de uno de los eventos m\u00e1s a\u00f1orados y conocidos del estado, \u00a1La Feria de la Flor, Cuernavaca 2022, la feria de todos!<\/p>\n\n\n\n<figure class=\"wp-container-2 wp-block-gallery-1 wp-block-gallery has-nested-images columns-default is-cropped\">\n<figure class=\"wp-block-image size-large\"><img loading=\"lazy\" width=\"1024\" height=\"682\" data-id=\"9774\"  src=\"https:\/\/cuernavaca.gob.mx\/wp-content\/uploads\/2022\/04\/Convocatoria-Feria-de-la-Flor-01.jpg\" alt=\"\" class=\"wp-image-9774\" srcset=\"https:\/\/cuernavaca.gob.mx\/wp-content\/uploads\/2022\/04\/Convocatoria-Feria-de-la-Flor-01.jpg 1024w, https:\/\/cuernavaca.gob.mx\/wp-content\/uploads\/2022\/04\/Convocatoria-Feria-de-la-Flor-01-300x200.jpg 300w, https:\/\/cuernavaca.gob.mx\/wp-content\/uploads\/2022\/04\/Convocatoria-Feria-de-la-Flor-01-768x512.jpg 768w, https:\/\/cuernavaca.gob.mx\/wp-content\/uploads\/2022\/04\/Convocatoria-Feria-de-la-Flor-01-600x400.jpg 600w, https:\/\/cuernavaca.gob.mx\/wp-content\/uploads\/2022\/04\/Convocatoria-Feria-de-la-Flor-01-560x373.jpg 560w\" sizes=\"(max-width: 1024px) 100vw, 1024px\" \/><\/figure>\n\n\n\n<figure class=\"wp-block-image size-large\"><img loading=\"lazy\" width=\"1024\" height=\"682\" data-id=\"9776\"  src=\"https:\/\/cuernavaca.gob.mx\/wp-content\/uploads\/2022\/04\/Convocatoria-Feria-de-la-Flor-02.jpg\" alt=\"\" class=\"wp-image-9776\" srcset=\"https:\/\/cuernavaca.gob.mx\/wp-content\/uploads\/2022\/04\/Convocatoria-Feria-de-la-Flor-02.jpg 1024w, https:\/\/cuernavaca.gob.mx\/wp-content\/uploads\/2022\/04\/Convocatoria-Feria-de-la-Flor-02-300x200.jpg 300w, https:\/\/cuernavaca.gob.mx\/wp-content\/uploads\/2022\/04\/Convocatoria-Feria-de-la-Flor-02-768x512.jpg 768w, https:\/\/cuernavaca.gob.mx\/wp-content\/uploads\/2022\/04\/Convocatoria-Feria-de-la-Flor-02-600x400.jpg 600w, https:\/\/cuernavaca.gob.mx\/wp-content\/uploads\/2022\/04\/Convocatoria-Feria-de-la-Flor-02-560x373.jpg 560w\" sizes=\"(max-width: 1024px) 100vw, 1024px\" \/><\/figure>\n\n\n\n<figure class=\"wp-block-image size-large\"><img loading=\"lazy\" width=\"1024\" height=\"1024\" data-id=\"9775\"  src=\"https:\/\/cuernavaca.gob.mx\/wp-content\/uploads\/2022\/04\/Convocatoria-Feria-de-la-Flor-03-1024x1024.jpg\" alt=\"\" class=\"wp-image-9775\" srcset=\"https:\/\/cuernavaca.gob.mx\/wp-content\/uploads\/2022\/04\/Convocatoria-Feria-de-la-Flor-03-1024x1024.jpg 1024w, https:\/\/cuernavaca.gob.mx\/wp-content\/uploads\/2022\/04\/Convocatoria-Feria-de-la-Flor-03-300x300.jpg 300w, https:\/\/cuernavaca.gob.mx\/wp-content\/uploads\/2022\/04\/Convocatoria-Feria-de-la-Flor-03-150x150.jpg 150w, https:\/\/cuernavaca.gob.mx\/wp-content\/uploads\/2022\/04\/Convocatoria-Feria-de-la-Flor-03-768x768.jpg 768w, https:\/\/cuernavaca.gob.mx\/wp-content\/uploads\/2022\/04\/Convocatoria-Feria-de-la-Flor-03-600x600.jpg 600w, https:\/\/cuernavaca.gob.mx\/wp-content\/uploads\/2022\/04\/Convocatoria-Feria-de-la-Flor-03-560x560.jpg 560w, https:\/\/cuernavaca.gob.mx\/wp-content\/uploads\/2022\/04\/Convocatoria-Feria-de-la-Flor-03.jpg 1280w\" sizes=\"(max-width: 1024px) 100vw, 1024px\" \/><\/figure>\n<\/figure>\n","protected":false},"excerpt":{"rendered":"<p>A\u00fan hay disposici\u00f3n de stands y espacios para participar como expositores del 08 al 17 de abril Las personas interesadas deben acercarse a la Direcci\u00f3n General de Turismo de Cuernavaca, ubicada en avenida Morelos #278, colonia Centro La realizaci\u00f3n de la Feria de la Flor, Cuernavaca 2022 tiene el objetivo primordial de reactivar la econom\u00eda [&hellip;]<\/p>\n","protected":false},"author":1,"featured_media":9775,"comment_status":"closed","ping_status":"closed","sticky":false,"template":"","format":"standard","meta":[],"categories":[20,21],"tags":[491,121,489,260,120,490,194],"aioseo_notices":[],"_links":{"self":[{"href":"https:\/\/cuernavaca.gob.mx\/index.php?rest_route=\/wp\/v2\/posts\/9773"}],"collection":[{"href":"https:\/\/cuernavaca.gob.mx\/index.php?rest_route=\/wp\/v2\/posts"}],"about":[{"href":"https:\/\/cuernavaca.gob.mx\/index.php?rest_route=\/wp\/v2\/types\/post"}],"author":[{"embeddable":true,"href":"https:\/\/cuernavaca.gob.mx\/index.php?rest_route=\/wp\/v2\/users\/1"}],"replies":[{"embeddable":true,"href":"https:\/\/cuernavaca.gob.mx\/index.php?rest_route=%2Fwp%2Fv2%2Fcomments&post=9773"}],"version-history":[{"count":2,"href":"https:\/\/cuernavaca.gob.mx\/index.php?rest_route=\/wp\/v2\/posts\/9773\/revisions"}],"predecessor-version":[{"id":9808,"href":"https:\/\/cuernavaca.gob.mx\/index.php?rest_route=\/wp\/v2\/posts\/9773\/revisions\/9808"}],"wp:featuredmedia":[{"embeddable":true,"href":"https:\/\/cuernavaca.gob.mx\/index.php?rest_route=\/wp\/v2\/media\/9775"}],"wp:attachment":[{"href":"https:\/\/cuernavaca.gob.mx\/index.php?rest_route=%2Fwp%2Fv2%2Fmedia&parent=9773"}],"wp:term":[{"taxonomy":"category","embeddable":true,"href":"https:\/\/cuernavaca.gob.mx\/index.php?rest_route=%2Fwp%2Fv2%2Fcategories&post=9773"},{"taxonomy":"post_tag","embeddable":true,"href":"https:\/\/cuernavaca.gob.mx\/index.php?rest_route=%2Fwp%2Fv2%2Ftags&post=9773"}],"curies":[{"name":"wp","href":"https:\/\/api.w.org\/{rel}","templated":true}]}}