{"id":9923,"date":"2022-04-26T16:00:00","date_gmt":"2022-04-26T16:00:00","guid":{"rendered":"http:\/\/cuernavaca.gob.mx\/?p=9923"},"modified":"2025-05-06T11:17:27","modified_gmt":"2025-05-06T17:17:27","slug":"cabildo-de-cuernavaca-nombra-a-rigoberta-menchu-como-huesped-distinguido-y-otorga-la-llave-de-la-ciudad","status":"publish","type":"post","link":"https:\/\/cuernavaca.gob.mx\/?p=9923","title":{"rendered":"Cabildo de Cuernavaca nombra a Rigoberta Mench\u00fa como hu\u00e9sped distinguido y otorga la llave de la ciudad"},"content":{"rendered":"\n<p><strong>La distinci\u00f3n se hizo en Sesi\u00f3n Solemne de Cabildo en reconocimiento a su labor a favor de los derechos de los pueblos ind\u00edgenas, las mujeres y la paz<\/strong><\/p>\n\n\n\n<p>Como reconocimiento a sus contribuciones en el campo de la defensa de los derechos humanos, los derechos y justicia para las mujeres, la reivindicaci\u00f3n de los pueblos originarios y la paz entre las naciones, el presidente municipal y el Cabildo de Cuernavaca otorgaron el nombramiento de hu\u00e9sped distinguido a la Dra. Rigoberta Mench\u00fa Tum, embajadora de buena voluntad de la UNESCO, premio Nobel de la Paz y del Premio Pr\u00edncipe de Asturias de Cooperaci\u00f3n Internacional, a quien tambi\u00e9n entregaron simb\u00f3licamente la llave de la Ciudad.<\/p>\n\n\n\n<p>En sesi\u00f3n solemne, el alcalde de Cuernavaca, Jos\u00e9 Luis Uri\u00f3stegui Salgado, enalteci\u00f3 la visita de tan alta val\u00eda a la ciudad de la Eterna Primavera de Rigoberta Mench\u00fa, quien hace 30 a\u00f1os fue galardonada con el m\u00e1ximo reconocimiento por su lucha para que los pueblos originarios sean reconocidos y respetados, lo que se ha convertido en una constante en su vida, trascendiendo sus palabras a toda la humanidad.<\/p>\n\n\n\n<p>Precis\u00f3 que en el caso de Cuernavaca, el Cabildo capitalino le da importancia que merece la p\u00e9rdida de vidas y de valores que afectan la integridad de las mujeres, pero tambi\u00e9n rechaza que las luchas por los derechos de los pueblos ind\u00edgenas, sean avasalladas por tiranos que someten a ciertas comunidades y se esconden bajos supuestos usos y costumbres, impidiendo el acceso de las autoridades y la llegada del progreso, como sucede en Oaxaca, Guerrero, Chiapas, sin descartar que puede estar ocurriendo en Morelos y particularmente en Cuernavaca.<\/p>\n\n\n\n<p>Jos\u00e9 Luis Uri\u00f3stegui acentu\u00f3 que el mensaje de Mench\u00fa Tum les ha quedado grabado y que podr\u00e1n implementar a trav\u00e9s de acciones y pol\u00edticas p\u00fablicas que tiendan a la defensa de esos derechos aut\u00e9nticos de los pueblos originarios, que en Cuernavaca son 12.&nbsp;<\/p>\n\n\n\n<p>&#8220;Donde sus ra\u00edces ahondan mas all\u00e1 de la conquista y las dos ciudades prehisp\u00e1nicas, Teopanzolco y Cuauhn\u00e1huac, que son emblemas de lo que era la grandeza del pueblo y que hoy nos toca recordar y tratar de preservar esos usos y costumbres, esa cultura, esa fortaleza&#8221;, afirm\u00f3.<\/p>\n\n\n\n<p>A 30 a\u00f1os de haber sido laureada con el Premio Nobel de la Paz, la activista y defensora dio un mensaje fuerte y claro en contra de la desigualdad, la ola de violencia hacia las mujeres y las guerras, al igual que puntualiz\u00f3 la importancia del reconocimiento de la migraci\u00f3n como una naturaleza humana universal y el respeto a los derechos humanos de los pueblos ind\u00edgenas, priorizando en la sociedad actual la paz, la justicia social y los derechos humanos.<\/p>\n\n\n\n<p>Destac\u00f3 que a lo largo de su vida siempre admir\u00f3 y apoyo el municipalismo, manifestando que es aqu\u00ed donde est\u00e1n los verdaderos problemas y donde se deben generar soluciones, por lo cual agradeci\u00f3 el galard\u00f3n por las y los integrantes del Cabildo de Cuernavaca que rinde homenaje a ese amor y solidaridad de los pueblos que se manifiesta en esta distinci\u00f3n por parte del municipio.<\/p>\n\n\n\n<p>En su mensaje, la Dra. Rigoberta Mench\u00fa Tum anim\u00f3 a la lucha de las organizaciones sociales y de la poblaci\u00f3n en general, a fin de cada vez sea m\u00e1s la ciudadan\u00eda informada y preparada para que puedan no s\u00f3lo defender sus derechos, sino ejercer sus derechos con todas las oportunidades que tengan.<\/p>\n\n\n\n<p>&#8220;Sin el reconocimiento de ustedes \u00e9ste Premio Nobel no habr\u00eda trascendido c\u00f3mo ha trascendido, sin el cari\u00f1o de M\u00e9xico, sin la amistad de tantos grupos, organizaciones, autoridades, legisladores, presidentes municipales y gobernadores habr\u00eda sido dif\u00edcil para m\u00ed triunfar en estos 30 a\u00f1os&#8221;, puntualiz\u00f3.<\/p>\n\n\n\n<p>En el homenaje a la gran labor de la Dra. Rigoberta Mench\u00fa Tum, la s\u00edndica municipal, as\u00ed como regidoras y regidores coincidieron en la importancia de contar con la presencia de un referente para tomar los mensajes de paz, igualdad y justicia en la actualidad, entregando no solo las llaves de la ciudad, sino de los corazones de las y los cuernavacenses, manifestando su admiraci\u00f3n y extendi\u00e9ndole una invitaci\u00f3n para volver a visitar Cuernavaca.<\/p>\n\n\n\n<p>En el evento se cont\u00f3 con la presencia de integrantes del gabinete municipal, del Consejo de la Cultura y las Artes y el Consejo de Cronistas, subrayando el presidente municipal, Jos\u00e9 Luis Uri\u00f3stegui, que tienen la misi\u00f3n de registrar esta visita hist\u00f3rica para que quienes los sucedan en el cargo la conozcan y eval\u00faen lo que conlleva una visita de tan alta val\u00eda.<\/p>\n\n\n\n<figure class=\"wp-container-2 wp-block-gallery-1 wp-block-gallery has-nested-images columns-default is-cropped\">\n<figure class=\"wp-block-image size-large\"><img loading=\"lazy\" width=\"1024\" height=\"682\" data-id=\"9924\"  src=\"https:\/\/cuernavaca.gob.mx\/wp-content\/uploads\/2022\/04\/Rigoberta-Menchu\u0301-01.jpg\" alt=\"\" class=\"wp-image-9924\" srcset=\"https:\/\/cuernavaca.gob.mx\/wp-content\/uploads\/2022\/04\/Rigoberta-Menchu\u0301-01.jpg 1024w, https:\/\/cuernavaca.gob.mx\/wp-content\/uploads\/2022\/04\/Rigoberta-Menchu\u0301-01-300x200.jpg 300w, https:\/\/cuernavaca.gob.mx\/wp-content\/uploads\/2022\/04\/Rigoberta-Menchu\u0301-01-768x512.jpg 768w, https:\/\/cuernavaca.gob.mx\/wp-content\/uploads\/2022\/04\/Rigoberta-Menchu\u0301-01-600x400.jpg 600w, https:\/\/cuernavaca.gob.mx\/wp-content\/uploads\/2022\/04\/Rigoberta-Menchu\u0301-01-560x373.jpg 560w\" sizes=\"(max-width: 1024px) 100vw, 1024px\" \/><\/figure>\n\n\n\n<figure class=\"wp-block-image size-large\"><img loading=\"lazy\" width=\"1024\" height=\"576\" data-id=\"9925\"  src=\"https:\/\/cuernavaca.gob.mx\/wp-content\/uploads\/2022\/04\/Rigoberta-Menchu\u0301-02.jpg\" alt=\"\" class=\"wp-image-9925\" srcset=\"https:\/\/cuernavaca.gob.mx\/wp-content\/uploads\/2022\/04\/Rigoberta-Menchu\u0301-02.jpg 1024w, https:\/\/cuernavaca.gob.mx\/wp-content\/uploads\/2022\/04\/Rigoberta-Menchu\u0301-02-300x169.jpg 300w, https:\/\/cuernavaca.gob.mx\/wp-content\/uploads\/2022\/04\/Rigoberta-Menchu\u0301-02-768x432.jpg 768w, https:\/\/cuernavaca.gob.mx\/wp-content\/uploads\/2022\/04\/Rigoberta-Menchu\u0301-02-600x338.jpg 600w, https:\/\/cuernavaca.gob.mx\/wp-content\/uploads\/2022\/04\/Rigoberta-Menchu\u0301-02-560x315.jpg 560w\" sizes=\"(max-width: 1024px) 100vw, 1024px\" \/><\/figure>\n\n\n\n<figure class=\"wp-block-image size-large\"><img loading=\"lazy\" width=\"1024\" height=\"682\" data-id=\"9927\"  src=\"https:\/\/cuernavaca.gob.mx\/wp-content\/uploads\/2022\/04\/Rigoberta-Menchu\u0301-03.jpg\" alt=\"\" class=\"wp-image-9927\" srcset=\"https:\/\/cuernavaca.gob.mx\/wp-content\/uploads\/2022\/04\/Rigoberta-Menchu\u0301-03.jpg 1024w, https:\/\/cuernavaca.gob.mx\/wp-content\/uploads\/2022\/04\/Rigoberta-Menchu\u0301-03-300x200.jpg 300w, https:\/\/cuernavaca.gob.mx\/wp-content\/uploads\/2022\/04\/Rigoberta-Menchu\u0301-03-768x512.jpg 768w, https:\/\/cuernavaca.gob.mx\/wp-content\/uploads\/2022\/04\/Rigoberta-Menchu\u0301-03-600x400.jpg 600w, https:\/\/cuernavaca.gob.mx\/wp-content\/uploads\/2022\/04\/Rigoberta-Menchu\u0301-03-560x373.jpg 560w\" sizes=\"(max-width: 1024px) 100vw, 1024px\" \/><\/figure>\n\n\n\n<figure class=\"wp-block-image size-large\"><img loading=\"lazy\" width=\"1024\" height=\"682\" data-id=\"9929\"  src=\"https:\/\/cuernavaca.gob.mx\/wp-content\/uploads\/2022\/04\/Rigoberta-Menchu\u0301-04-1024x682.jpg\" alt=\"\" class=\"wp-image-9929\" srcset=\"https:\/\/cuernavaca.gob.mx\/wp-content\/uploads\/2022\/04\/Rigoberta-Menchu\u0301-04-1024x682.jpg 1024w, https:\/\/cuernavaca.gob.mx\/wp-content\/uploads\/2022\/04\/Rigoberta-Menchu\u0301-04-300x200.jpg 300w, https:\/\/cuernavaca.gob.mx\/wp-content\/uploads\/2022\/04\/Rigoberta-Menchu\u0301-04-768x512.jpg 768w, https:\/\/cuernavaca.gob.mx\/wp-content\/uploads\/2022\/04\/Rigoberta-Menchu\u0301-04-1536x1023.jpg 1536w, https:\/\/cuernavaca.gob.mx\/wp-content\/uploads\/2022\/04\/Rigoberta-Menchu\u0301-04-600x400.jpg 600w, https:\/\/cuernavaca.gob.mx\/wp-content\/uploads\/2022\/04\/Rigoberta-Menchu\u0301-04-560x373.jpg 560w, https:\/\/cuernavaca.gob.mx\/wp-content\/uploads\/2022\/04\/Rigoberta-Menchu\u0301-04.jpg 1600w\" sizes=\"(max-width: 1024px) 100vw, 1024px\" \/><\/figure>\n\n\n\n<figure class=\"wp-block-image size-large\"><img loading=\"lazy\" width=\"1024\" height=\"682\" data-id=\"9928\"  src=\"https:\/\/cuernavaca.gob.mx\/wp-content\/uploads\/2022\/04\/Rigoberta-Menchu\u0301-05-1024x682.jpg\" alt=\"\" class=\"wp-image-9928\" srcset=\"https:\/\/cuernavaca.gob.mx\/wp-content\/uploads\/2022\/04\/Rigoberta-Menchu\u0301-05-1024x682.jpg 1024w, https:\/\/cuernavaca.gob.mx\/wp-content\/uploads\/2022\/04\/Rigoberta-Menchu\u0301-05-300x200.jpg 300w, https:\/\/cuernavaca.gob.mx\/wp-content\/uploads\/2022\/04\/Rigoberta-Menchu\u0301-05-768x512.jpg 768w, https:\/\/cuernavaca.gob.mx\/wp-content\/uploads\/2022\/04\/Rigoberta-Menchu\u0301-05-1536x1023.jpg 1536w, https:\/\/cuernavaca.gob.mx\/wp-content\/uploads\/2022\/04\/Rigoberta-Menchu\u0301-05-600x400.jpg 600w, https:\/\/cuernavaca.gob.mx\/wp-content\/uploads\/2022\/04\/Rigoberta-Menchu\u0301-05-560x373.jpg 560w, https:\/\/cuernavaca.gob.mx\/wp-content\/uploads\/2022\/04\/Rigoberta-Menchu\u0301-05.jpg 1600w\" sizes=\"(max-width: 1024px) 100vw, 1024px\" \/><\/figure>\n\n\n\n<figure class=\"wp-block-image size-large\"><img loading=\"lazy\" width=\"1024\" height=\"682\" data-id=\"9926\"  src=\"https:\/\/cuernavaca.gob.mx\/wp-content\/uploads\/2022\/04\/Rigoberta-Menchu\u0301-06.jpg\" alt=\"\" class=\"wp-image-9926\" srcset=\"https:\/\/cuernavaca.gob.mx\/wp-content\/uploads\/2022\/04\/Rigoberta-Menchu\u0301-06.jpg 1024w, https:\/\/cuernavaca.gob.mx\/wp-content\/uploads\/2022\/04\/Rigoberta-Menchu\u0301-06-300x200.jpg 300w, https:\/\/cuernavaca.gob.mx\/wp-content\/uploads\/2022\/04\/Rigoberta-Menchu\u0301-06-768x512.jpg 768w, https:\/\/cuernavaca.gob.mx\/wp-content\/uploads\/2022\/04\/Rigoberta-Menchu\u0301-06-600x400.jpg 600w, https:\/\/cuernavaca.gob.mx\/wp-content\/uploads\/2022\/04\/Rigoberta-Menchu\u0301-06-560x373.jpg 560w\" sizes=\"(max-width: 1024px) 100vw, 1024px\" \/><\/figure>\n\n\n\n<figure class=\"wp-block-image size-large\"><img loading=\"lazy\" width=\"1024\" height=\"682\" data-id=\"9930\"  src=\"https:\/\/cuernavaca.gob.mx\/wp-content\/uploads\/2022\/04\/Rigoberta-Menchu\u0301-07.jpg\" alt=\"\" class=\"wp-image-9930\" srcset=\"https:\/\/cuernavaca.gob.mx\/wp-content\/uploads\/2022\/04\/Rigoberta-Menchu\u0301-07.jpg 1024w, https:\/\/cuernavaca.gob.mx\/wp-content\/uploads\/2022\/04\/Rigoberta-Menchu\u0301-07-300x200.jpg 300w, https:\/\/cuernavaca.gob.mx\/wp-content\/uploads\/2022\/04\/Rigoberta-Menchu\u0301-07-768x512.jpg 768w, https:\/\/cuernavaca.gob.mx\/wp-content\/uploads\/2022\/04\/Rigoberta-Menchu\u0301-07-600x400.jpg 600w, https:\/\/cuernavaca.gob.mx\/wp-content\/uploads\/2022\/04\/Rigoberta-Menchu\u0301-07-560x373.jpg 560w\" sizes=\"(max-width: 1024px) 100vw, 1024px\" \/><\/figure>\n\n\n\n<figure class=\"wp-block-image size-large\"><img loading=\"lazy\" width=\"1024\" height=\"682\" data-id=\"9931\"  src=\"https:\/\/cuernavaca.gob.mx\/wp-content\/uploads\/2022\/04\/Rigoberta-Menchu\u0301-08.jpg\" alt=\"\" class=\"wp-image-9931\" srcset=\"https:\/\/cuernavaca.gob.mx\/wp-content\/uploads\/2022\/04\/Rigoberta-Menchu\u0301-08.jpg 1024w, https:\/\/cuernavaca.gob.mx\/wp-content\/uploads\/2022\/04\/Rigoberta-Menchu\u0301-08-300x200.jpg 300w, https:\/\/cuernavaca.gob.mx\/wp-content\/uploads\/2022\/04\/Rigoberta-Menchu\u0301-08-768x512.jpg 768w, https:\/\/cuernavaca.gob.mx\/wp-content\/uploads\/2022\/04\/Rigoberta-Menchu\u0301-08-600x400.jpg 600w, https:\/\/cuernavaca.gob.mx\/wp-content\/uploads\/2022\/04\/Rigoberta-Menchu\u0301-08-560x373.jpg 560w\" sizes=\"(max-width: 1024px) 100vw, 1024px\" \/><\/figure>\n\n\n\n<figure class=\"wp-block-image size-large\"><img loading=\"lazy\" width=\"1024\" height=\"682\" data-id=\"9932\"  src=\"https:\/\/cuernavaca.gob.mx\/wp-content\/uploads\/2022\/04\/Rigoberta-Menchu\u0301-09.jpg\" alt=\"\" class=\"wp-image-9932\" srcset=\"https:\/\/cuernavaca.gob.mx\/wp-content\/uploads\/2022\/04\/Rigoberta-Menchu\u0301-09.jpg 1024w, https:\/\/cuernavaca.gob.mx\/wp-content\/uploads\/2022\/04\/Rigoberta-Menchu\u0301-09-300x200.jpg 300w, https:\/\/cuernavaca.gob.mx\/wp-content\/uploads\/2022\/04\/Rigoberta-Menchu\u0301-09-768x512.jpg 768w, https:\/\/cuernavaca.gob.mx\/wp-content\/uploads\/2022\/04\/Rigoberta-Menchu\u0301-09-600x400.jpg 600w, https:\/\/cuernavaca.gob.mx\/wp-content\/uploads\/2022\/04\/Rigoberta-Menchu\u0301-09-560x373.jpg 560w\" sizes=\"(max-width: 1024px) 100vw, 1024px\" \/><\/figure>\n<\/figure>\n","protected":false},"excerpt":{"rendered":"<p>La distinci\u00f3n se hizo en Sesi\u00f3n Solemne de Cabildo en reconocimiento a su labor a favor de los derechos de los pueblos ind\u00edgenas, las mujeres y la paz Como reconocimiento a sus contribuciones en el campo de la defensa de los derechos humanos, los derechos y justicia para las mujeres, la reivindicaci\u00f3n de los pueblos [&hellip;]<\/p>\n","protected":false},"author":1,"featured_media":9929,"comment_status":"closed","ping_status":"closed","sticky":false,"template":"","format":"standard","meta":[],"categories":[20],"tags":[158,121,120,532,133,531,530],"aioseo_notices":[],"_links":{"self":[{"href":"https:\/\/cuernavaca.gob.mx\/index.php?rest_route=\/wp\/v2\/posts\/9923"}],"collection":[{"href":"https:\/\/cuernavaca.gob.mx\/index.php?rest_route=\/wp\/v2\/posts"}],"about":[{"href":"https:\/\/cuernavaca.gob.mx\/index.php?rest_route=\/wp\/v2\/types\/post"}],"author":[{"embeddable":true,"href":"https:\/\/cuernavaca.gob.mx\/index.php?rest_route=\/wp\/v2\/users\/1"}],"replies":[{"embeddable":true,"href":"https:\/\/cuernavaca.gob.mx\/index.php?rest_route=%2Fwp%2Fv2%2Fcomments&post=9923"}],"version-history":[{"count":2,"href":"https:\/\/cuernavaca.gob.mx\/index.php?rest_route=\/wp\/v2\/posts\/9923\/revisions"}],"predecessor-version":[{"id":9934,"href":"https:\/\/cuernavaca.gob.mx\/index.php?rest_route=\/wp\/v2\/posts\/9923\/revisions\/9934"}],"wp:featuredmedia":[{"embeddable":true,"href":"https:\/\/cuernavaca.gob.mx\/index.php?rest_route=\/wp\/v2\/media\/9929"}],"wp:attachment":[{"href":"https:\/\/cuernavaca.gob.mx\/index.php?rest_route=%2Fwp%2Fv2%2Fmedia&parent=9923"}],"wp:term":[{"taxonomy":"category","embeddable":true,"href":"https:\/\/cuernavaca.gob.mx\/index.php?rest_route=%2Fwp%2Fv2%2Fcategories&post=9923"},{"taxonomy":"post_tag","embeddable":true,"href":"https:\/\/cuernavaca.gob.mx\/index.php?rest_route=%2Fwp%2Fv2%2Ftags&post=9923"}],"curies":[{"name":"wp","href":"https:\/\/api.w.org\/{rel}","templated":true}]}}