{"id":9936,"date":"2022-04-27T10:00:00","date_gmt":"2022-04-27T10:00:00","guid":{"rendered":"http:\/\/cuernavaca.gob.mx\/?p=9936"},"modified":"2025-05-06T11:17:26","modified_gmt":"2025-05-06T17:17:26","slug":"gobierno-de-cuernavaca-da-continuidad-a-la-reparacion-de-vialidades-de-cuernavaca","status":"publish","type":"post","link":"https:\/\/cuernavaca.gob.mx\/?p=9936","title":{"rendered":"Gobierno de Cuernavaca da continuidad a la reparaci\u00f3n de vialidades de Cuernavaca"},"content":{"rendered":"\n<p><strong>En Avenida \u00c1lvaro Obreg\u00f3n y avenida Cuauht\u00e9moc arrancaron los trabajos de mantenimiento y reparaci\u00f3n del programa \u201cVialidades Seguras\u201d<\/strong><\/p>\n\n\n\n<p><strong>El Ayuntamiento de Cuernavaca da prioridad a obras que dar\u00e1n seguridad a la poblaci\u00f3n cuernavacense<\/strong><\/p>\n\n\n\n<p>Dando cumplimiento al compromiso asumido de trabajar para detonar el renacimiento de Cuernavaca, el Gobierno Municipal a trav\u00e9s de la Secretar\u00eda de Desarrollo Urbano y Obras P\u00fablica contin\u00faa con el plan integral de mantenimiento y reparaci\u00f3n de vialidades, ahora en avenida \u00c1lvaro Obreg\u00f3n y avenida Cuauht\u00e9moc donde se estar\u00e1 priorizando no solo las condiciones para el tr\u00e1nsito de los automovilistas, sino tambi\u00e9n para hacer valer el derecho de los peatones.<\/p>\n\n\n\n<p>Las obras forman parte del Programa de Vialidades Seguras aprobado por el Cabildo de Cuernavaca y que dio inicio hace un mes con una inversi\u00f3n hist\u00f3rica de recursos propios para el actual ejercicio fiscal por 60 millones de pesos y que incluye 13 vialidades de grandes dimensiones y movilidad en la ciudad.<\/p>\n\n\n\n<p>Encabezados por el presidente municipal de Cuernavaca, Jos\u00e9 Luis Uri\u00f3stegui Salgado, integrantes del Cabildo y del gabinete municipal, arrancaron este martes por la noche el mantenimiento y reparaci\u00f3n con pavimento de concreto asf\u00e1ltico a 11 mil 214 metros cuadros de la avenida \u00c1lvaro Obreg\u00f3n en la Delegaci\u00f3n Benito Ju\u00e1rez, donde adem\u00e1s se llevar\u00e1n a cabo trabajos de bacheo en 150.65 metros cuadrados. \u00c9sta obra beneficiar\u00e1 a un estimado de tres mil 120 habitantes y tendr\u00e1 19 mil 950 beneficiarios indirectos.<\/p>\n\n\n\n<p>De igual forma, en avenida Cuauht\u00e9moc se ejecutan obras de mantenimiento y reparaci\u00f3n con pavimento de concreto asf\u00e1ltico a 2 mil 100 metros cuadrados y trabajos de bacheo a 278 metros cuadrados, que beneficiar\u00e1 directamente a dos mil 460 habitantes y a 21 mil 700 beneficiarios indirectos.<\/p>\n\n\n\n<p>Aunado a ello, en las dos obras se estar\u00e1 realizando la reposici\u00f3n de banquetas en mal estado, la renivelaci\u00f3n de pozos de visita, rejillas y tapas de registro, as\u00ed como el balizamiento en l\u00edneas centrales, guarniciones y pasos peatonales, con el objeto de dar seguridad tanto a los automovilistas como a los transe\u00fantes, entreg\u00e1ndole a la ciudadan\u00eda una vialidad m\u00e1s accesible en todos los aspectos.<\/p>\n\n\n\n<p>Al respecto, el alcalde, Jos\u00e9 Luis Uri\u00f3stegui, se\u00f1al\u00f3 que los trabajos que est\u00e1 efectuando la administraci\u00f3n municipal tienen como prop\u00f3sito mejorar la vialidad en la ciudad, otorgando calles y avenidas dignas donde circulen los veh\u00edculos particulares, el transporte p\u00fablico de pasajeros y de carga, sumando a estos trabajos la atenci\u00f3n de banquetas en mal estado, el cambio e instalaci\u00f3n de luminarias, el balizamiento y la poda adecuada de \u00e1rboles, que en conjunto establecen vialidades seguras.<\/p>\n\n\n\n<p>Destac\u00f3 que independiente de lo que significa para el Ayuntamiento de Cuernavaca la sentencia judicial a favor de la empresa Promotora Ambiental (PASA) Cuernavaca S.A. de C.V., no dejar\u00e1n de lado programas de inversi\u00f3n p\u00fablica que mejoren la seguridad de la poblaci\u00f3n.<\/p>\n\n\n\n<p>\u201cUn compromiso de este Cabildo es mejorar la seguridad p\u00fablica en la ciudad, mejorar la movilidad, en particular de las personas de m\u00e1s edad y las mujeres, siendo un gran compromiso de esta administraci\u00f3n lograr que nuestras ni\u00f1as, adolescentes y mujeres tengan condiciones de seguridad en la movilidad al interior de la ciudad\u201d, subray\u00f3.<\/p>\n\n\n\n<p>El secretario de Desarrollo Urbano y Obras P\u00fablicas, Alejandro Rosas L\u00f3pez, inform\u00f3 que \u00e9stas obras tendr\u00e1n una duraci\u00f3n de 45 d\u00edas cada una, realizando trabajos nocturnos que no requieren el cierre de las vialidades en su totalidad, iniciar\u00e1n a partir de las 10 de la noche hasta las cinco de la ma\u00f1ana, a fin de no dar molestias a los vecinos.<\/p>\n\n\n\n<p>Las v\u00edas alternas por las obras son: para \u00c1lvaro Obreg\u00f3n bajando por el columpio hasta llegar a avenida \u00c1vila Camacho donde se ubicaba el cine Cuernavaca y regresar a avenida \u00c1lvaro Obreg\u00f3n, mientras que en avenida Cuauht\u00e9moc se dejar\u00e1 libre un carril.<\/p>\n\n\n\n<p>En el inicio de los trabajos de mantenimiento y reparaci\u00f3n de vialidades por parte del Gobierno Municipal de Cuernavaca se cuenta con la presencia de vecinos del lugar, que agradecieron la intenci\u00f3n del municipio por embellecer la vialidad, demostrando la voluntad y ganas de trabajar.<\/p>\n\n\n\n<figure class=\"wp-container-2 wp-block-gallery-1 wp-block-gallery has-nested-images columns-default is-cropped\">\n<figure class=\"wp-block-image size-large\"><img loading=\"lazy\" width=\"1024\" height=\"682\" data-id=\"9937\"  src=\"https:\/\/cuernavaca.gob.mx\/wp-content\/uploads\/2022\/04\/Vialidades-Seguras-Alvaro-Obrego\u0301n-01-1024x682.jpg\" alt=\"\" class=\"wp-image-9937\" srcset=\"https:\/\/cuernavaca.gob.mx\/wp-content\/uploads\/2022\/04\/Vialidades-Seguras-Alvaro-Obrego\u0301n-01-1024x682.jpg 1024w, https:\/\/cuernavaca.gob.mx\/wp-content\/uploads\/2022\/04\/Vialidades-Seguras-Alvaro-Obrego\u0301n-01-300x200.jpg 300w, https:\/\/cuernavaca.gob.mx\/wp-content\/uploads\/2022\/04\/Vialidades-Seguras-Alvaro-Obrego\u0301n-01-768x512.jpg 768w, https:\/\/cuernavaca.gob.mx\/wp-content\/uploads\/2022\/04\/Vialidades-Seguras-Alvaro-Obrego\u0301n-01-600x400.jpg 600w, https:\/\/cuernavaca.gob.mx\/wp-content\/uploads\/2022\/04\/Vialidades-Seguras-Alvaro-Obrego\u0301n-01-560x373.jpg 560w, https:\/\/cuernavaca.gob.mx\/wp-content\/uploads\/2022\/04\/Vialidades-Seguras-Alvaro-Obrego\u0301n-01.jpg 1280w\" sizes=\"(max-width: 1024px) 100vw, 1024px\" \/><\/figure>\n\n\n\n<figure class=\"wp-block-image size-large\"><img loading=\"lazy\" width=\"1024\" height=\"682\" data-id=\"9940\"  src=\"https:\/\/cuernavaca.gob.mx\/wp-content\/uploads\/2022\/04\/Vialidades-Seguras-Alvaro-Obrego\u0301n-02-1024x682.jpg\" alt=\"\" class=\"wp-image-9940\" srcset=\"https:\/\/cuernavaca.gob.mx\/wp-content\/uploads\/2022\/04\/Vialidades-Seguras-Alvaro-Obrego\u0301n-02-1024x682.jpg 1024w, https:\/\/cuernavaca.gob.mx\/wp-content\/uploads\/2022\/04\/Vialidades-Seguras-Alvaro-Obrego\u0301n-02-300x200.jpg 300w, https:\/\/cuernavaca.gob.mx\/wp-content\/uploads\/2022\/04\/Vialidades-Seguras-Alvaro-Obrego\u0301n-02-768x512.jpg 768w, https:\/\/cuernavaca.gob.mx\/wp-content\/uploads\/2022\/04\/Vialidades-Seguras-Alvaro-Obrego\u0301n-02-600x400.jpg 600w, https:\/\/cuernavaca.gob.mx\/wp-content\/uploads\/2022\/04\/Vialidades-Seguras-Alvaro-Obrego\u0301n-02-560x373.jpg 560w, https:\/\/cuernavaca.gob.mx\/wp-content\/uploads\/2022\/04\/Vialidades-Seguras-Alvaro-Obrego\u0301n-02.jpg 1280w\" sizes=\"(max-width: 1024px) 100vw, 1024px\" \/><\/figure>\n\n\n\n<figure class=\"wp-block-image size-large\"><img loading=\"lazy\" width=\"1024\" height=\"682\" data-id=\"9941\"  src=\"https:\/\/cuernavaca.gob.mx\/wp-content\/uploads\/2022\/04\/Vialidades-Seguras-Alvaro-Obrego\u0301n-03-1024x682.jpg\" alt=\"\" class=\"wp-image-9941\" srcset=\"https:\/\/cuernavaca.gob.mx\/wp-content\/uploads\/2022\/04\/Vialidades-Seguras-Alvaro-Obrego\u0301n-03-1024x682.jpg 1024w, https:\/\/cuernavaca.gob.mx\/wp-content\/uploads\/2022\/04\/Vialidades-Seguras-Alvaro-Obrego\u0301n-03-300x200.jpg 300w, https:\/\/cuernavaca.gob.mx\/wp-content\/uploads\/2022\/04\/Vialidades-Seguras-Alvaro-Obrego\u0301n-03-768x512.jpg 768w, https:\/\/cuernavaca.gob.mx\/wp-content\/uploads\/2022\/04\/Vialidades-Seguras-Alvaro-Obrego\u0301n-03-600x400.jpg 600w, https:\/\/cuernavaca.gob.mx\/wp-content\/uploads\/2022\/04\/Vialidades-Seguras-Alvaro-Obrego\u0301n-03-560x373.jpg 560w, https:\/\/cuernavaca.gob.mx\/wp-content\/uploads\/2022\/04\/Vialidades-Seguras-Alvaro-Obrego\u0301n-03.jpg 1280w\" sizes=\"(max-width: 1024px) 100vw, 1024px\" \/><\/figure>\n\n\n\n<figure class=\"wp-block-image size-large\"><img loading=\"lazy\" width=\"1024\" height=\"682\" data-id=\"9938\"  src=\"https:\/\/cuernavaca.gob.mx\/wp-content\/uploads\/2022\/04\/Vialidades-Seguras-Alvaro-Obrego\u0301n-04-1024x682.jpg\" alt=\"\" class=\"wp-image-9938\" srcset=\"https:\/\/cuernavaca.gob.mx\/wp-content\/uploads\/2022\/04\/Vialidades-Seguras-Alvaro-Obrego\u0301n-04-1024x682.jpg 1024w, https:\/\/cuernavaca.gob.mx\/wp-content\/uploads\/2022\/04\/Vialidades-Seguras-Alvaro-Obrego\u0301n-04-300x200.jpg 300w, https:\/\/cuernavaca.gob.mx\/wp-content\/uploads\/2022\/04\/Vialidades-Seguras-Alvaro-Obrego\u0301n-04-768x512.jpg 768w, https:\/\/cuernavaca.gob.mx\/wp-content\/uploads\/2022\/04\/Vialidades-Seguras-Alvaro-Obrego\u0301n-04-600x400.jpg 600w, https:\/\/cuernavaca.gob.mx\/wp-content\/uploads\/2022\/04\/Vialidades-Seguras-Alvaro-Obrego\u0301n-04-560x373.jpg 560w, https:\/\/cuernavaca.gob.mx\/wp-content\/uploads\/2022\/04\/Vialidades-Seguras-Alvaro-Obrego\u0301n-04.jpg 1280w\" sizes=\"(max-width: 1024px) 100vw, 1024px\" \/><\/figure>\n\n\n\n<figure class=\"wp-block-image size-large\"><img loading=\"lazy\" width=\"1024\" height=\"682\" data-id=\"9942\"  src=\"https:\/\/cuernavaca.gob.mx\/wp-content\/uploads\/2022\/04\/Vialidades-Seguras-Alvaro-Obrego\u0301n-05-1024x682.jpg\" alt=\"\" class=\"wp-image-9942\" srcset=\"https:\/\/cuernavaca.gob.mx\/wp-content\/uploads\/2022\/04\/Vialidades-Seguras-Alvaro-Obrego\u0301n-05-1024x682.jpg 1024w, https:\/\/cuernavaca.gob.mx\/wp-content\/uploads\/2022\/04\/Vialidades-Seguras-Alvaro-Obrego\u0301n-05-300x200.jpg 300w, https:\/\/cuernavaca.gob.mx\/wp-content\/uploads\/2022\/04\/Vialidades-Seguras-Alvaro-Obrego\u0301n-05-768x512.jpg 768w, https:\/\/cuernavaca.gob.mx\/wp-content\/uploads\/2022\/04\/Vialidades-Seguras-Alvaro-Obrego\u0301n-05-600x400.jpg 600w, https:\/\/cuernavaca.gob.mx\/wp-content\/uploads\/2022\/04\/Vialidades-Seguras-Alvaro-Obrego\u0301n-05-560x373.jpg 560w, https:\/\/cuernavaca.gob.mx\/wp-content\/uploads\/2022\/04\/Vialidades-Seguras-Alvaro-Obrego\u0301n-05.jpg 1280w\" sizes=\"(max-width: 1024px) 100vw, 1024px\" \/><\/figure>\n\n\n\n<figure class=\"wp-block-image size-large\"><img loading=\"lazy\" width=\"1024\" height=\"682\" data-id=\"9939\"  src=\"https:\/\/cuernavaca.gob.mx\/wp-content\/uploads\/2022\/04\/Vialidades-Seguras-Alvaro-Obrego\u0301n-06-1024x682.jpg\" alt=\"\" class=\"wp-image-9939\" srcset=\"https:\/\/cuernavaca.gob.mx\/wp-content\/uploads\/2022\/04\/Vialidades-Seguras-Alvaro-Obrego\u0301n-06-1024x682.jpg 1024w, https:\/\/cuernavaca.gob.mx\/wp-content\/uploads\/2022\/04\/Vialidades-Seguras-Alvaro-Obrego\u0301n-06-300x200.jpg 300w, https:\/\/cuernavaca.gob.mx\/wp-content\/uploads\/2022\/04\/Vialidades-Seguras-Alvaro-Obrego\u0301n-06-768x512.jpg 768w, https:\/\/cuernavaca.gob.mx\/wp-content\/uploads\/2022\/04\/Vialidades-Seguras-Alvaro-Obrego\u0301n-06-600x400.jpg 600w, https:\/\/cuernavaca.gob.mx\/wp-content\/uploads\/2022\/04\/Vialidades-Seguras-Alvaro-Obrego\u0301n-06-560x373.jpg 560w, https:\/\/cuernavaca.gob.mx\/wp-content\/uploads\/2022\/04\/Vialidades-Seguras-Alvaro-Obrego\u0301n-06.jpg 1280w\" sizes=\"(max-width: 1024px) 100vw, 1024px\" \/><\/figure>\n\n\n\n<figure class=\"wp-block-image size-large\"><img loading=\"lazy\" width=\"1024\" height=\"682\" data-id=\"9943\"  src=\"https:\/\/cuernavaca.gob.mx\/wp-content\/uploads\/2022\/04\/Vialidades-Seguras-Alvaro-Obrego\u0301n-07-1024x682.jpg\" alt=\"\" class=\"wp-image-9943\" srcset=\"https:\/\/cuernavaca.gob.mx\/wp-content\/uploads\/2022\/04\/Vialidades-Seguras-Alvaro-Obrego\u0301n-07-1024x682.jpg 1024w, https:\/\/cuernavaca.gob.mx\/wp-content\/uploads\/2022\/04\/Vialidades-Seguras-Alvaro-Obrego\u0301n-07-300x200.jpg 300w, https:\/\/cuernavaca.gob.mx\/wp-content\/uploads\/2022\/04\/Vialidades-Seguras-Alvaro-Obrego\u0301n-07-768x512.jpg 768w, https:\/\/cuernavaca.gob.mx\/wp-content\/uploads\/2022\/04\/Vialidades-Seguras-Alvaro-Obrego\u0301n-07-600x400.jpg 600w, https:\/\/cuernavaca.gob.mx\/wp-content\/uploads\/2022\/04\/Vialidades-Seguras-Alvaro-Obrego\u0301n-07-560x373.jpg 560w, https:\/\/cuernavaca.gob.mx\/wp-content\/uploads\/2022\/04\/Vialidades-Seguras-Alvaro-Obrego\u0301n-07.jpg 1280w\" sizes=\"(max-width: 1024px) 100vw, 1024px\" \/><\/figure>\n<\/figure>\n","protected":false},"excerpt":{"rendered":"<p>En Avenida \u00c1lvaro Obreg\u00f3n y avenida Cuauht\u00e9moc arrancaron los trabajos de mantenimiento y reparaci\u00f3n del programa \u201cVialidades Seguras\u201d El Ayuntamiento de Cuernavaca da prioridad a obras que dar\u00e1n seguridad a la poblaci\u00f3n cuernavacense Dando cumplimiento al compromiso asumido de trabajar para detonar el renacimiento de Cuernavaca, el Gobierno Municipal a trav\u00e9s de la Secretar\u00eda de [&hellip;]<\/p>\n","protected":false},"author":1,"featured_media":9938,"comment_status":"closed","ping_status":"closed","sticky":false,"template":"","format":"standard","meta":[],"categories":[20,18],"tags":[534,359,121,533,120,133,356,125,535],"aioseo_notices":[],"_links":{"self":[{"href":"https:\/\/cuernavaca.gob.mx\/index.php?rest_route=\/wp\/v2\/posts\/9936"}],"collection":[{"href":"https:\/\/cuernavaca.gob.mx\/index.php?rest_route=\/wp\/v2\/posts"}],"about":[{"href":"https:\/\/cuernavaca.gob.mx\/index.php?rest_route=\/wp\/v2\/types\/post"}],"author":[{"embeddable":true,"href":"https:\/\/cuernavaca.gob.mx\/index.php?rest_route=\/wp\/v2\/users\/1"}],"replies":[{"embeddable":true,"href":"https:\/\/cuernavaca.gob.mx\/index.php?rest_route=%2Fwp%2Fv2%2Fcomments&post=9936"}],"version-history":[{"count":2,"href":"https:\/\/cuernavaca.gob.mx\/index.php?rest_route=\/wp\/v2\/posts\/9936\/revisions"}],"predecessor-version":[{"id":9945,"href":"https:\/\/cuernavaca.gob.mx\/index.php?rest_route=\/wp\/v2\/posts\/9936\/revisions\/9945"}],"wp:featuredmedia":[{"embeddable":true,"href":"https:\/\/cuernavaca.gob.mx\/index.php?rest_route=\/wp\/v2\/media\/9938"}],"wp:attachment":[{"href":"https:\/\/cuernavaca.gob.mx\/index.php?rest_route=%2Fwp%2Fv2%2Fmedia&parent=9936"}],"wp:term":[{"taxonomy":"category","embeddable":true,"href":"https:\/\/cuernavaca.gob.mx\/index.php?rest_route=%2Fwp%2Fv2%2Fcategories&post=9936"},{"taxonomy":"post_tag","embeddable":true,"href":"https:\/\/cuernavaca.gob.mx\/index.php?rest_route=%2Fwp%2Fv2%2Ftags&post=9936"}],"curies":[{"name":"wp","href":"https:\/\/api.w.org\/{rel}","templated":true}]}}