{"id":9946,"date":"2022-04-27T12:00:00","date_gmt":"2022-04-27T12:00:00","guid":{"rendered":"http:\/\/cuernavaca.gob.mx\/?p=9946"},"modified":"2025-05-06T11:17:26","modified_gmt":"2025-05-06T17:17:26","slug":"ayuntamiento-de-cuernavaca-y-uaem-acuerdan-sumar-esfuerzos-para-fortalecer-la-administracion-publica-municipal","status":"publish","type":"post","link":"https:\/\/cuernavaca.gob.mx\/?p=9946","title":{"rendered":"Ayuntamiento de Cuernavaca y UAEM acuerdan sumar esfuerzos para fortalecer la administraci\u00f3n p\u00fablica municipal"},"content":{"rendered":"\n<p><strong>El presidente Jos\u00e9 Luis Uri\u00f3stegui y el rector de la UAEM, Gustavo Urquiza formalizan convenio de colaboraci\u00f3n general<\/strong><\/p>\n\n\n\n<p><strong>La firma del acuerdo fue validada y atestiguada por integrantes del Cabildo y autoridades de la m\u00e1xima casa de estudios<\/strong><\/p>\n\n\n\n<p>Con el objetivo de vincular a la comunidad universitaria en tareas de la administraci\u00f3n p\u00fablica municipal y generar proyectos en conjunto, el Ayuntamiento de Cuernavaca firm\u00f3 un convenio general de colaboraci\u00f3n con la Universidad Aut\u00f3noma del Estado de Morelos (UAEM), como parte de la vinculaci\u00f3n que mantiene con organizaciones p\u00fablicas y privadas que beneficiar\u00e1n a la poblaci\u00f3n cuernavacense.<\/p>\n\n\n\n<p>El alcalde de Cuernavaca, Jos\u00e9 Luis Uri\u00f3stegui Salgado ante el rector Gustavo Urquiza Beltr\u00e1n y autoridades de la administraci\u00f3n central, expres\u00f3 que el convenio beneficiar\u00e1 a la poblaci\u00f3n de Cuernavaca a trav\u00e9s de la prestaci\u00f3n de servicios tanto sociales como pr\u00e1cticas en cada una de las disciplinas que sea factible que se apliquen desde las diversas \u00e1reas del gobierno municipal, ayudando a fortalecer la administraci\u00f3n p\u00fablica municipal, a dotar de conocimientos a los trabajadores y a transformar la forma de ver las cosas y hacerlas.<\/p>\n\n\n\n<p>Destac\u00f3 que a pesar de las carencias que enfrenta, el Ayuntamiento de Cuernavaca es un nicho de oportunidades, al contar con \u00e1reas en diferentes rubros y materias, necesitando a especialistas de m\u00faltiples disciplinas, aunado a la amplia capacidad de recibir personas que deseen aportar algo al desarrollo de la comunidad a trav\u00e9s de la prestaci\u00f3n de servicios y que a su vez se pueda transformar en una opci\u00f3n de desarrollo laboral.<\/p>\n\n\n\n<p>\u201cEl Ayuntamiento de Cuernavaca estar\u00e1 abierto a que todas las estudiantes, todos los estudiantes, los profesionales, los investigadores que busquen un espacio para desarrollar a\u00fan m\u00e1s su conocimiento estar\u00e1 listo\u201d, extern\u00f3.<\/p>\n\n\n\n<p>Por su lado, el rector de la UAEM, Gustavo Urquiza, explic\u00f3 que la finalidad del convenio es establecer las bases para la realizaci\u00f3n de actividades conjuntas encaminadas a la superaci\u00f3n acad\u00e9mica, la formaci\u00f3n y capacitaci\u00f3n profesional, el desarrollo de la ciencia y la tecnolog\u00eda y la divulgaci\u00f3n del conocimiento, mediante la programaci\u00f3n, planeaci\u00f3n y ejecuci\u00f3n de acciones de colaboraci\u00f3n, intercambio y apoyo mutuo que beneficien a la universidad, al ayuntamiento y a la sociedad en general.<\/p>\n\n\n\n<p>El rector y catedr\u00e1tico de la UAEM reconoci\u00f3 el apoyo que han recibido desde la llegada de la actual administraci\u00f3n municipal, no solo con la firma de \u00e9ste convenio, sino tambi\u00e9n para atender ciertas problem\u00e1ticas que aquejan al alumnado y docentes, como fue el bacheo en la salida de la puerta 2 de la UAEM que estaba en muy estado.<\/p>\n\n\n\n<p>Al tener la encomienda de administrar el convenio, la s\u00edndica municipal de Cuernavaca, Ver\u00f3nica Atenco P\u00e9rez, asegur\u00f3 que a trav\u00e9s de \u00e9ste v\u00ednculo generar\u00e1n actividades en conjunto que podr\u00e1n beneficiar a la ciudadan\u00eda y que lograr\u00e1n que Cuernavaca renazca.<\/p>\n\n\n\n<p>El secretario Acad\u00e9mico de la UAEM, Mario Ordo\u00f1ez Palacios, puntualiz\u00f3 que el convenio permitir\u00e1 a todos los universitarios a participar en el desarrollo de proyectos que se establecen en el Plan Municipal de Desarrollo 2022-2024 del Gobierno Municipal de Cuernavaca, y de \u00e9sta manera la universidad pueda participar en la soluci\u00f3n de problemas en beneficio de la sociedad cuernavacense.<\/p>\n\n\n\n<p>En el marco de la firma de convenio general de colaboraci\u00f3n, el secretario del Ayuntamiento, Carlos de la Rosa Segura, manifest\u00f3 que como ex alumno de la otrora Escuela de Derecho y Ciencias Sociales al igual que el presidente municipal espera cumplir con el cometido que en las aulas les fue concedido y que por medio del estudio hoy pretende desarrollar.<\/p>\n\n\n\n<p>En la firma de convenio se cont\u00f3 con la presencia de las regidoras Mirna Mireya Delgado Romero, Wendi Salinas Ruiz, Debendrenath Salazar Solorio y Jes\u00fas Tlalcaelel Rosales Puebla.<\/p>\n\n\n\n<figure class=\"wp-container-2 wp-block-gallery-1 wp-block-gallery has-nested-images columns-default is-cropped\">\n<figure class=\"wp-block-image size-large\"><img loading=\"lazy\" width=\"1024\" height=\"682\" data-id=\"9947\"  src=\"https:\/\/cuernavaca.gob.mx\/wp-content\/uploads\/2022\/04\/Cuernavaca-y-UAEM-01.jpg\" alt=\"\" class=\"wp-image-9947\" srcset=\"https:\/\/cuernavaca.gob.mx\/wp-content\/uploads\/2022\/04\/Cuernavaca-y-UAEM-01.jpg 1024w, https:\/\/cuernavaca.gob.mx\/wp-content\/uploads\/2022\/04\/Cuernavaca-y-UAEM-01-300x200.jpg 300w, https:\/\/cuernavaca.gob.mx\/wp-content\/uploads\/2022\/04\/Cuernavaca-y-UAEM-01-768x512.jpg 768w, https:\/\/cuernavaca.gob.mx\/wp-content\/uploads\/2022\/04\/Cuernavaca-y-UAEM-01-600x400.jpg 600w, https:\/\/cuernavaca.gob.mx\/wp-content\/uploads\/2022\/04\/Cuernavaca-y-UAEM-01-560x373.jpg 560w\" sizes=\"(max-width: 1024px) 100vw, 1024px\" \/><\/figure>\n\n\n\n<figure class=\"wp-block-image size-large\"><img loading=\"lazy\" width=\"1024\" height=\"682\" data-id=\"9950\"  src=\"https:\/\/cuernavaca.gob.mx\/wp-content\/uploads\/2022\/04\/Cuernavaca-y-UAEM-02.jpg\" alt=\"\" class=\"wp-image-9950\" srcset=\"https:\/\/cuernavaca.gob.mx\/wp-content\/uploads\/2022\/04\/Cuernavaca-y-UAEM-02.jpg 1024w, https:\/\/cuernavaca.gob.mx\/wp-content\/uploads\/2022\/04\/Cuernavaca-y-UAEM-02-300x200.jpg 300w, https:\/\/cuernavaca.gob.mx\/wp-content\/uploads\/2022\/04\/Cuernavaca-y-UAEM-02-768x512.jpg 768w, https:\/\/cuernavaca.gob.mx\/wp-content\/uploads\/2022\/04\/Cuernavaca-y-UAEM-02-600x400.jpg 600w, https:\/\/cuernavaca.gob.mx\/wp-content\/uploads\/2022\/04\/Cuernavaca-y-UAEM-02-560x373.jpg 560w\" sizes=\"(max-width: 1024px) 100vw, 1024px\" \/><\/figure>\n\n\n\n<figure class=\"wp-block-image size-large\"><img loading=\"lazy\" width=\"1024\" height=\"682\" data-id=\"9952\"  src=\"https:\/\/cuernavaca.gob.mx\/wp-content\/uploads\/2022\/04\/Cuernavaca-y-UAEM-03.jpg\" alt=\"\" class=\"wp-image-9952\" srcset=\"https:\/\/cuernavaca.gob.mx\/wp-content\/uploads\/2022\/04\/Cuernavaca-y-UAEM-03.jpg 1024w, https:\/\/cuernavaca.gob.mx\/wp-content\/uploads\/2022\/04\/Cuernavaca-y-UAEM-03-300x200.jpg 300w, https:\/\/cuernavaca.gob.mx\/wp-content\/uploads\/2022\/04\/Cuernavaca-y-UAEM-03-768x512.jpg 768w, https:\/\/cuernavaca.gob.mx\/wp-content\/uploads\/2022\/04\/Cuernavaca-y-UAEM-03-600x400.jpg 600w, https:\/\/cuernavaca.gob.mx\/wp-content\/uploads\/2022\/04\/Cuernavaca-y-UAEM-03-560x373.jpg 560w\" sizes=\"(max-width: 1024px) 100vw, 1024px\" \/><\/figure>\n\n\n\n<figure class=\"wp-block-image size-large\"><img loading=\"lazy\" width=\"1024\" height=\"682\" data-id=\"9948\"  src=\"https:\/\/cuernavaca.gob.mx\/wp-content\/uploads\/2022\/04\/Cuernavaca-y-UAEM-04.jpg\" alt=\"\" class=\"wp-image-9948\" srcset=\"https:\/\/cuernavaca.gob.mx\/wp-content\/uploads\/2022\/04\/Cuernavaca-y-UAEM-04.jpg 1024w, https:\/\/cuernavaca.gob.mx\/wp-content\/uploads\/2022\/04\/Cuernavaca-y-UAEM-04-300x200.jpg 300w, https:\/\/cuernavaca.gob.mx\/wp-content\/uploads\/2022\/04\/Cuernavaca-y-UAEM-04-768x512.jpg 768w, https:\/\/cuernavaca.gob.mx\/wp-content\/uploads\/2022\/04\/Cuernavaca-y-UAEM-04-600x400.jpg 600w, https:\/\/cuernavaca.gob.mx\/wp-content\/uploads\/2022\/04\/Cuernavaca-y-UAEM-04-560x373.jpg 560w\" sizes=\"(max-width: 1024px) 100vw, 1024px\" \/><\/figure>\n\n\n\n<figure class=\"wp-block-image size-large\"><img loading=\"lazy\" width=\"1024\" height=\"575\" data-id=\"9951\"  src=\"https:\/\/cuernavaca.gob.mx\/wp-content\/uploads\/2022\/04\/Cuernavaca-y-UAEM-05.jpg\" alt=\"\" class=\"wp-image-9951\" srcset=\"https:\/\/cuernavaca.gob.mx\/wp-content\/uploads\/2022\/04\/Cuernavaca-y-UAEM-05.jpg 1024w, https:\/\/cuernavaca.gob.mx\/wp-content\/uploads\/2022\/04\/Cuernavaca-y-UAEM-05-300x168.jpg 300w, https:\/\/cuernavaca.gob.mx\/wp-content\/uploads\/2022\/04\/Cuernavaca-y-UAEM-05-768x431.jpg 768w, https:\/\/cuernavaca.gob.mx\/wp-content\/uploads\/2022\/04\/Cuernavaca-y-UAEM-05-600x337.jpg 600w, https:\/\/cuernavaca.gob.mx\/wp-content\/uploads\/2022\/04\/Cuernavaca-y-UAEM-05-560x314.jpg 560w\" sizes=\"(max-width: 1024px) 100vw, 1024px\" \/><\/figure>\n\n\n\n<figure class=\"wp-block-image size-large\"><img loading=\"lazy\" width=\"1024\" height=\"682\" data-id=\"9949\"  src=\"https:\/\/cuernavaca.gob.mx\/wp-content\/uploads\/2022\/04\/Cuernavaca-y-UAEM-06.jpg\" alt=\"\" class=\"wp-image-9949\" srcset=\"https:\/\/cuernavaca.gob.mx\/wp-content\/uploads\/2022\/04\/Cuernavaca-y-UAEM-06.jpg 1024w, https:\/\/cuernavaca.gob.mx\/wp-content\/uploads\/2022\/04\/Cuernavaca-y-UAEM-06-300x200.jpg 300w, https:\/\/cuernavaca.gob.mx\/wp-content\/uploads\/2022\/04\/Cuernavaca-y-UAEM-06-768x512.jpg 768w, https:\/\/cuernavaca.gob.mx\/wp-content\/uploads\/2022\/04\/Cuernavaca-y-UAEM-06-600x400.jpg 600w, https:\/\/cuernavaca.gob.mx\/wp-content\/uploads\/2022\/04\/Cuernavaca-y-UAEM-06-560x373.jpg 560w\" sizes=\"(max-width: 1024px) 100vw, 1024px\" \/><\/figure>\n\n\n\n<figure class=\"wp-block-image size-large\"><img loading=\"lazy\" width=\"1024\" height=\"682\" data-id=\"9953\"  src=\"https:\/\/cuernavaca.gob.mx\/wp-content\/uploads\/2022\/04\/Cuernavaca-y-UAEM-07.jpg\" alt=\"\" class=\"wp-image-9953\" srcset=\"https:\/\/cuernavaca.gob.mx\/wp-content\/uploads\/2022\/04\/Cuernavaca-y-UAEM-07.jpg 1024w, https:\/\/cuernavaca.gob.mx\/wp-content\/uploads\/2022\/04\/Cuernavaca-y-UAEM-07-300x200.jpg 300w, https:\/\/cuernavaca.gob.mx\/wp-content\/uploads\/2022\/04\/Cuernavaca-y-UAEM-07-768x512.jpg 768w, https:\/\/cuernavaca.gob.mx\/wp-content\/uploads\/2022\/04\/Cuernavaca-y-UAEM-07-600x400.jpg 600w, https:\/\/cuernavaca.gob.mx\/wp-content\/uploads\/2022\/04\/Cuernavaca-y-UAEM-07-560x373.jpg 560w\" sizes=\"(max-width: 1024px) 100vw, 1024px\" \/><\/figure>\n\n\n\n<figure class=\"wp-block-image size-large\"><img loading=\"lazy\" width=\"1024\" height=\"682\" data-id=\"9954\"  src=\"https:\/\/cuernavaca.gob.mx\/wp-content\/uploads\/2022\/04\/Cuernavaca-y-UAEM-08.jpg\" alt=\"\" class=\"wp-image-9954\" srcset=\"https:\/\/cuernavaca.gob.mx\/wp-content\/uploads\/2022\/04\/Cuernavaca-y-UAEM-08.jpg 1024w, https:\/\/cuernavaca.gob.mx\/wp-content\/uploads\/2022\/04\/Cuernavaca-y-UAEM-08-300x200.jpg 300w, https:\/\/cuernavaca.gob.mx\/wp-content\/uploads\/2022\/04\/Cuernavaca-y-UAEM-08-768x512.jpg 768w, https:\/\/cuernavaca.gob.mx\/wp-content\/uploads\/2022\/04\/Cuernavaca-y-UAEM-08-600x400.jpg 600w, https:\/\/cuernavaca.gob.mx\/wp-content\/uploads\/2022\/04\/Cuernavaca-y-UAEM-08-560x373.jpg 560w\" sizes=\"(max-width: 1024px) 100vw, 1024px\" \/><\/figure>\n\n\n\n<figure class=\"wp-block-image size-large\"><img loading=\"lazy\" width=\"1024\" height=\"682\" data-id=\"9955\"  src=\"https:\/\/cuernavaca.gob.mx\/wp-content\/uploads\/2022\/04\/Cuernavaca-y-UAEM-09.jpg\" alt=\"\" class=\"wp-image-9955\" srcset=\"https:\/\/cuernavaca.gob.mx\/wp-content\/uploads\/2022\/04\/Cuernavaca-y-UAEM-09.jpg 1024w, https:\/\/cuernavaca.gob.mx\/wp-content\/uploads\/2022\/04\/Cuernavaca-y-UAEM-09-300x200.jpg 300w, https:\/\/cuernavaca.gob.mx\/wp-content\/uploads\/2022\/04\/Cuernavaca-y-UAEM-09-768x512.jpg 768w, https:\/\/cuernavaca.gob.mx\/wp-content\/uploads\/2022\/04\/Cuernavaca-y-UAEM-09-600x400.jpg 600w, https:\/\/cuernavaca.gob.mx\/wp-content\/uploads\/2022\/04\/Cuernavaca-y-UAEM-09-560x373.jpg 560w\" sizes=\"(max-width: 1024px) 100vw, 1024px\" \/><\/figure>\n<\/figure>\n","protected":false},"excerpt":{"rendered":"<p>El presidente Jos\u00e9 Luis Uri\u00f3stegui y el rector de la UAEM, Gustavo Urquiza formalizan convenio de colaboraci\u00f3n general La firma del acuerdo fue validada y atestiguada por integrantes del Cabildo y autoridades de la m\u00e1xima casa de estudios Con el objetivo de vincular a la comunidad universitaria en tareas de la administraci\u00f3n p\u00fablica municipal y [&hellip;]<\/p>\n","protected":false},"author":1,"featured_media":9951,"comment_status":"closed","ping_status":"closed","sticky":false,"template":"","format":"standard","meta":[],"categories":[20],"tags":[158,121,536,120,266],"aioseo_notices":[],"_links":{"self":[{"href":"https:\/\/cuernavaca.gob.mx\/index.php?rest_route=\/wp\/v2\/posts\/9946"}],"collection":[{"href":"https:\/\/cuernavaca.gob.mx\/index.php?rest_route=\/wp\/v2\/posts"}],"about":[{"href":"https:\/\/cuernavaca.gob.mx\/index.php?rest_route=\/wp\/v2\/types\/post"}],"author":[{"embeddable":true,"href":"https:\/\/cuernavaca.gob.mx\/index.php?rest_route=\/wp\/v2\/users\/1"}],"replies":[{"embeddable":true,"href":"https:\/\/cuernavaca.gob.mx\/index.php?rest_route=%2Fwp%2Fv2%2Fcomments&post=9946"}],"version-history":[{"count":2,"href":"https:\/\/cuernavaca.gob.mx\/index.php?rest_route=\/wp\/v2\/posts\/9946\/revisions"}],"predecessor-version":[{"id":9957,"href":"https:\/\/cuernavaca.gob.mx\/index.php?rest_route=\/wp\/v2\/posts\/9946\/revisions\/9957"}],"wp:featuredmedia":[{"embeddable":true,"href":"https:\/\/cuernavaca.gob.mx\/index.php?rest_route=\/wp\/v2\/media\/9951"}],"wp:attachment":[{"href":"https:\/\/cuernavaca.gob.mx\/index.php?rest_route=%2Fwp%2Fv2%2Fmedia&parent=9946"}],"wp:term":[{"taxonomy":"category","embeddable":true,"href":"https:\/\/cuernavaca.gob.mx\/index.php?rest_route=%2Fwp%2Fv2%2Fcategories&post=9946"},{"taxonomy":"post_tag","embeddable":true,"href":"https:\/\/cuernavaca.gob.mx\/index.php?rest_route=%2Fwp%2Fv2%2Ftags&post=9946"}],"curies":[{"name":"wp","href":"https:\/\/api.w.org\/{rel}","templated":true}]}}